{"id":64754,"date":"2023-10-20T20:41:43","date_gmt":"2023-10-20T23:41:43","guid":{"rendered":"https:\/\/vocesparalelas.com.ar\/sitio\/?p=64754"},"modified":"2023-10-20T23:34:47","modified_gmt":"2023-10-21T02:34:47","slug":"el-consejo-provincial-de-la-diversidad-en-la-camara-de-diputados-de-san-juan","status":"publish","type":"post","link":"https:\/\/vocesparalelas.com.ar\/sitio\/el-consejo-provincial-de-la-diversidad-en-la-camara-de-diputados-de-san-juan\/","title":{"rendered":"El Consejo Provincial de la Diversidad en la C\u00e1mara de Diputados de San Juan"},"content":{"rendered":"<div class=\"itemFullText jbintrotext\">\n<p>El vicegobernador Roberto Gattoni recibi\u00f3 una comisi\u00f3n de integrantes del Consejo Provincial de la Diversidad, quienes concurrieron a plantear inquietudes inherentes a este colectivo de la sociedad, como tambi\u00e9n para anunciar la realizaci\u00f3n de la \u201cSemana de la Diversidad\u201d, que contempla diversas actividades y que ser\u00e1 cumplida entre el 6 y el 12 de Noviembre de 2023, en San Juan.<\/p>\n<\/div>\n<div class=\"itemFullText\">\n<p>El encuentro tuvo lugar en la sala de reuniones del cuarto piso del edificio Anexo de la C\u00e1mara de Diputados y en la ocasi\u00f3n, el vicegobernador Gattoni estuvo acompa\u00f1ado por el secretario Legislativo, Nicol\u00e1s Alvo y las diputadas Fernanda Paredes y Celina Ramella y el legislador Horacio Quiroga.<\/p>\n<p>En tanto que por el Consejo Provincial de la Diversidad concurrieron su presidente, Lautaro Castro; la vicepresidenta, Patricia L\u00f3pez y adem\u00e1s Juan Marc\u00f3, M\u00f3nica Lencina de la filial San Juan del Sindicato de Trabajadoras Sexuales (ammar); Eli\u00e1n S\u00e1nchez y Arabela Castro.<\/p>\n<p>Las elecciones donde fueron ungidas las actuales autoridades del Consejo Provincial de la Diversidad tuvieron lugar el pasado 25 de agosto del presente a\u00f1o y el motivo de la visita fue poner en contacto a sus representantes con las autoridades y diputados provinciales.<\/p>\n<p>En la oportunidad, Lautaro Castro, manifest\u00f3 que \u201cla provincia de San Juan ha tenido muchos avances en el \u00e1mbito de la salud, la educaci\u00f3n, en el activismo y en lo cultural y en cuanto a la reuni\u00f3n, nosotros entendemos que las leyes generan cultura y que los cambios culturales justamente vienen de estas miradas legislativas, pero tambi\u00e9n de c\u00f3mo la cultura impulsa, brega, insiste\u201d.<\/p>\n<p>Anunci\u00f3 adem\u00e1s el desarrollo de las actividades para la Semana de la Diversidad, a ejecutarse entre el 6 y el 12 de noviembre venideros y estamos en contacto con ustedes para poner en agenda cuestiones relacionadas con la diversidad\u201d.<\/p>\n<p>Por su parte, el vicegobernador Gattoni manifest\u00f3 que una de las premisas del gobierno provincial fue la de mantener los derechos adquiridos por los distintos sectores y en este sentido, aludi\u00f3 al compromiso asumido para la constituci\u00f3n del Comit\u00e9 Provincial para la prevenci\u00f3n de la tortura para lo que est\u00e1n trabajando en forma activa los legisladores provinciales.<\/p>\n<\/div>\n<figure id=\"attachment_37951\" aria-describedby=\"caption-attachment-37951\" style=\"width: 800px\" class=\"wp-caption alignnone\"><img loading=\"lazy\" decoding=\"async\" class=\"size-full wp-image-37951\" src=\"https:\/\/vocesparalelas.com.ar\/sitio\/wp-content\/uploads\/2021\/05\/CAMARA-EDIFICIO.jpg\" alt=\"\" width=\"800\" height=\"515\" srcset=\"https:\/\/vocesparalelas.com.ar\/sitio\/wp-content\/uploads\/2021\/05\/CAMARA-EDIFICIO.jpg 800w, https:\/\/vocesparalelas.com.ar\/sitio\/wp-content\/uploads\/2021\/05\/CAMARA-EDIFICIO-300x193.jpg 300w, https:\/\/vocesparalelas.com.ar\/sitio\/wp-content\/uploads\/2021\/05\/CAMARA-EDIFICIO-768x494.jpg 768w\" sizes=\"auto, (max-width: 800px) 100vw, 800px\" \/><figcaption id=\"caption-attachment-37951\" class=\"wp-caption-text\">Legislatura Provincial de San Juan<\/figcaption><\/figure>\n","protected":false},"excerpt":{"rendered":"<p>El vicegobernador Roberto Gattoni recibi\u00f3 una comisi\u00f3n de integrantes del Consejo Provincial de la Diversidad, quienes concurrieron a plantear inquietudes<\/p>\n","protected":false},"author":3,"featured_media":64757,"comment_status":"closed","ping_status":"closed","sticky":false,"template":"","format":"standard","meta":{"_acf_changed":false,"_seopress_robots_primary_cat":"none","_seopress_titles_title":"","_seopress_titles_desc":"","_seopress_robots_index":"","colormag_page_container_layout":"default_layout","colormag_page_sidebar_layout":"default_layout","footnotes":""},"categories":[1],"tags":[],"class_list":["post-64754","post","type-post","status-publish","format-standard","has-post-thumbnail","hentry","category-destacadas"],"acf":[],"_links":{"self":[{"href":"https:\/\/vocesparalelas.com.ar\/sitio\/wp-json\/wp\/v2\/posts\/64754","targetHints":{"allow":["GET"]}}],"collection":[{"href":"https:\/\/vocesparalelas.com.ar\/sitio\/wp-json\/wp\/v2\/posts"}],"about":[{"href":"https:\/\/vocesparalelas.com.ar\/sitio\/wp-json\/wp\/v2\/types\/post"}],"author":[{"embeddable":true,"href":"https:\/\/vocesparalelas.com.ar\/sitio\/wp-json\/wp\/v2\/users\/3"}],"replies":[{"embeddable":true,"href":"https:\/\/vocesparalelas.com.ar\/sitio\/wp-json\/wp\/v2\/comments?post=64754"}],"version-history":[{"count":1,"href":"https:\/\/vocesparalelas.com.ar\/sitio\/wp-json\/wp\/v2\/posts\/64754\/revisions"}],"predecessor-version":[{"id":64758,"href":"https:\/\/vocesparalelas.com.ar\/sitio\/wp-json\/wp\/v2\/posts\/64754\/revisions\/64758"}],"wp:featuredmedia":[{"embeddable":true,"href":"https:\/\/vocesparalelas.com.ar\/sitio\/wp-json\/wp\/v2\/media\/64757"}],"wp:attachment":[{"href":"https:\/\/vocesparalelas.com.ar\/sitio\/wp-json\/wp\/v2\/media?parent=64754"}],"wp:term":[{"taxonomy":"category","embeddable":true,"href":"https:\/\/vocesparalelas.com.ar\/sitio\/wp-json\/wp\/v2\/categories?post=64754"},{"taxonomy":"post_tag","embeddable":true,"href":"https:\/\/vocesparalelas.com.ar\/sitio\/wp-json\/wp\/v2\/tags?post=64754"}],"curies":[{"name":"wp","href":"https:\/\/api.w.org\/{rel}","templated":true}]}}