{"id":64749,"date":"2023-10-20T18:34:57","date_gmt":"2023-10-20T21:34:57","guid":{"rendered":"https:\/\/vocesparalelas.com.ar\/sitio\/?p=64749"},"modified":"2023-10-26T01:19:39","modified_gmt":"2023-10-26T04:19:39","slug":"grupo-percusion-valparaiso-republica-de-chile-en-el-auditorio-ing-juan-victoria-de-san-juan","status":"publish","type":"post","link":"https:\/\/vocesparalelas.com.ar\/sitio\/grupo-percusion-valparaiso-republica-de-chile-en-el-auditorio-ing-juan-victoria-de-san-juan\/","title":{"rendered":"Grupo \u00abPercusi\u00f3n Valpara\u00edso\u00bb, Rep\u00fablica de Chile, en el Auditorio Ing. Juan Victoria de San Juan"},"content":{"rendered":"<p>El Mi\u00e9rcoles, 25 de Octubre, a las 21 hs.; en el Auditorio Ing. Juan Victoria se desarrolla el gran cierre con presentaci\u00f3n en el marco del 1\u00b0 Festival Internacional de M\u00fasica de C\u00e1mara 2023, con el Grupo Percusi\u00f3n Valpara\u00edso, Rep\u00fablica de Chile, bajo la direcci\u00f3n del M\u00b0 Nicol\u00e1s Yaeger Moreno. La entrada es libre y gratuita.<\/p>\n<figure id=\"attachment_64730\" aria-describedby=\"caption-attachment-64730\" style=\"width: 800px\" class=\"wp-caption alignnone\"><img loading=\"lazy\" decoding=\"async\" class=\"size-full wp-image-64730\" src=\"https:\/\/vocesparalelas.com.ar\/sitio\/wp-content\/uploads\/2023\/10\/GRUPO-PERCUSION-VALPARAISO-01.jpg\" alt=\"\" width=\"800\" height=\"533\" srcset=\"https:\/\/vocesparalelas.com.ar\/sitio\/wp-content\/uploads\/2023\/10\/GRUPO-PERCUSION-VALPARAISO-01.jpg 800w, https:\/\/vocesparalelas.com.ar\/sitio\/wp-content\/uploads\/2023\/10\/GRUPO-PERCUSION-VALPARAISO-01-300x200.jpg 300w, https:\/\/vocesparalelas.com.ar\/sitio\/wp-content\/uploads\/2023\/10\/GRUPO-PERCUSION-VALPARAISO-01-768x512.jpg 768w\" sizes=\"auto, (max-width: 800px) 100vw, 800px\" \/><figcaption id=\"caption-attachment-64730\" class=\"wp-caption-text\">Grupo Percusi\u00f3n Valpara\u00edso, Rep\u00fablica de Chile, M\u00fasicos Carlos Pe\u00f1aloza Quinteros, \u00c1ngelo Osorio Inostroza, Javier Monge Sandoval, Leonardo Cortes Calder\u00f3n, bajo la Direcci\u00f3n del M\u00b0 Nicol\u00e1s Yaeger Moreno<\/figcaption><\/figure>\n<p>Por ello, Voces Paralelas desarroll\u00f3 una entrevista period\u00edstica al integrante del Centro de Creaci\u00f3n Art\u00edstica Orquestal de la FFHA de la UNSJ, Prof. Pablo Blanco, quien describi\u00f3 el nuevo desaf\u00edo musical y cierre del 1\u00b0 Festival Internacional de M\u00fasica de C\u00e1mara 2023, con el Grupo Percusi\u00f3n Valpara\u00edso, Rep\u00fablica de Chile, bajo la direcci\u00f3n del M\u00b0 Nicol\u00e1s Yaeger Moreno.<\/p>\n<p><iframe loading=\"lazy\" title=\"FFHA UNSJ PROF PABLO BLANCO\" width=\"800\" height=\"450\" src=\"https:\/\/www.youtube.com\/embed\/H0nDBaHe6Yk?feature=oembed\" frameborder=\"0\" allow=\"accelerometer; autoplay; clipboard-write; encrypted-media; gyroscope; picture-in-picture; web-share\" allowfullscreen><\/iframe><\/p>\n<p>&nbsp;<\/p>\n<p><strong><span style=\"color: #339966;\">Programa<\/span><\/strong><\/p>\n<ul>\n<li>Suite Recoleta, Jaime Vivanco*<\/li>\n<li>Las Sequedades del Desierto, Marcelo Esp\u00edndola<\/li>\n<li>Descalza, Romina Urra<\/li>\n<li>Alzheimer, Marcela Mahaluf<\/li>\n<li>Deja que Brille, Camila Leal<\/li>\n<li>Run Run, Violeta Parra<\/li>\n<li>La Partida, V\u00edctor Jara<\/li>\n<li>Mercado Testaccio, Horacio Salinas<\/li>\n<li>Suite Cuequera, Guillermo Rifo, arreglo Carlos Vera.<\/li>\n<li>Array\u00e1n<\/li>\n<\/ul>\n<p>-Tonada para un ni\u00f1o triste<\/p>\n<p>-Santiago en 20 horas<\/p>\n<p>-Cueca del Cerro<\/p>\n<p>Arreglos de Marcelo Esp\u00edndola<\/p>\n<figure id=\"attachment_64731\" aria-describedby=\"caption-attachment-64731\" style=\"width: 800px\" class=\"wp-caption alignnone\"><img loading=\"lazy\" decoding=\"async\" class=\"size-full wp-image-64731\" src=\"https:\/\/vocesparalelas.com.ar\/sitio\/wp-content\/uploads\/2023\/10\/GRUPO-PERCUSION-VALPARAISO-02.jpg\" alt=\"\" width=\"800\" height=\"533\" srcset=\"https:\/\/vocesparalelas.com.ar\/sitio\/wp-content\/uploads\/2023\/10\/GRUPO-PERCUSION-VALPARAISO-02.jpg 800w, https:\/\/vocesparalelas.com.ar\/sitio\/wp-content\/uploads\/2023\/10\/GRUPO-PERCUSION-VALPARAISO-02-300x200.jpg 300w, https:\/\/vocesparalelas.com.ar\/sitio\/wp-content\/uploads\/2023\/10\/GRUPO-PERCUSION-VALPARAISO-02-768x512.jpg 768w\" sizes=\"auto, (max-width: 800px) 100vw, 800px\" \/><figcaption id=\"caption-attachment-64731\" class=\"wp-caption-text\">Grupo Percusi\u00f3n Valpara\u00edso, Rep\u00fablica de Chile, M\u00fasicos Carlos Pe\u00f1aloza Quinteros, \u00c1ngelo Osorio Inostroza, Javier Monge Sandoval, Leonardo Cortes Calder\u00f3n, bajo la Direcci\u00f3n del M\u00b0 Nicol\u00e1s Yaeger Moreno<\/figcaption><\/figure>\n<p>&nbsp;<\/p>\n<p><iframe loading=\"lazy\" title=\"Desde el Estudio\" width=\"800\" height=\"450\" src=\"https:\/\/www.youtube.com\/embed\/9YVkFw3YpDY?feature=oembed\" frameborder=\"0\" allow=\"accelerometer; autoplay; clipboard-write; encrypted-media; gyroscope; picture-in-picture; web-share\" allowfullscreen><\/iframe><\/p>\n<p>&nbsp;<\/p>\n<p><img loading=\"lazy\" decoding=\"async\" class=\"alignnone size-full wp-image-64752\" src=\"https:\/\/vocesparalelas.com.ar\/sitio\/wp-content\/uploads\/2023\/10\/CONCIERTO-PERCUSION.jpg\" alt=\"\" width=\"800\" height=\"800\" srcset=\"https:\/\/vocesparalelas.com.ar\/sitio\/wp-content\/uploads\/2023\/10\/CONCIERTO-PERCUSION.jpg 800w, https:\/\/vocesparalelas.com.ar\/sitio\/wp-content\/uploads\/2023\/10\/CONCIERTO-PERCUSION-300x300.jpg 300w, https:\/\/vocesparalelas.com.ar\/sitio\/wp-content\/uploads\/2023\/10\/CONCIERTO-PERCUSION-150x150.jpg 150w, https:\/\/vocesparalelas.com.ar\/sitio\/wp-content\/uploads\/2023\/10\/CONCIERTO-PERCUSION-768x768.jpg 768w\" sizes=\"auto, (max-width: 800px) 100vw, 800px\" \/><\/p>\n<p>&nbsp;<\/p>\n<p><img loading=\"lazy\" decoding=\"async\" class=\"alignnone size-full wp-image-61468\" src=\"https:\/\/vocesparalelas.com.ar\/sitio\/wp-content\/uploads\/2023\/07\/AUDITORIO-EDIFICIO.jpg\" alt=\"\" width=\"800\" height=\"533\" srcset=\"https:\/\/vocesparalelas.com.ar\/sitio\/wp-content\/uploads\/2023\/07\/AUDITORIO-EDIFICIO.jpg 800w, https:\/\/vocesparalelas.com.ar\/sitio\/wp-content\/uploads\/2023\/07\/AUDITORIO-EDIFICIO-300x200.jpg 300w, https:\/\/vocesparalelas.com.ar\/sitio\/wp-content\/uploads\/2023\/07\/AUDITORIO-EDIFICIO-768x512.jpg 768w\" sizes=\"auto, (max-width: 800px) 100vw, 800px\" \/><\/p>\n<p>&nbsp;<\/p>\n<p>&nbsp;<\/p>\n","protected":false},"excerpt":{"rendered":"<p>El Mi\u00e9rcoles, 25 de Octubre, a las 21 hs.; en el Auditorio Ing. Juan Victoria se desarrolla el gran cierre<\/p>\n","protected":false},"author":3,"featured_media":64720,"comment_status":"closed","ping_status":"closed","sticky":false,"template":"","format":"standard","meta":{"_acf_changed":false,"_seopress_robots_primary_cat":"none","_seopress_titles_title":"","_seopress_titles_desc":"","_seopress_robots_index":"","colormag_page_container_layout":"default_layout","colormag_page_sidebar_layout":"default_layout","footnotes":""},"categories":[1,7],"tags":[],"class_list":["post-64749","post","type-post","status-publish","format-standard","has-post-thumbnail","hentry","category-destacadas","category-videos"],"acf":[],"_links":{"self":[{"href":"https:\/\/vocesparalelas.com.ar\/sitio\/wp-json\/wp\/v2\/posts\/64749","targetHints":{"allow":["GET"]}}],"collection":[{"href":"https:\/\/vocesparalelas.com.ar\/sitio\/wp-json\/wp\/v2\/posts"}],"about":[{"href":"https:\/\/vocesparalelas.com.ar\/sitio\/wp-json\/wp\/v2\/types\/post"}],"author":[{"embeddable":true,"href":"https:\/\/vocesparalelas.com.ar\/sitio\/wp-json\/wp\/v2\/users\/3"}],"replies":[{"embeddable":true,"href":"https:\/\/vocesparalelas.com.ar\/sitio\/wp-json\/wp\/v2\/comments?post=64749"}],"version-history":[{"count":3,"href":"https:\/\/vocesparalelas.com.ar\/sitio\/wp-json\/wp\/v2\/posts\/64749\/revisions"}],"predecessor-version":[{"id":64774,"href":"https:\/\/vocesparalelas.com.ar\/sitio\/wp-json\/wp\/v2\/posts\/64749\/revisions\/64774"}],"wp:featuredmedia":[{"embeddable":true,"href":"https:\/\/vocesparalelas.com.ar\/sitio\/wp-json\/wp\/v2\/media\/64720"}],"wp:attachment":[{"href":"https:\/\/vocesparalelas.com.ar\/sitio\/wp-json\/wp\/v2\/media?parent=64749"}],"wp:term":[{"taxonomy":"category","embeddable":true,"href":"https:\/\/vocesparalelas.com.ar\/sitio\/wp-json\/wp\/v2\/categories?post=64749"},{"taxonomy":"post_tag","embeddable":true,"href":"https:\/\/vocesparalelas.com.ar\/sitio\/wp-json\/wp\/v2\/tags?post=64749"}],"curies":[{"name":"wp","href":"https:\/\/api.w.org\/{rel}","templated":true}]}}