{"id":64745,"date":"2023-10-20T19:49:06","date_gmt":"2023-10-20T22:49:06","guid":{"rendered":"https:\/\/vocesparalelas.com.ar\/sitio\/?p=64745"},"modified":"2023-10-20T19:49:06","modified_gmt":"2023-10-20T22:49:06","slug":"despliegue-de-seguridad-en-las-elecciones-nacionales-2023-en-san-juan","status":"publish","type":"post","link":"https:\/\/vocesparalelas.com.ar\/sitio\/despliegue-de-seguridad-en-las-elecciones-nacionales-2023-en-san-juan\/","title":{"rendered":"Despliegue de Seguridad en las Elecciones Nacionales 2023 en San Juan"},"content":{"rendered":"<p>El Comando del Distrito Electoral \u201cSan Juan\u201d, conduce la custodia y seguridad de las Elecciones Nacionales 2023 en la provincia.<\/p>\n<p>Las actividades comienzan con el despliegue y ocupaci\u00f3n de locales electorales, en la ma\u00f1ana del S\u00e1bado, 21 de Octubre, hasta la finalizaci\u00f3n del escrutinio definitivo de los votos emitidos en la provincia. La finalidad del trabajo de las tropas dependientes del Comando Electoral es asegurar el normal desenvolvimiento del acto eleccionario.<\/p>\n<p><img loading=\"lazy\" decoding=\"async\" class=\"alignnone size-full wp-image-59069\" src=\"https:\/\/vocesparalelas.com.ar\/sitio\/wp-content\/uploads\/2023\/05\/ELECCIONES-03.jpg\" alt=\"\" width=\"800\" height=\"533\" srcset=\"https:\/\/vocesparalelas.com.ar\/sitio\/wp-content\/uploads\/2023\/05\/ELECCIONES-03.jpg 800w, https:\/\/vocesparalelas.com.ar\/sitio\/wp-content\/uploads\/2023\/05\/ELECCIONES-03-300x200.jpg 300w, https:\/\/vocesparalelas.com.ar\/sitio\/wp-content\/uploads\/2023\/05\/ELECCIONES-03-768x512.jpg 768w\" sizes=\"auto, (max-width: 800px) 100vw, 800px\" \/><\/p>\n<p>Para la Custodia y Seguridad del Acto Comicial se encuentra desplegado personal del Ej\u00e9rcito Argentino, Gendarmer\u00eda Nacional Argentina, Policial Federal Argentina y Polic\u00eda de la Provincia de San Juan.<\/p>\n<p>La Seguridad externa de los locales de votaci\u00f3n se encuentra a cargo de la Polic\u00eda de la provincia de San Juan, en tanto que en el interior est\u00e1 a cargo de personal del Ej\u00e9rcito Argentino y Gendarmer\u00eda Nacional Argentina. La Polic\u00eda Federal Argentina brinda la seguridad interior al Lugar de Escrutinio Definitivo y Centro de Gesti\u00f3n de Datos.<\/p>\n<p><img loading=\"lazy\" decoding=\"async\" class=\"alignnone size-full wp-image-59057\" src=\"https:\/\/vocesparalelas.com.ar\/sitio\/wp-content\/uploads\/2023\/05\/ELECCIONES-01.jpg\" alt=\"\" width=\"800\" height=\"533\" srcset=\"https:\/\/vocesparalelas.com.ar\/sitio\/wp-content\/uploads\/2023\/05\/ELECCIONES-01.jpg 800w, https:\/\/vocesparalelas.com.ar\/sitio\/wp-content\/uploads\/2023\/05\/ELECCIONES-01-300x200.jpg 300w, https:\/\/vocesparalelas.com.ar\/sitio\/wp-content\/uploads\/2023\/05\/ELECCIONES-01-768x512.jpg 768w\" sizes=\"auto, (max-width: 800px) 100vw, 800px\" \/><\/p>\n<p>A su vez el Comando Electoral est\u00e1 integrado por personal de las distintas fuerzas participantes y durante el d\u00eda de elecciones monitorea lo que acontece en los locales de votaci\u00f3n desde el punto de vista del acto eleccionario y de la seguridad.<\/p>\n<p>Para cualquier otra informaci\u00f3n dirigirse al Comando del Distrito Electoral \u201cSan Juan\u201d, con asiento en el RIM 22, en la Localidad de Marquesado, Departamento Rivadavia.<\/p>\n<p><img loading=\"lazy\" decoding=\"async\" class=\"alignnone size-full wp-image-54801\" src=\"https:\/\/vocesparalelas.com.ar\/sitio\/wp-content\/uploads\/2022\/11\/RIM-22-LOGO.jpg\" alt=\"\" width=\"800\" height=\"600\" srcset=\"https:\/\/vocesparalelas.com.ar\/sitio\/wp-content\/uploads\/2022\/11\/RIM-22-LOGO.jpg 800w, https:\/\/vocesparalelas.com.ar\/sitio\/wp-content\/uploads\/2022\/11\/RIM-22-LOGO-300x225.jpg 300w, https:\/\/vocesparalelas.com.ar\/sitio\/wp-content\/uploads\/2022\/11\/RIM-22-LOGO-768x576.jpg 768w\" sizes=\"auto, (max-width: 800px) 100vw, 800px\" \/><\/p>\n<p><strong><span style=\"color: #339966;\">Datos a tener en cuenta<\/span><\/strong><\/p>\n<ul>\n<li>Electores: 608.535<\/li>\n<li>Mesas: 1.810<\/li>\n<li>Circuitos: 145<\/li>\n<li>Secciones: 19<\/li>\n<\/ul>\n<p><strong><span style=\"color: #339966;\">Lugares de Votaci\u00f3n<\/span><\/strong><\/p>\n<ul>\n<li>Escuelas: 235<\/li>\n<li>Servicio Penitenciario U \u2013 1: 1<\/li>\n<\/ul>\n<p><strong><span style=\"color: #339966;\">Personal afectado a la Seguridad m\u00e1s de 1260 efectivos pertenecientes a<\/span><\/strong><\/p>\n<ul>\n<li>Ej\u00e9rcito Argentino<\/li>\n<li>Gendarmer\u00eda Nacional<\/li>\n<li>Polic\u00eda Federal Argentina<\/li>\n<li>Polic\u00eda de SAN JUAN<\/li>\n<li>Polic\u00eda Seguridad Aeroportuaria<\/li>\n<\/ul>\n<p><img loading=\"lazy\" decoding=\"async\" class=\"alignnone size-full wp-image-62187\" src=\"https:\/\/vocesparalelas.com.ar\/sitio\/wp-content\/uploads\/2023\/08\/RIM-22-01.jpg\" alt=\"\" width=\"800\" height=\"369\" srcset=\"https:\/\/vocesparalelas.com.ar\/sitio\/wp-content\/uploads\/2023\/08\/RIM-22-01.jpg 800w, https:\/\/vocesparalelas.com.ar\/sitio\/wp-content\/uploads\/2023\/08\/RIM-22-01-300x138.jpg 300w, https:\/\/vocesparalelas.com.ar\/sitio\/wp-content\/uploads\/2023\/08\/RIM-22-01-768x354.jpg 768w\" sizes=\"auto, (max-width: 800px) 100vw, 800px\" \/><\/p>\n","protected":false},"excerpt":{"rendered":"<p>El Comando del Distrito Electoral \u201cSan Juan\u201d, conduce la custodia y seguridad de las Elecciones Nacionales 2023 en la provincia.<\/p>\n","protected":false},"author":3,"featured_media":62230,"comment_status":"closed","ping_status":"closed","sticky":false,"template":"","format":"standard","meta":{"_acf_changed":false,"_seopress_robots_primary_cat":"none","_seopress_titles_title":"","_seopress_titles_desc":"","_seopress_robots_index":"","colormag_page_container_layout":"default_layout","colormag_page_sidebar_layout":"default_layout","footnotes":""},"categories":[1],"tags":[],"class_list":["post-64745","post","type-post","status-publish","format-standard","has-post-thumbnail","hentry","category-destacadas"],"acf":[],"_links":{"self":[{"href":"https:\/\/vocesparalelas.com.ar\/sitio\/wp-json\/wp\/v2\/posts\/64745","targetHints":{"allow":["GET"]}}],"collection":[{"href":"https:\/\/vocesparalelas.com.ar\/sitio\/wp-json\/wp\/v2\/posts"}],"about":[{"href":"https:\/\/vocesparalelas.com.ar\/sitio\/wp-json\/wp\/v2\/types\/post"}],"author":[{"embeddable":true,"href":"https:\/\/vocesparalelas.com.ar\/sitio\/wp-json\/wp\/v2\/users\/3"}],"replies":[{"embeddable":true,"href":"https:\/\/vocesparalelas.com.ar\/sitio\/wp-json\/wp\/v2\/comments?post=64745"}],"version-history":[{"count":1,"href":"https:\/\/vocesparalelas.com.ar\/sitio\/wp-json\/wp\/v2\/posts\/64745\/revisions"}],"predecessor-version":[{"id":64748,"href":"https:\/\/vocesparalelas.com.ar\/sitio\/wp-json\/wp\/v2\/posts\/64745\/revisions\/64748"}],"wp:featuredmedia":[{"embeddable":true,"href":"https:\/\/vocesparalelas.com.ar\/sitio\/wp-json\/wp\/v2\/media\/62230"}],"wp:attachment":[{"href":"https:\/\/vocesparalelas.com.ar\/sitio\/wp-json\/wp\/v2\/media?parent=64745"}],"wp:term":[{"taxonomy":"category","embeddable":true,"href":"https:\/\/vocesparalelas.com.ar\/sitio\/wp-json\/wp\/v2\/categories?post=64745"},{"taxonomy":"post_tag","embeddable":true,"href":"https:\/\/vocesparalelas.com.ar\/sitio\/wp-json\/wp\/v2\/tags?post=64745"}],"curies":[{"name":"wp","href":"https:\/\/api.w.org\/{rel}","templated":true}]}}