{"id":64741,"date":"2023-10-20T19:27:56","date_gmt":"2023-10-20T22:27:56","guid":{"rendered":"https:\/\/vocesparalelas.com.ar\/sitio\/?p=64741"},"modified":"2023-10-20T19:27:56","modified_gmt":"2023-10-20T22:27:56","slug":"funcionamiento-de-las-escuelas-de-san-juan-en-las-elecciones-2023","status":"publish","type":"post","link":"https:\/\/vocesparalelas.com.ar\/sitio\/funcionamiento-de-las-escuelas-de-san-juan-en-las-elecciones-2023\/","title":{"rendered":"Funcionamiento de las Escuelas de San Juan en las Elecciones 2023"},"content":{"rendered":"<p>El Ministerio de Educaci\u00f3n del Gobierno de San Juan informa que en las escuelas, donde los ciudadanos votan el Domingo, 22 de Octubre, no hay actividad escolar el Viernes, 20 de Octubre, en los turnos tarde desde las 17:30 horas, vespertino y noche, para cumplir con la log\u00edstica de aseo, empapelado y acondicionamiento de las aulas que har\u00e1n de cuarto oscuro.<\/p>\n<p>Tampoco, hay actividad escolar el Lunes, 23 de Octubre en la ma\u00f1ana s\u00f3lo en los establecimientos escolares afectados a los comicios.<\/p>\n<p>La Justicia Electora Federal afect\u00f3 237 establecimientos educativos, habilitando 1810 mesas para las elecciones Generales.<\/p>\n<p><span style=\"color: #008000;\"><strong>Instituci\u00f3n afectada al acto eleccionario<\/strong><\/span><\/p>\n<p>Entrega de urnas S\u00e1bado 21 de Octubre, de 8 a 13, por parte de Correo Argentino.<\/p>\n<p>Responsable de recepci\u00f3n: director o persona designada con la autorizaci\u00f3n correspondiente para tal fin. Recepcionadas las urnas en la instituci\u00f3n quedan en resguardo y bajo la responsabilidad del Comando General Electoral (Polic\u00eda de San Juan, Gendarmer\u00eda, Ej\u00e9rcito etc.)<\/p>\n<p><strong><span style=\"color: #008000;\">Domingo, 22 de Octubre<\/span><\/strong><\/p>\n<ul>\n<li>Responsable de apertura y cierre del establecimiento: directivo a cargo.<\/li>\n<li>Horario de apertura, a las 7 hs.<\/li>\n<li>Cierre: el directivo debe acordar y comunicarse con autoridad a cargo para realizar el cierre del establecimiento educativo.<\/li>\n<\/ul>\n<p><span style=\"color: #008000;\"><strong>Funciones de la autoridad a cargo de la escuela<\/strong><\/span><\/p>\n<p>Recepcionar y coordinar las acciones con el agente del Comando Electoral a cargo del acto eleccionario en la instituci\u00f3n. Los responsables instruir\u00e1n a su personal para el control y orden de ingreso de votantes, cuidado del orden dentro del establecimiento escolar.<\/p>\n<p>La persona designada por el Comando General Electoral, estar\u00e1 en contacto con el director del establecimiento educativo y tendr\u00e1 como funci\u00f3n espec\u00edfica la custodia y seguridad del edificio escolar. La\/s autoridad\/es de la instituci\u00f3n educativa estar\u00e1n a cargo de la apertura y cierre de la escuela, coordinando en forma conjunta el modo y horarios de su realizaci\u00f3n, previo acuerdo con el Comando Electoral.<\/p>\n<p><span style=\"color: #008000;\"><strong>Acondicionamiento de instituciones educativas<\/strong><\/span><\/p>\n<p>Cabe consignar que el Ministerio de Educaci\u00f3n entrega a los directores de las escuelas donde se vota, los kits para empapelar las aulas, que ser\u00e1n cuartos oscuros, el 19 y 20 de octubre , en horario de 8 a 16\u00a0en el edificio del Dep\u00f3sito Central del Ministerio de Educaci\u00f3n (9 de Julio y lateral de Av. de Circunvalaci\u00f3n).<\/p>\n<p><span style=\"color: #008000;\"><strong>Funci\u00f3n personal de Servicios Generales<\/strong><\/span><\/p>\n<p>El personal de Servicios Generales, porteros o maestranzas, deben adecuar correctamente las aulas que ser\u00e1n utilizadas como cuarto oscuro con el material entregado por el ministerio. Las autoridades escolares y personal general, tienen que corroborar el cumplimiento al decreto 2135 del C\u00f3digo Electoral que establece la prohibici\u00f3n de carteles, insignias, pintadas o im\u00e1genes pol\u00edticas en el edificio.<\/p>\n<p>El director del establecimiento escolar como responsable de la instituci\u00f3n deber\u00e1 coordinar el personal de Servicios Generales en grupo\/s de asistencia, designando un responsable en turno ma\u00f1ana y tarde para el cumplimiento de la limpieza y desinfecci\u00f3n de ba\u00f1os, cocinas, espacios comunes, cuarto oscuro, superficies, picaportes y pisos.<\/p>\n<p>El personal de Servicios Generales, afectado a tareas ser\u00e1 compensado con dos jornadas laborales de descanso de forma que no interfiera con el normal desarrollo de las actividades diarias en la escuela donde se desempe\u00f1a.<\/p>\n<p>Se recuerda a la comunidad cuidar la higiene y las instalaciones educativas. Y el lunes 23 de octubre en la ma\u00f1ana en los establecimientos afectados a los comicios no tendr\u00e1n actividad.<\/p>\n","protected":false},"excerpt":{"rendered":"<p>El Ministerio de Educaci\u00f3n del Gobierno de San Juan informa que en las escuelas, donde los ciudadanos votan el Domingo,<\/p>\n","protected":false},"author":3,"featured_media":59069,"comment_status":"closed","ping_status":"closed","sticky":false,"template":"","format":"standard","meta":{"_acf_changed":false,"_seopress_robots_primary_cat":"none","_seopress_titles_title":"","_seopress_titles_desc":"","_seopress_robots_index":"","colormag_page_container_layout":"default_layout","colormag_page_sidebar_layout":"default_layout","footnotes":""},"categories":[1],"tags":[],"class_list":["post-64741","post","type-post","status-publish","format-standard","has-post-thumbnail","hentry","category-destacadas"],"acf":[],"_links":{"self":[{"href":"https:\/\/vocesparalelas.com.ar\/sitio\/wp-json\/wp\/v2\/posts\/64741","targetHints":{"allow":["GET"]}}],"collection":[{"href":"https:\/\/vocesparalelas.com.ar\/sitio\/wp-json\/wp\/v2\/posts"}],"about":[{"href":"https:\/\/vocesparalelas.com.ar\/sitio\/wp-json\/wp\/v2\/types\/post"}],"author":[{"embeddable":true,"href":"https:\/\/vocesparalelas.com.ar\/sitio\/wp-json\/wp\/v2\/users\/3"}],"replies":[{"embeddable":true,"href":"https:\/\/vocesparalelas.com.ar\/sitio\/wp-json\/wp\/v2\/comments?post=64741"}],"version-history":[{"count":1,"href":"https:\/\/vocesparalelas.com.ar\/sitio\/wp-json\/wp\/v2\/posts\/64741\/revisions"}],"predecessor-version":[{"id":64744,"href":"https:\/\/vocesparalelas.com.ar\/sitio\/wp-json\/wp\/v2\/posts\/64741\/revisions\/64744"}],"wp:featuredmedia":[{"embeddable":true,"href":"https:\/\/vocesparalelas.com.ar\/sitio\/wp-json\/wp\/v2\/media\/59069"}],"wp:attachment":[{"href":"https:\/\/vocesparalelas.com.ar\/sitio\/wp-json\/wp\/v2\/media?parent=64741"}],"wp:term":[{"taxonomy":"category","embeddable":true,"href":"https:\/\/vocesparalelas.com.ar\/sitio\/wp-json\/wp\/v2\/categories?post=64741"},{"taxonomy":"post_tag","embeddable":true,"href":"https:\/\/vocesparalelas.com.ar\/sitio\/wp-json\/wp\/v2\/tags?post=64741"}],"curies":[{"name":"wp","href":"https:\/\/api.w.org\/{rel}","templated":true}]}}