{"id":64737,"date":"2023-10-20T19:06:04","date_gmt":"2023-10-20T22:06:04","guid":{"rendered":"https:\/\/vocesparalelas.com.ar\/sitio\/?p=64737"},"modified":"2023-10-22T23:47:28","modified_gmt":"2023-10-23T02:47:28","slug":"dia-del-empleado-municipal-en-rivadavia-2","status":"publish","type":"post","link":"https:\/\/vocesparalelas.com.ar\/sitio\/dia-del-empleado-municipal-en-rivadavia-2\/","title":{"rendered":"D\u00eda del Empleado Municipal en Rivadavia"},"content":{"rendered":"<p>La Municipalidad de Rivadavia informa que el Lunes, 23 de Octubre, es Asueto por el D\u00eda del Empleado Municipal.<\/p>\n<p><strong><span style=\"color: #0000ff;\">Funcionamiento de Servicios\u00a0<\/span><\/strong><\/p>\n<ul>\n<li>Recolecci\u00f3n de Residuos: se realizar\u00e1 en los horarios habituales<\/li>\n<li>Recolecci\u00f3n del verde: guardia m\u00ednima No habr\u00e1 atenci\u00f3n al p\u00fablico en el Edificio Municipal y sus dependencias<\/li>\n<li>Por emergencia comunicarse al WhatsApp 2644435809<\/li>\n<\/ul>\n<p>&nbsp;<\/p>\n<p><iframe loading=\"lazy\" title=\"BANDERA ARGENTINA\" width=\"800\" height=\"450\" src=\"https:\/\/www.youtube.com\/embed\/jC1E4mf1WGw?feature=oembed\" frameborder=\"0\" allow=\"accelerometer; autoplay; clipboard-write; encrypted-media; gyroscope; picture-in-picture; web-share\" allowfullscreen><\/iframe><\/p>\n<p><img loading=\"lazy\" decoding=\"async\" class=\"alignnone size-large wp-image-42675\" src=\"https:\/\/vocesparalelas.com.ar\/sitio\/wp-content\/uploads\/2021\/10\/RIVADAVIA-LOGO-800x600.jpg\" alt=\"\" width=\"800\" height=\"600\" srcset=\"https:\/\/vocesparalelas.com.ar\/sitio\/wp-content\/uploads\/2021\/10\/RIVADAVIA-LOGO-800x600.jpg 800w, https:\/\/vocesparalelas.com.ar\/sitio\/wp-content\/uploads\/2021\/10\/RIVADAVIA-LOGO-300x225.jpg 300w, https:\/\/vocesparalelas.com.ar\/sitio\/wp-content\/uploads\/2021\/10\/RIVADAVIA-LOGO-768x576.jpg 768w, https:\/\/vocesparalelas.com.ar\/sitio\/wp-content\/uploads\/2021\/10\/RIVADAVIA-LOGO.jpg 1024w\" sizes=\"auto, (max-width: 800px) 100vw, 800px\" \/><\/p>\n","protected":false},"excerpt":{"rendered":"<p>La Municipalidad de Rivadavia informa que el Lunes, 23 de Octubre, es Asueto por el D\u00eda del Empleado Municipal. Funcionamiento<\/p>\n","protected":false},"author":3,"featured_media":1868,"comment_status":"closed","ping_status":"closed","sticky":false,"template":"","format":"standard","meta":{"_acf_changed":false,"_seopress_robots_primary_cat":"none","_seopress_titles_title":"","_seopress_titles_desc":"","_seopress_robots_index":"","colormag_page_container_layout":"default_layout","colormag_page_sidebar_layout":"default_layout","footnotes":""},"categories":[6,7],"tags":[],"class_list":["post-64737","post","type-post","status-publish","format-standard","has-post-thumbnail","hentry","category-eventos","category-videos"],"acf":[],"_links":{"self":[{"href":"https:\/\/vocesparalelas.com.ar\/sitio\/wp-json\/wp\/v2\/posts\/64737","targetHints":{"allow":["GET"]}}],"collection":[{"href":"https:\/\/vocesparalelas.com.ar\/sitio\/wp-json\/wp\/v2\/posts"}],"about":[{"href":"https:\/\/vocesparalelas.com.ar\/sitio\/wp-json\/wp\/v2\/types\/post"}],"author":[{"embeddable":true,"href":"https:\/\/vocesparalelas.com.ar\/sitio\/wp-json\/wp\/v2\/users\/3"}],"replies":[{"embeddable":true,"href":"https:\/\/vocesparalelas.com.ar\/sitio\/wp-json\/wp\/v2\/comments?post=64737"}],"version-history":[{"count":1,"href":"https:\/\/vocesparalelas.com.ar\/sitio\/wp-json\/wp\/v2\/posts\/64737\/revisions"}],"predecessor-version":[{"id":64740,"href":"https:\/\/vocesparalelas.com.ar\/sitio\/wp-json\/wp\/v2\/posts\/64737\/revisions\/64740"}],"wp:featuredmedia":[{"embeddable":true,"href":"https:\/\/vocesparalelas.com.ar\/sitio\/wp-json\/wp\/v2\/media\/1868"}],"wp:attachment":[{"href":"https:\/\/vocesparalelas.com.ar\/sitio\/wp-json\/wp\/v2\/media?parent=64737"}],"wp:term":[{"taxonomy":"category","embeddable":true,"href":"https:\/\/vocesparalelas.com.ar\/sitio\/wp-json\/wp\/v2\/categories?post=64737"},{"taxonomy":"post_tag","embeddable":true,"href":"https:\/\/vocesparalelas.com.ar\/sitio\/wp-json\/wp\/v2\/tags?post=64737"}],"curies":[{"name":"wp","href":"https:\/\/api.w.org\/{rel}","templated":true}]}}