{"id":64659,"date":"2023-10-17T20:19:34","date_gmt":"2023-10-17T23:19:34","guid":{"rendered":"https:\/\/vocesparalelas.com.ar\/sitio\/?p=64659"},"modified":"2023-10-18T00:20:51","modified_gmt":"2023-10-18T03:20:51","slug":"planes-especiales-para-el-pago-mensual-de-los-servicios-de-osse-san-juan","status":"publish","type":"post","link":"https:\/\/vocesparalelas.com.ar\/sitio\/planes-especiales-para-el-pago-mensual-de-los-servicios-de-osse-san-juan\/","title":{"rendered":"Planes especiales para el pago mensual de los servicios de OSSE San Juan"},"content":{"rendered":"<p>Obras Sanitarias Sociedad del Estado &#8211; OSSE &#8211; de San Juan dispone de planes especiales\u00a0para el pago mensual de su servicio de agua potable y cloacas,\u00a0destinados a dos grupos de beneficiarios:<\/p>\n<ul>\n<li>Usuarios jubilados y pensionados;<\/li>\n<li>Usuarios que NO tienen un trabajo en relaci\u00f3n de dependencia.<\/li>\n<\/ul>\n<p>La solicitud del tr\u00e1mite se debe gestionar presencialmente por la delegaci\u00f3n comercial de OSSE m\u00e1s cercana a su domicilio, o en oficinas comerciales de Casa Central, ubicada en avenida Jos\u00e9 Ignacio de la Roza 272 (oeste), Capital, de 7.30 a 15.00 horas.<\/p>\n<p>Para que el tr\u00e1mite sea \u00e1gil se debe presentar una serie de requisitos, seg\u00fan el tipo de usuario solicitante:<\/p>\n<p><span style=\"color: #0000ff;\"><strong>Jubilados y Pensionados<\/strong><\/span><\/p>\n<ul>\n<li>Fotocopia del \u00faltimo recibo de haberes del\/los Jubilado\/s o Pensionado\/s.<\/li>\n<li>Los ingresos del grupo familiar deben ser inferiores a $264.000 (es decir, no deben superar dos salarios m\u00ednimo, vital y m\u00f3vil: $132.000 cada uno).<\/li>\n<li>Fotocopia de documentaci\u00f3n que acredite la titularidad del inmueble (ser propietario de un \u00fanico inmueble).<\/li>\n<li>En caso de habitar en el inmueble personas mayores de 18 a\u00f1os, presentar adem\u00e1s fotocopia de recibo de sueldo o certificaci\u00f3n negativa expedida por ANSES seg\u00fan corresponda.<\/li>\n<li>Fotocopia de la \u00faltima boleta de Rentas.<\/li>\n<li>Fotocopia de DNI de todas las personas que habiten en el inmueble.<\/li>\n<li>Fotocopia de la \u00faltima boleta de OSSE.<\/li>\n<li>Fotocopia de la \u00faltima factura de Energ\u00eda San Juan. El consumo mensual no debe superar los 450 kwh.<\/li>\n<\/ul>\n<p><span style=\"color: #0000ff;\"><strong>PLAN RED (R\u00e9gimen diferencial) para usuarios que NO trabajen en relaci\u00f3n de dependencia.<\/strong><\/span><\/p>\n<ul>\n<li>No trabajar en relaci\u00f3n de dependencia.<\/li>\n<li>Los ingresos del grupo familiar deben ser inferiores a $264.000 (es decir, no deben superar dos salarios m\u00ednimo, vital y m\u00f3vil: $132.000 cada uno).<\/li>\n<li>Fotocopia de documentaci\u00f3n que acredite la titularidad del inmueble (ser propietario de un \u00fanico inmueble).<\/li>\n<li>En caso de habitar en el inmueble personas mayores de 18 a\u00f1os, presentar adem\u00e1s fotocopia de recibo de sueldo o certificaci\u00f3n negativa expedida por ANSES seg\u00fan corresponda.<\/li>\n<li>Fotocopia de la \u00faltima boleta de Rentas.<\/li>\n<li>Fotocopia de DNI de todas las personas que habiten en el inmueble.<\/li>\n<li>Fotocopia de la \u00faltima boleta de OSSE.<\/li>\n<li>Fotocopia de la \u00faltima factura de Energ\u00eda San Juan. El consumo mensual no debe superar los 450 kwh.<\/li>\n<\/ul>\n<p>Para m\u00e1s informaci\u00f3n y consultas ingresar a la web www.ossesanjuan.com.ar, o bien comunicarse por WhatsApp al 264 661 5284 (s\u00f3lo texto, no llamadas).<\/p>\n<p><img loading=\"lazy\" decoding=\"async\" class=\"alignnone size-full wp-image-62349\" src=\"https:\/\/vocesparalelas.com.ar\/sitio\/wp-content\/uploads\/2023\/08\/OSSE-EDIFICIO.jpg\" alt=\"\" width=\"800\" height=\"600\" srcset=\"https:\/\/vocesparalelas.com.ar\/sitio\/wp-content\/uploads\/2023\/08\/OSSE-EDIFICIO.jpg 800w, https:\/\/vocesparalelas.com.ar\/sitio\/wp-content\/uploads\/2023\/08\/OSSE-EDIFICIO-300x225.jpg 300w, https:\/\/vocesparalelas.com.ar\/sitio\/wp-content\/uploads\/2023\/08\/OSSE-EDIFICIO-768x576.jpg 768w\" sizes=\"auto, (max-width: 800px) 100vw, 800px\" \/><\/p>\n","protected":false},"excerpt":{"rendered":"<p>Obras Sanitarias Sociedad del Estado &#8211; OSSE &#8211; de San Juan dispone de planes especiales\u00a0para el pago mensual de su<\/p>\n","protected":false},"author":3,"featured_media":18050,"comment_status":"closed","ping_status":"closed","sticky":false,"template":"","format":"standard","meta":{"_acf_changed":false,"_seopress_robots_primary_cat":"none","_seopress_titles_title":"","_seopress_titles_desc":"","_seopress_robots_index":"","colormag_page_container_layout":"default_layout","colormag_page_sidebar_layout":"default_layout","footnotes":""},"categories":[1],"tags":[],"class_list":["post-64659","post","type-post","status-publish","format-standard","has-post-thumbnail","hentry","category-destacadas"],"acf":[],"_links":{"self":[{"href":"https:\/\/vocesparalelas.com.ar\/sitio\/wp-json\/wp\/v2\/posts\/64659","targetHints":{"allow":["GET"]}}],"collection":[{"href":"https:\/\/vocesparalelas.com.ar\/sitio\/wp-json\/wp\/v2\/posts"}],"about":[{"href":"https:\/\/vocesparalelas.com.ar\/sitio\/wp-json\/wp\/v2\/types\/post"}],"author":[{"embeddable":true,"href":"https:\/\/vocesparalelas.com.ar\/sitio\/wp-json\/wp\/v2\/users\/3"}],"replies":[{"embeddable":true,"href":"https:\/\/vocesparalelas.com.ar\/sitio\/wp-json\/wp\/v2\/comments?post=64659"}],"version-history":[{"count":3,"href":"https:\/\/vocesparalelas.com.ar\/sitio\/wp-json\/wp\/v2\/posts\/64659\/revisions"}],"predecessor-version":[{"id":64664,"href":"https:\/\/vocesparalelas.com.ar\/sitio\/wp-json\/wp\/v2\/posts\/64659\/revisions\/64664"}],"wp:featuredmedia":[{"embeddable":true,"href":"https:\/\/vocesparalelas.com.ar\/sitio\/wp-json\/wp\/v2\/media\/18050"}],"wp:attachment":[{"href":"https:\/\/vocesparalelas.com.ar\/sitio\/wp-json\/wp\/v2\/media?parent=64659"}],"wp:term":[{"taxonomy":"category","embeddable":true,"href":"https:\/\/vocesparalelas.com.ar\/sitio\/wp-json\/wp\/v2\/categories?post=64659"},{"taxonomy":"post_tag","embeddable":true,"href":"https:\/\/vocesparalelas.com.ar\/sitio\/wp-json\/wp\/v2\/tags?post=64659"}],"curies":[{"name":"wp","href":"https:\/\/api.w.org\/{rel}","templated":true}]}}