{"id":64646,"date":"2023-10-17T20:52:10","date_gmt":"2023-10-17T23:52:10","guid":{"rendered":"https:\/\/vocesparalelas.com.ar\/sitio\/?p=64646"},"modified":"2023-10-17T23:52:29","modified_gmt":"2023-10-18T02:52:29","slug":"atencion-al-publico-en-las-elecciones-2023-del-registro-civil-en-san-juan","status":"publish","type":"post","link":"https:\/\/vocesparalelas.com.ar\/sitio\/atencion-al-publico-en-las-elecciones-2023-del-registro-civil-en-san-juan\/","title":{"rendered":"Atenci\u00f3n al P\u00fablico en las Elecciones 2023 del Registro Civil en San Juan"},"content":{"rendered":"<div class=\"itemBody\">\n<div class=\"itemFullText\">\n<p>La Direcci\u00f3n del Registro del Estado Civil y Capacidad de las Personas del Gobierno de San Juan\u00a0 informa el funcionamiento de sus Delegaciones Zonales durante el fin de semana correspondiente al S\u00e1bado, 21 y Domingo, 22 de Octubre, por las Elecciones que se desarrollan en San Juan, el Domingo, 22 de Octubre.<\/p>\n<p>Cabe destacar que estas Delegaciones tienen tareas de entrega de DNI para las personas que lo hayan tramitado con anterioridad, y consulta de Padrones Electorales, tanto en el S\u00e1bado como el Domingo.<\/p>\n<p>En la sede central de la Direcci\u00f3n, Santa Fe 54 Este, departamento Capital, se realizan durante el S\u00e1bado tareas de expedici\u00f3n de copias, entrega de DNI y toma de tr\u00e1mites de DNI y Pasaportes; con el Domingo \u00fanicamente para entrega de DNI y consulta de Padrones Electorales.<\/p>\n<p><span style=\"color: #339966;\"><strong>Los horarios de atenci\u00f3n de las Delegaciones Zonales del Registro Civil\u00a0<\/strong><\/span><\/p>\n<p><strong><span style=\"color: #339966;\">S\u00e1bado, 21 de Octubre de 8 a 13 horas en las Delegaciones<\/span><\/strong><\/p>\n<ul>\n<li>Chimbas<\/li>\n<li>Villa Krause<\/li>\n<li>Barreal<\/li>\n<li>Calingasta<\/li>\n<li>Caucete<\/li>\n<li>Rodeo<\/li>\n<li>J\u00e1chal<\/li>\n<li>Huaco<\/li>\n<li>Niquivil<\/li>\n<li>Valle F\u00e9rtil<\/li>\n<li>Pocito<\/li>\n<li>Media Agua<\/li>\n<li>25 de Mayo<\/li>\n<li>Albardon<\/li>\n<li>San Martin<\/li>\n<li>Angaco<\/li>\n<li>Ullum<\/li>\n<li>Zonda<\/li>\n<li>9 de Julio<\/li>\n<\/ul>\n<p><span style=\"color: #339966;\"><strong>Domingo, 22 de Octubre, de 8 a 17 horas en las Delegaciones<\/strong><\/span><\/p>\n<ul>\n<li>Chimbas<\/li>\n<li>Villa Krause<\/li>\n<li>Caucete<\/li>\n<li>Rodeo<\/li>\n<li>J\u00e1chal<\/li>\n<li>Valle F\u00e9rtil<\/li>\n<li>Pocito<\/li>\n<li>Media Agua<\/li>\n<li>25 de Mayo<\/li>\n<li>Albardon<\/li>\n<li>San Martin<\/li>\n<li>Angaco<\/li>\n<li>Ullum<\/li>\n<li>Zonda<\/li>\n<li>9 de Julio<\/li>\n<\/ul>\n<p><span style=\"color: #339966;\"><strong>Domingo 22 de octubre, de 8 a 13 horas, en las Delegaciones<\/strong><\/span><\/p>\n<ul>\n<li>Barreal<\/li>\n<li>Calingasta<\/li>\n<li>Huaco<\/li>\n<li>Niquivil<\/li>\n<\/ul>\n<\/div>\n<div class=\"clr\"><\/div>\n<\/div>\n<div class=\"itemBackToTop\"><\/div>\n","protected":false},"excerpt":{"rendered":"<p>La Direcci\u00f3n del Registro del Estado Civil y Capacidad de las Personas del Gobierno de San Juan\u00a0 informa el funcionamiento<\/p>\n","protected":false},"author":3,"featured_media":53908,"comment_status":"closed","ping_status":"closed","sticky":false,"template":"","format":"standard","meta":{"_acf_changed":false,"_seopress_robots_primary_cat":"none","_seopress_titles_title":"","_seopress_titles_desc":"","_seopress_robots_index":"","colormag_page_container_layout":"default_layout","colormag_page_sidebar_layout":"default_layout","footnotes":""},"categories":[1],"tags":[],"class_list":["post-64646","post","type-post","status-publish","format-standard","has-post-thumbnail","hentry","category-destacadas"],"acf":[],"_links":{"self":[{"href":"https:\/\/vocesparalelas.com.ar\/sitio\/wp-json\/wp\/v2\/posts\/64646","targetHints":{"allow":["GET"]}}],"collection":[{"href":"https:\/\/vocesparalelas.com.ar\/sitio\/wp-json\/wp\/v2\/posts"}],"about":[{"href":"https:\/\/vocesparalelas.com.ar\/sitio\/wp-json\/wp\/v2\/types\/post"}],"author":[{"embeddable":true,"href":"https:\/\/vocesparalelas.com.ar\/sitio\/wp-json\/wp\/v2\/users\/3"}],"replies":[{"embeddable":true,"href":"https:\/\/vocesparalelas.com.ar\/sitio\/wp-json\/wp\/v2\/comments?post=64646"}],"version-history":[{"count":1,"href":"https:\/\/vocesparalelas.com.ar\/sitio\/wp-json\/wp\/v2\/posts\/64646\/revisions"}],"predecessor-version":[{"id":64649,"href":"https:\/\/vocesparalelas.com.ar\/sitio\/wp-json\/wp\/v2\/posts\/64646\/revisions\/64649"}],"wp:featuredmedia":[{"embeddable":true,"href":"https:\/\/vocesparalelas.com.ar\/sitio\/wp-json\/wp\/v2\/media\/53908"}],"wp:attachment":[{"href":"https:\/\/vocesparalelas.com.ar\/sitio\/wp-json\/wp\/v2\/media?parent=64646"}],"wp:term":[{"taxonomy":"category","embeddable":true,"href":"https:\/\/vocesparalelas.com.ar\/sitio\/wp-json\/wp\/v2\/categories?post=64646"},{"taxonomy":"post_tag","embeddable":true,"href":"https:\/\/vocesparalelas.com.ar\/sitio\/wp-json\/wp\/v2\/tags?post=64646"}],"curies":[{"name":"wp","href":"https:\/\/api.w.org\/{rel}","templated":true}]}}