{"id":64641,"date":"2023-10-17T23:43:53","date_gmt":"2023-10-18T02:43:53","guid":{"rendered":"https:\/\/vocesparalelas.com.ar\/sitio\/?p=64641"},"modified":"2023-10-17T23:43:53","modified_gmt":"2023-10-18T02:43:53","slug":"jornada-de-oracion-por-la-paz-en-el-mundo-en-san-juan","status":"publish","type":"post","link":"https:\/\/vocesparalelas.com.ar\/sitio\/jornada-de-oracion-por-la-paz-en-el-mundo-en-san-juan\/","title":{"rendered":"Jornada de oraci\u00f3n por la Paz en el Mundo en San Juan"},"content":{"rendered":"<p>El Martes, 17 de Octubre, en la vereda Norte de la iglesia Catedral de San Juan se desarroll\u00f3 la Jornada de oraci\u00f3n por la Paz en el Mundo organizado por la Comisi\u00f3n de Justicia y Paz y el Arzobispado de San Juan, con la adhesi\u00f3n de la Mesa de Di\u00e1logo Interreligiosa, de la Sociedad Israelita de Beneficencia y de la Direcci\u00f3n de Cultos del Gobierno de la Provincia.<\/p>\n<p>Con la participaci\u00f3n de todos los cultos, el encuentro tuvo como objetivo elevar una plegaria por el paz en el mundo y para poner fin al horror que se vive en Israel y Palestina y prevalezca el di\u00e1logo.<\/p>\n<p>Al llegar, el gobernador Dr. Sergio U\u00f1ac agradeci\u00f3 a los organizadores por la convocatoria para la oracion por la paz y destac\u00f3 la necesidad de \u00abbregar por la paz. No se entiende qu\u00e9 nos est\u00e1 pasando porque a la guerra de Rusia &#8211; Ucrania se suma ahora este conflicto entre Hamas para con el pueblo de Israel y me parece que tal como lo ha dicho el Papa, convocar a la paz es el camino. Esperemos que esto se pueda encontrar en el corto plazo\u00bb.<\/p>\n<p>&nbsp;<\/p>\n<p><iframe loading=\"lazy\" title=\"El gobernador U\u00f1ac particip\u00f3 de una jornada de oraci\u00f3n por la paz, en la Catedral\" width=\"800\" height=\"450\" src=\"https:\/\/www.youtube.com\/embed\/9cJSZxe2IMs?feature=oembed\" frameborder=\"0\" allow=\"accelerometer; autoplay; clipboard-write; encrypted-media; gyroscope; picture-in-picture; web-share\" allowfullscreen><\/iframe><\/p>\n<p>Agreg\u00f3 que \u00abel Gobierno argentino est\u00e1 a disposici\u00f3n con el programa Regreso Seguro y nosotros queremos que aquellos que quieren vivir en Israel sigan viviendo all\u00ed; cada uno tiene derecho a elegir d\u00f3nde estar ahora\u00bb.<\/p>\n<p>Por su parte, el monse\u00f1or Guatavo Larrazabal dijo que \u00abnos hemos unido sin distinci\u00f3n para rezar por la paz. Creo que tenemos que ser artesanos de la paz. La paz que se construye con hechos concretos pero tambi\u00e9n en el caso nuestro de personas creyentes con la oraci\u00f3n\u00bb.<\/p>\n<p>Enfatiz\u00f3 que \u00abla oraci\u00f3n da mucha fuerza para poder rezar en estos momentos tan tr\u00e1gicos que vive la humanidad. Realmente parece mentira que ya entrado el siglo XXI tengamos que resolver las cosas de esta manera. Donde todos sabemos que nadie gana y que todos perdemos\u00bb.<\/p>\n<p>Luego, la Lic. Paula Romero, de la Sociedad Israelita de Beneficencia San Juan, dijo: \u00ab\u00bfC\u00f3mo pedir por la paz despu\u00e9s de los cr\u00edmenes cometidos por un grupo terrorista? \u00bfC\u00f3mo hacemos las personas de fe para no perder la fe? \u00bfC\u00f3mo hacemos para poder pedir por la paz? Son las grandes preguntas que nos hacemos. Y la \u00fanica manera es construyendo por la paz. Queda en todos nosotros construir y no se construye all\u00e1, se construye ac\u00e1\u00bb. Mencion\u00f3 que \u00abcada uno de nosotros construye en su propia familia y son los valores humanos los que construyen. En la vida propia y en la ajena. Queda en nosotros construir un mundo donde digamos no al terrorismo, no podemos justificar ni siquiera una sola muerte. Queda en nosotros ense\u00f1arles a nuestros hijos y tambi\u00e9n a los hijos de los terroristas que la vida humana es sagrada. Ense\u00f1arles que Dios nos dio la vida y solo Dios es el que nos puede quitar la vida\u00bb.<\/p>\n<p>&nbsp;<\/p>\n","protected":false},"excerpt":{"rendered":"<p>El Martes, 17 de Octubre, en la vereda Norte de la iglesia Catedral de San Juan se desarroll\u00f3 la Jornada<\/p>\n","protected":false},"author":3,"featured_media":64644,"comment_status":"closed","ping_status":"closed","sticky":false,"template":"","format":"standard","meta":{"_acf_changed":false,"_seopress_robots_primary_cat":"none","_seopress_titles_title":"","_seopress_titles_desc":"","_seopress_robots_index":"","colormag_page_container_layout":"default_layout","colormag_page_sidebar_layout":"default_layout","footnotes":""},"categories":[1,7],"tags":[],"class_list":["post-64641","post","type-post","status-publish","format-standard","has-post-thumbnail","hentry","category-destacadas","category-videos"],"acf":[],"_links":{"self":[{"href":"https:\/\/vocesparalelas.com.ar\/sitio\/wp-json\/wp\/v2\/posts\/64641","targetHints":{"allow":["GET"]}}],"collection":[{"href":"https:\/\/vocesparalelas.com.ar\/sitio\/wp-json\/wp\/v2\/posts"}],"about":[{"href":"https:\/\/vocesparalelas.com.ar\/sitio\/wp-json\/wp\/v2\/types\/post"}],"author":[{"embeddable":true,"href":"https:\/\/vocesparalelas.com.ar\/sitio\/wp-json\/wp\/v2\/users\/3"}],"replies":[{"embeddable":true,"href":"https:\/\/vocesparalelas.com.ar\/sitio\/wp-json\/wp\/v2\/comments?post=64641"}],"version-history":[{"count":1,"href":"https:\/\/vocesparalelas.com.ar\/sitio\/wp-json\/wp\/v2\/posts\/64641\/revisions"}],"predecessor-version":[{"id":64645,"href":"https:\/\/vocesparalelas.com.ar\/sitio\/wp-json\/wp\/v2\/posts\/64641\/revisions\/64645"}],"wp:featuredmedia":[{"embeddable":true,"href":"https:\/\/vocesparalelas.com.ar\/sitio\/wp-json\/wp\/v2\/media\/64644"}],"wp:attachment":[{"href":"https:\/\/vocesparalelas.com.ar\/sitio\/wp-json\/wp\/v2\/media?parent=64641"}],"wp:term":[{"taxonomy":"category","embeddable":true,"href":"https:\/\/vocesparalelas.com.ar\/sitio\/wp-json\/wp\/v2\/categories?post=64641"},{"taxonomy":"post_tag","embeddable":true,"href":"https:\/\/vocesparalelas.com.ar\/sitio\/wp-json\/wp\/v2\/tags?post=64641"}],"curies":[{"name":"wp","href":"https:\/\/api.w.org\/{rel}","templated":true}]}}