{"id":64611,"date":"2023-10-16T20:44:51","date_gmt":"2023-10-16T23:44:51","guid":{"rendered":"https:\/\/vocesparalelas.com.ar\/sitio\/?p=64611"},"modified":"2023-10-16T20:45:41","modified_gmt":"2023-10-16T23:45:41","slug":"el-senador-nacional-por-san-juan-dr-ruben-unac-continua-internado","status":"publish","type":"post","link":"https:\/\/vocesparalelas.com.ar\/sitio\/el-senador-nacional-por-san-juan-dr-ruben-unac-continua-internado\/","title":{"rendered":"El Senador Nacional por San Juan, Dr. Rub\u00e9n U\u00f1ac contin\u00faa internado"},"content":{"rendered":"<p>El equipo m\u00e9dico de Cl\u00ednica El Casta\u00f1o emite el siguiente comunicado oficial respecto al estado de salud del Senador Nacional por San Juan, Dr. Rub\u00e9n U\u00f1ac quien contin\u00faa internado.<\/p>\n<p>\u00abBuena evoluci\u00f3n cl\u00ednica, l\u00facido, asintom\u00e1tico, sin d\u00e9ficit neurol\u00f3gico, se moviliza por sus propios medios.<\/p>\n<p>Control y seguimiento cl\u00ednico continuo\u00bb.<\/p>\n","protected":false},"excerpt":{"rendered":"<p>El equipo m\u00e9dico de Cl\u00ednica El Casta\u00f1o emite el siguiente comunicado oficial respecto al estado de salud del Senador Nacional<\/p>\n","protected":false},"author":3,"featured_media":64561,"comment_status":"closed","ping_status":"closed","sticky":false,"template":"","format":"standard","meta":{"_acf_changed":false,"_seopress_robots_primary_cat":"none","_seopress_titles_title":"","_seopress_titles_desc":"","_seopress_robots_index":"","colormag_page_container_layout":"default_layout","colormag_page_sidebar_layout":"default_layout","footnotes":""},"categories":[1],"tags":[],"class_list":["post-64611","post","type-post","status-publish","format-standard","has-post-thumbnail","hentry","category-destacadas"],"acf":[],"_links":{"self":[{"href":"https:\/\/vocesparalelas.com.ar\/sitio\/wp-json\/wp\/v2\/posts\/64611","targetHints":{"allow":["GET"]}}],"collection":[{"href":"https:\/\/vocesparalelas.com.ar\/sitio\/wp-json\/wp\/v2\/posts"}],"about":[{"href":"https:\/\/vocesparalelas.com.ar\/sitio\/wp-json\/wp\/v2\/types\/post"}],"author":[{"embeddable":true,"href":"https:\/\/vocesparalelas.com.ar\/sitio\/wp-json\/wp\/v2\/users\/3"}],"replies":[{"embeddable":true,"href":"https:\/\/vocesparalelas.com.ar\/sitio\/wp-json\/wp\/v2\/comments?post=64611"}],"version-history":[{"count":2,"href":"https:\/\/vocesparalelas.com.ar\/sitio\/wp-json\/wp\/v2\/posts\/64611\/revisions"}],"predecessor-version":[{"id":64615,"href":"https:\/\/vocesparalelas.com.ar\/sitio\/wp-json\/wp\/v2\/posts\/64611\/revisions\/64615"}],"wp:featuredmedia":[{"embeddable":true,"href":"https:\/\/vocesparalelas.com.ar\/sitio\/wp-json\/wp\/v2\/media\/64561"}],"wp:attachment":[{"href":"https:\/\/vocesparalelas.com.ar\/sitio\/wp-json\/wp\/v2\/media?parent=64611"}],"wp:term":[{"taxonomy":"category","embeddable":true,"href":"https:\/\/vocesparalelas.com.ar\/sitio\/wp-json\/wp\/v2\/categories?post=64611"},{"taxonomy":"post_tag","embeddable":true,"href":"https:\/\/vocesparalelas.com.ar\/sitio\/wp-json\/wp\/v2\/tags?post=64611"}],"curies":[{"name":"wp","href":"https:\/\/api.w.org\/{rel}","templated":true}]}}