{"id":64607,"date":"2023-10-14T20:20:44","date_gmt":"2023-10-14T23:20:44","guid":{"rendered":"https:\/\/vocesparalelas.com.ar\/sitio\/?p=64607"},"modified":"2023-10-17T23:34:33","modified_gmt":"2023-10-18T02:34:33","slug":"78o-aniversario-del-dia-de-la-lealtad-en-san-juan","status":"publish","type":"post","link":"https:\/\/vocesparalelas.com.ar\/sitio\/78o-aniversario-del-dia-de-la-lealtad-en-san-juan\/","title":{"rendered":"78\u00ba aniversario del D\u00eda de la Lealtad en San Juan"},"content":{"rendered":"<p>El presidente del Partido Justicialista, Dr. Sergio U\u00f1ac, invita a la conmemoraci\u00f3n del 78\u00ba aniversario del D\u00eda de la Lealtad, la fecha m\u00e1s importante del peronismo el Martes, 17 de Octubre, a las 19:30 hs.; en la sede partidaria.<\/p>\n<p>&nbsp;<\/p>\n<p><img loading=\"lazy\" decoding=\"async\" class=\"alignnone size-full wp-image-26376\" src=\"https:\/\/vocesparalelas.com.ar\/sitio\/wp-content\/uploads\/2020\/01\/PJ-PARTIDO-02.jpg\" alt=\"\" width=\"800\" height=\"800\" srcset=\"https:\/\/vocesparalelas.com.ar\/sitio\/wp-content\/uploads\/2020\/01\/PJ-PARTIDO-02.jpg 800w, https:\/\/vocesparalelas.com.ar\/sitio\/wp-content\/uploads\/2020\/01\/PJ-PARTIDO-02-150x150.jpg 150w, https:\/\/vocesparalelas.com.ar\/sitio\/wp-content\/uploads\/2020\/01\/PJ-PARTIDO-02-300x300.jpg 300w, https:\/\/vocesparalelas.com.ar\/sitio\/wp-content\/uploads\/2020\/01\/PJ-PARTIDO-02-768x768.jpg 768w\" sizes=\"auto, (max-width: 800px) 100vw, 800px\" \/><\/p>\n<p>El D\u00eda de la Lealtad recuerda la fecha del a\u00f1o 1945 en la que se produjo una gran movilizaci\u00f3n obrera y sindical en la Plaza de Mayo de Buenos Aires para pedir la liberaci\u00f3n del entonces coronel Juan Domingo Per\u00f3n, detenido pocos d\u00edas antes. Este movimiento obrero, los \u201cdescamisados\u201d, cop\u00f3 el centro neur\u00e1lgico de la Capital Federal, y logr\u00f3 la liberaci\u00f3n de su l\u00edder.<\/p>\n<p>Otra actividad que se realiza es el Martes, 17 de Octubre, a las 10:30 hs.; se realiza el acto en la sede de la CGT.<\/p>\n<p><img loading=\"lazy\" decoding=\"async\" class=\"alignnone size-full wp-image-58195\" src=\"https:\/\/vocesparalelas.com.ar\/sitio\/wp-content\/uploads\/2023\/04\/CGT-FRENTE.jpg\" alt=\"\" width=\"800\" height=\"533\" srcset=\"https:\/\/vocesparalelas.com.ar\/sitio\/wp-content\/uploads\/2023\/04\/CGT-FRENTE.jpg 800w, https:\/\/vocesparalelas.com.ar\/sitio\/wp-content\/uploads\/2023\/04\/CGT-FRENTE-300x200.jpg 300w, https:\/\/vocesparalelas.com.ar\/sitio\/wp-content\/uploads\/2023\/04\/CGT-FRENTE-768x512.jpg 768w\" sizes=\"auto, (max-width: 800px) 100vw, 800px\" \/><\/p>\n","protected":false},"excerpt":{"rendered":"<p>El presidente del Partido Justicialista, Dr. Sergio U\u00f1ac, invita a la conmemoraci\u00f3n del 78\u00ba aniversario del D\u00eda de la Lealtad,<\/p>\n","protected":false},"author":3,"featured_media":26342,"comment_status":"closed","ping_status":"closed","sticky":false,"template":"","format":"standard","meta":{"_acf_changed":false,"_seopress_robots_primary_cat":"none","_seopress_titles_title":"","_seopress_titles_desc":"","_seopress_robots_index":"","colormag_page_container_layout":"default_layout","colormag_page_sidebar_layout":"default_layout","footnotes":""},"categories":[1],"tags":[],"class_list":["post-64607","post","type-post","status-publish","format-standard","has-post-thumbnail","hentry","category-destacadas"],"acf":[],"_links":{"self":[{"href":"https:\/\/vocesparalelas.com.ar\/sitio\/wp-json\/wp\/v2\/posts\/64607","targetHints":{"allow":["GET"]}}],"collection":[{"href":"https:\/\/vocesparalelas.com.ar\/sitio\/wp-json\/wp\/v2\/posts"}],"about":[{"href":"https:\/\/vocesparalelas.com.ar\/sitio\/wp-json\/wp\/v2\/types\/post"}],"author":[{"embeddable":true,"href":"https:\/\/vocesparalelas.com.ar\/sitio\/wp-json\/wp\/v2\/users\/3"}],"replies":[{"embeddable":true,"href":"https:\/\/vocesparalelas.com.ar\/sitio\/wp-json\/wp\/v2\/comments?post=64607"}],"version-history":[{"count":1,"href":"https:\/\/vocesparalelas.com.ar\/sitio\/wp-json\/wp\/v2\/posts\/64607\/revisions"}],"predecessor-version":[{"id":64610,"href":"https:\/\/vocesparalelas.com.ar\/sitio\/wp-json\/wp\/v2\/posts\/64607\/revisions\/64610"}],"wp:featuredmedia":[{"embeddable":true,"href":"https:\/\/vocesparalelas.com.ar\/sitio\/wp-json\/wp\/v2\/media\/26342"}],"wp:attachment":[{"href":"https:\/\/vocesparalelas.com.ar\/sitio\/wp-json\/wp\/v2\/media?parent=64607"}],"wp:term":[{"taxonomy":"category","embeddable":true,"href":"https:\/\/vocesparalelas.com.ar\/sitio\/wp-json\/wp\/v2\/categories?post=64607"},{"taxonomy":"post_tag","embeddable":true,"href":"https:\/\/vocesparalelas.com.ar\/sitio\/wp-json\/wp\/v2\/tags?post=64607"}],"curies":[{"name":"wp","href":"https:\/\/api.w.org\/{rel}","templated":true}]}}