{"id":64602,"date":"2023-10-16T12:57:06","date_gmt":"2023-10-16T15:57:06","guid":{"rendered":"https:\/\/vocesparalelas.com.ar\/sitio\/?p=64602"},"modified":"2023-10-22T00:00:46","modified_gmt":"2023-10-22T03:00:46","slug":"maraton-ejercito-argentino-trail-de-montana-los-22-del-22-en-san-juan","status":"publish","type":"post","link":"https:\/\/vocesparalelas.com.ar\/sitio\/maraton-ejercito-argentino-trail-de-montana-los-22-del-22-en-san-juan\/","title":{"rendered":"Marat\u00f3n \u00abEj\u00e9rcito Argentino Trail de Monta\u00f1a los 22 del 22\u00bb en San Juan"},"content":{"rendered":"<p>El Regimiento de Infanter\u00eda de Monta\u00f1a 22 de San Juan invita a que te sumarse a la Marat\u00f3n \u00abEj\u00e9rcito Argentino Trail de Monta\u00f1a los 22 del 22\u00bb, el Domingo, 29 de Octubre, en el marco del aniversario.<\/p>\n<p><strong><span style=\"color: #339966;\">Cronograma<\/span><\/strong><\/p>\n<ul>\n<li>5K Participativa<\/li>\n<li>10K Competitiva<\/li>\n<li>22K Competitiva<\/li>\n<\/ul>\n<p><img loading=\"lazy\" decoding=\"async\" class=\"alignnone size-full wp-image-64783\" src=\"https:\/\/vocesparalelas.com.ar\/sitio\/wp-content\/uploads\/2023\/10\/RIM-22-MARATON-01.jpg\" alt=\"\" width=\"800\" height=\"419\" srcset=\"https:\/\/vocesparalelas.com.ar\/sitio\/wp-content\/uploads\/2023\/10\/RIM-22-MARATON-01.jpg 800w, https:\/\/vocesparalelas.com.ar\/sitio\/wp-content\/uploads\/2023\/10\/RIM-22-MARATON-01-300x157.jpg 300w, https:\/\/vocesparalelas.com.ar\/sitio\/wp-content\/uploads\/2023\/10\/RIM-22-MARATON-01-768x402.jpg 768w, https:\/\/vocesparalelas.com.ar\/sitio\/wp-content\/uploads\/2023\/10\/RIM-22-MARATON-01-390x205.jpg 390w\" sizes=\"auto, (max-width: 800px) 100vw, 800px\" \/><\/p>\n<p>&nbsp;<\/p>\n<p><img loading=\"lazy\" decoding=\"async\" class=\"alignnone size-large wp-image-64784\" src=\"https:\/\/vocesparalelas.com.ar\/sitio\/wp-content\/uploads\/2023\/10\/RIM-22-MARATON-02.jpg\" alt=\"\" width=\"800\" height=\"419\" srcset=\"https:\/\/vocesparalelas.com.ar\/sitio\/wp-content\/uploads\/2023\/10\/RIM-22-MARATON-02.jpg 800w, https:\/\/vocesparalelas.com.ar\/sitio\/wp-content\/uploads\/2023\/10\/RIM-22-MARATON-02-300x157.jpg 300w, https:\/\/vocesparalelas.com.ar\/sitio\/wp-content\/uploads\/2023\/10\/RIM-22-MARATON-02-768x402.jpg 768w, https:\/\/vocesparalelas.com.ar\/sitio\/wp-content\/uploads\/2023\/10\/RIM-22-MARATON-02-390x205.jpg 390w\" sizes=\"auto, (max-width: 800px) 100vw, 800px\" \/><\/p>\n<p>&nbsp;<\/p>\n<p><img loading=\"lazy\" decoding=\"async\" class=\"alignnone size-large wp-image-64785\" src=\"https:\/\/vocesparalelas.com.ar\/sitio\/wp-content\/uploads\/2023\/10\/RIM-22-MARATON-03.jpg\" alt=\"\" width=\"800\" height=\"419\" srcset=\"https:\/\/vocesparalelas.com.ar\/sitio\/wp-content\/uploads\/2023\/10\/RIM-22-MARATON-03.jpg 800w, https:\/\/vocesparalelas.com.ar\/sitio\/wp-content\/uploads\/2023\/10\/RIM-22-MARATON-03-300x157.jpg 300w, https:\/\/vocesparalelas.com.ar\/sitio\/wp-content\/uploads\/2023\/10\/RIM-22-MARATON-03-768x402.jpg 768w, https:\/\/vocesparalelas.com.ar\/sitio\/wp-content\/uploads\/2023\/10\/RIM-22-MARATON-03-390x205.jpg 390w\" sizes=\"auto, (max-width: 800px) 100vw, 800px\" \/><\/p>\n<p><strong><span style=\"color: #339966;\">Organizan<\/span><\/strong><\/p>\n<ul>\n<li>RIM 22<\/li>\n<li>Ejercito Argentino<\/li>\n<\/ul>\n<p>&nbsp;<\/p>\n<p><iframe loading=\"lazy\" title=\"RIM 22 SAN JUAN MARAT\u00d3N\" width=\"800\" height=\"450\" src=\"https:\/\/www.youtube.com\/embed\/BecsE5t_zw4?feature=oembed\" frameborder=\"0\" allow=\"accelerometer; autoplay; clipboard-write; encrypted-media; gyroscope; picture-in-picture; web-share\" allowfullscreen><\/iframe><\/p>\n<p>&nbsp;<\/p>\n<p><strong><span style=\"color: #339966;\">Inscripciones<\/span><\/strong><\/p>\n<p><a href=\"https:\/\/forms.gle\/VrViMCG\u0433pCowHWC19\">https:\/\/forms.gle\/VrViMCG\u0433pCowHWC19<\/a><\/p>\n<p><span style=\"color: #339966;\"><strong>M\u00e1s informaci\u00f3n<\/strong><\/span><\/p>\n<ul>\n<li>RIM 22; Av. Baigorria y Conscripto Argentino<\/li>\n<li>Por Mail <a href=\"mailto:rim22cabot@gmail.com\">rim22cabot@gmail.com<\/a><\/li>\n<li>Por Tel\u00e9fono 0264-433427<\/li>\n<\/ul>\n<p>&nbsp;<\/p>\n<p><iframe loading=\"lazy\" title=\"RIM 22 SAN JUAN\" width=\"800\" height=\"450\" src=\"https:\/\/www.youtube.com\/embed\/FaWnQdMQvvI?feature=oembed\" frameborder=\"0\" allow=\"accelerometer; autoplay; clipboard-write; encrypted-media; gyroscope; picture-in-picture; web-share\" allowfullscreen><\/iframe><\/p>\n<p><img loading=\"lazy\" decoding=\"async\" class=\"alignnone size-full wp-image-49312\" src=\"https:\/\/vocesparalelas.com.ar\/sitio\/wp-content\/uploads\/2022\/05\/RIM-22-06.jpg\" alt=\"\" width=\"800\" height=\"533\" srcset=\"https:\/\/vocesparalelas.com.ar\/sitio\/wp-content\/uploads\/2022\/05\/RIM-22-06.jpg 800w, https:\/\/vocesparalelas.com.ar\/sitio\/wp-content\/uploads\/2022\/05\/RIM-22-06-300x200.jpg 300w, https:\/\/vocesparalelas.com.ar\/sitio\/wp-content\/uploads\/2022\/05\/RIM-22-06-768x512.jpg 768w\" sizes=\"auto, (max-width: 800px) 100vw, 800px\" \/><\/p>\n","protected":false},"excerpt":{"rendered":"<p>El Regimiento de Infanter\u00eda de Monta\u00f1a 22 de San Juan invita a que te sumarse a la Marat\u00f3n \u00abEj\u00e9rcito Argentino<\/p>\n","protected":false},"author":3,"featured_media":54801,"comment_status":"closed","ping_status":"closed","sticky":false,"template":"","format":"standard","meta":{"_acf_changed":false,"_seopress_robots_primary_cat":"none","_seopress_titles_title":"","_seopress_titles_desc":"","_seopress_robots_index":"","colormag_page_container_layout":"default_layout","colormag_page_sidebar_layout":"default_layout","footnotes":""},"categories":[2,7],"tags":[],"class_list":["post-64602","post","type-post","status-publish","format-standard","has-post-thumbnail","hentry","category-convocatorias","category-videos"],"acf":[],"_links":{"self":[{"href":"https:\/\/vocesparalelas.com.ar\/sitio\/wp-json\/wp\/v2\/posts\/64602","targetHints":{"allow":["GET"]}}],"collection":[{"href":"https:\/\/vocesparalelas.com.ar\/sitio\/wp-json\/wp\/v2\/posts"}],"about":[{"href":"https:\/\/vocesparalelas.com.ar\/sitio\/wp-json\/wp\/v2\/types\/post"}],"author":[{"embeddable":true,"href":"https:\/\/vocesparalelas.com.ar\/sitio\/wp-json\/wp\/v2\/users\/3"}],"replies":[{"embeddable":true,"href":"https:\/\/vocesparalelas.com.ar\/sitio\/wp-json\/wp\/v2\/comments?post=64602"}],"version-history":[{"count":5,"href":"https:\/\/vocesparalelas.com.ar\/sitio\/wp-json\/wp\/v2\/posts\/64602\/revisions"}],"predecessor-version":[{"id":64787,"href":"https:\/\/vocesparalelas.com.ar\/sitio\/wp-json\/wp\/v2\/posts\/64602\/revisions\/64787"}],"wp:featuredmedia":[{"embeddable":true,"href":"https:\/\/vocesparalelas.com.ar\/sitio\/wp-json\/wp\/v2\/media\/54801"}],"wp:attachment":[{"href":"https:\/\/vocesparalelas.com.ar\/sitio\/wp-json\/wp\/v2\/media?parent=64602"}],"wp:term":[{"taxonomy":"category","embeddable":true,"href":"https:\/\/vocesparalelas.com.ar\/sitio\/wp-json\/wp\/v2\/categories?post=64602"},{"taxonomy":"post_tag","embeddable":true,"href":"https:\/\/vocesparalelas.com.ar\/sitio\/wp-json\/wp\/v2\/tags?post=64602"}],"curies":[{"name":"wp","href":"https:\/\/api.w.org\/{rel}","templated":true}]}}