{"id":64586,"date":"2023-10-19T21:07:23","date_gmt":"2023-10-20T00:07:23","guid":{"rendered":"https:\/\/vocesparalelas.com.ar\/sitio\/?p=64586"},"modified":"2023-10-20T23:54:16","modified_gmt":"2023-10-21T02:54:16","slug":"barifico-y-fabricio-perez-en-el-tb-de-san-juan","status":"publish","type":"post","link":"https:\/\/vocesparalelas.com.ar\/sitio\/barifico-y-fabricio-perez-en-el-tb-de-san-juan\/","title":{"rendered":"\u201cBarifico\u201d y Fabricio P\u00e9rez en el TB de San Juan"},"content":{"rendered":"<p>El Viernes, 3 de Noviembre, a las 21:30 hs, en la Sala Audit\u00f3rium del Teatro del Bicentenario,\u00a0Fabricio P\u00e9rez presenta su tercer disco \u201cBarifico\u201d, el reciente trabajo que se muestra en un show, una propuesta de rock integrada por las nuevas canciones del m\u00fasico y un breve repaso por las composiciones de los dos \u00e1lbumes anteriores, \u00abEscansi\u00f3n\u00bb y \u201cDe c\u00f3mo las canciones&#8230;\u00bb.<\/p>\n<p>Este nuevo \u00e1lbum es un EP que se lanz\u00f3 el 13 de Octubre de 2023, est\u00e1 producido por Nicol\u00e1s Rodr\u00edguez, mezclado por Guillermo Barros y masterizado por Maxi Forestieri. En este trabajo participaron tambi\u00e9n los m\u00fasicos Mat\u00edas Inostroza, Camila Vaquero, Valeria Marra y Emiliano Caglieris. A la banda de la presentaci\u00f3n se suma Juan Pablo Trigo (Mundo Binario) e invitados especiales.<\/p>\n<p>Las entradas est\u00e1n a la venta en la boleter\u00edas del teatro y por <a href=\"http:\/\/tuentrada.com\/\">http:\/\/tuentrada.com\/<\/a><\/p>\n<p><span style=\"color: #339966;\"><strong>Sobre Fabricio P\u00e9rez<\/strong><\/span><\/p>\n<p><iframe loading=\"lazy\" title=\"Fabricio P\u00e9rez - &quot;Vals del desierto&quot;\" width=\"800\" height=\"450\" src=\"https:\/\/www.youtube.com\/embed\/uzx5lnTrxMQ?feature=oembed\" frameborder=\"0\" allow=\"accelerometer; autoplay; clipboard-write; encrypted-media; gyroscope; picture-in-picture; web-share\" allowfullscreen><\/iframe><\/p>\n<p>El cantante y compositor nacio\u0301 en San Juan en 1985. Toca el bajo, la guitarra y el charango.<\/p>\n<p>Pe\u0301rez comparti\u00f3 escenario con Limo\u0301n, Mariana Paraway, Lisandro Aristimun\u0303o, Toch, Jose\u0301 Quiroga, Axel Krieger, Fernando Cabrera, Liliana Herrero, Tincho Acosta, Pedro Aznar y cantado, en varias ocasiones, a du\u0301o con Lucio Mantel.<\/p>\n<p>Fue integrante de las bandas sanjuaninas Suite, Futre y Sudamericaneros. Tambie\u0301n realiz\u00f3 mu\u0301sica para documentales como \u201cMichino y para campan\u0303as publicitarias tales como \u201cMessages\u201d del disen\u0303ador france\u0301s Amaury Poudray.<\/p>\n<p>Es cancionista. Su propuesta es de folk rock fusio\u0301n y se presenta como solista o en banda. Particip\u00f3 de diversos ciclos, sobre todo, en Chile y en Argentina.<\/p>\n<p>En Buenos Aires, en 2012, realizo\u0301 un mini concierto de apertura para la primera presentacio\u0301n de Lucio Mantel en el Samsung Studio, en San Telmo. En la segunda mitad del 2013, comenzo\u0301 la grabacio\u0301n de su primer disco \u201cEscansion\u201d presentado a sala llena el 1 de noviembre de 2014 en el Cine Teatro Municipal de la Ciudad de San Juan.<\/p>\n<p>En 2015 fue convocado por el Ministerio de Cultura de la Nacio\u0301n para formar parte de la serie de encuentros musicales \u201cHuella Argentina\u201d. En esa ocasio\u0301n, precedio\u0301 al compositor Juan Falu\u0301.<\/p>\n<p>A fines del 2015, particip\u00f3 del Ciclo del Centro Patio Volanti\u0301n en Valpara\u00edso, Chile. En 2016, particip\u00f3 de los 40 an\u0303os por la Memoria Verdad y Justicia como soporte del compositor Pedro Aznar.<\/p>\n<p>En la primera mitad del 2017, realizo\u0301 una gira por Europa realizando presentaciones en Madrid, Barcelona, Paris, Londres y Praga.<\/p>\n<p>En 2019, compuso la m\u00fasica de la gala de la Fundaci\u00f3n de San Juan de la obra \u00abAdobe, cemento y cielo\u00bb, dirigida por Tania Leyes. En ese mismo a\u00f1o, presento\u0301 su disco doble \u201cDe como las canciones atraen a las selvas y la refutacio\u0301n definitiva sobre la realidad isoto\u0301picamente asinto\u0301tica que domina sus trayectorias\u201d integrado por 27 canciones.<\/p>\n<p>En 2022, presento\u0301 su u\u0301ltimo lanzamiento \u201cEn la ventana\u201d como adelanto del disco \u201cBarifico\u201d.<\/p>\n<p>&nbsp;<\/p>\n<figure id=\"attachment_32104\" aria-describedby=\"caption-attachment-32104\" style=\"width: 800px\" class=\"wp-caption alignnone\"><img loading=\"lazy\" decoding=\"async\" class=\"size-full wp-image-32104\" src=\"https:\/\/vocesparalelas.com.ar\/sitio\/wp-content\/uploads\/2020\/10\/TEATRO-DEL-BICENTENARIO.jpg\" alt=\"\" width=\"800\" height=\"475\" srcset=\"https:\/\/vocesparalelas.com.ar\/sitio\/wp-content\/uploads\/2020\/10\/TEATRO-DEL-BICENTENARIO.jpg 800w, https:\/\/vocesparalelas.com.ar\/sitio\/wp-content\/uploads\/2020\/10\/TEATRO-DEL-BICENTENARIO-300x178.jpg 300w, https:\/\/vocesparalelas.com.ar\/sitio\/wp-content\/uploads\/2020\/10\/TEATRO-DEL-BICENTENARIO-768x456.jpg 768w\" sizes=\"auto, (max-width: 800px) 100vw, 800px\" \/><figcaption id=\"caption-attachment-32104\" class=\"wp-caption-text\">Teatro del Bicentenario<\/figcaption><\/figure>\n","protected":false},"excerpt":{"rendered":"<p>El Viernes, 3 de Noviembre, a las 21:30 hs, en la Sala Audit\u00f3rium del Teatro del Bicentenario,\u00a0Fabricio P\u00e9rez presenta su<\/p>\n","protected":false},"author":3,"featured_media":64591,"comment_status":"closed","ping_status":"closed","sticky":false,"template":"","format":"standard","meta":{"_acf_changed":false,"_seopress_robots_primary_cat":"none","_seopress_titles_title":"","_seopress_titles_desc":"","_seopress_robots_index":"","colormag_page_container_layout":"default_layout","colormag_page_sidebar_layout":"default_layout","footnotes":""},"categories":[20,7],"tags":[],"class_list":["post-64586","post","type-post","status-publish","format-standard","has-post-thumbnail","hentry","category-cartelera","category-videos"],"acf":[],"_links":{"self":[{"href":"https:\/\/vocesparalelas.com.ar\/sitio\/wp-json\/wp\/v2\/posts\/64586","targetHints":{"allow":["GET"]}}],"collection":[{"href":"https:\/\/vocesparalelas.com.ar\/sitio\/wp-json\/wp\/v2\/posts"}],"about":[{"href":"https:\/\/vocesparalelas.com.ar\/sitio\/wp-json\/wp\/v2\/types\/post"}],"author":[{"embeddable":true,"href":"https:\/\/vocesparalelas.com.ar\/sitio\/wp-json\/wp\/v2\/users\/3"}],"replies":[{"embeddable":true,"href":"https:\/\/vocesparalelas.com.ar\/sitio\/wp-json\/wp\/v2\/comments?post=64586"}],"version-history":[{"count":4,"href":"https:\/\/vocesparalelas.com.ar\/sitio\/wp-json\/wp\/v2\/posts\/64586\/revisions"}],"predecessor-version":[{"id":64594,"href":"https:\/\/vocesparalelas.com.ar\/sitio\/wp-json\/wp\/v2\/posts\/64586\/revisions\/64594"}],"wp:featuredmedia":[{"embeddable":true,"href":"https:\/\/vocesparalelas.com.ar\/sitio\/wp-json\/wp\/v2\/media\/64591"}],"wp:attachment":[{"href":"https:\/\/vocesparalelas.com.ar\/sitio\/wp-json\/wp\/v2\/media?parent=64586"}],"wp:term":[{"taxonomy":"category","embeddable":true,"href":"https:\/\/vocesparalelas.com.ar\/sitio\/wp-json\/wp\/v2\/categories?post=64586"},{"taxonomy":"post_tag","embeddable":true,"href":"https:\/\/vocesparalelas.com.ar\/sitio\/wp-json\/wp\/v2\/tags?post=64586"}],"curies":[{"name":"wp","href":"https:\/\/api.w.org\/{rel}","templated":true}]}}