{"id":64574,"date":"2023-10-15T20:21:30","date_gmt":"2023-10-15T23:21:30","guid":{"rendered":"https:\/\/vocesparalelas.com.ar\/sitio\/?p=64574"},"modified":"2023-10-15T20:38:25","modified_gmt":"2023-10-15T23:38:25","slug":"7-aniversario-del-centro-de-desarrollo-tecnologico-san-juan-tec","status":"publish","type":"post","link":"https:\/\/vocesparalelas.com.ar\/sitio\/7-aniversario-del-centro-de-desarrollo-tecnologico-san-juan-tec\/","title":{"rendered":"7\u00b0 Aniversario del Centro de Desarrollo Tecnol\u00f3gico \u00abSan Juan TEC\u00bb"},"content":{"rendered":"<p>El 14 de Octubre de 2016, hace 7 a\u00f1os durante la gesti\u00f3n del Gobernador de San Juan, Dr. Sergio U\u00f1ac dej\u00f3 inaugurado el Centro de Desarrollo Tecnol\u00f3gico \u00abSan Juan TEC\u00bb, del Ministerio de Producci\u00f3n y Desarrollo Econ\u00f3mico del Gobierno de San Juan.<\/p>\n<p>El objetivo es desarrollar la Econom\u00eda del Conocimiento como un sector econ\u00f3mico de la provincia de San Juan, transversal a las dem\u00e1s actividades, enfocado en fomentar, desarrollar y fortalecer emprendimientos de base tecnol\u00f3gica, incorporar tecnolog\u00eda al sector productivo, crear vocaci\u00f3n tecnol\u00f3gica en la comunidad y generar en el mercado inversores, entre otros prop\u00f3sitos.<\/p>\n<p>Desde aquel 14 de octubre de 2016 a la actualidad fueron 20 mil los interesados que pasaron por los cursos que all\u00ed se dictan y 46 los proyectos incubados. Las oficinas y el espacio de Coworking se encuentran ubicadas en la esquina de Avenida Ignacio de la Roza y Catamarca, en la Red para Emprender.<\/p>\n<p><img loading=\"lazy\" decoding=\"async\" class=\"alignnone size-full wp-image-63810\" src=\"https:\/\/vocesparalelas.com.ar\/sitio\/wp-content\/uploads\/2023\/09\/TEC-SAN-JUAN-EDIFICIO-1.jpg\" alt=\"\" width=\"800\" height=\"600\" srcset=\"https:\/\/vocesparalelas.com.ar\/sitio\/wp-content\/uploads\/2023\/09\/TEC-SAN-JUAN-EDIFICIO-1.jpg 800w, https:\/\/vocesparalelas.com.ar\/sitio\/wp-content\/uploads\/2023\/09\/TEC-SAN-JUAN-EDIFICIO-1-300x225.jpg 300w, https:\/\/vocesparalelas.com.ar\/sitio\/wp-content\/uploads\/2023\/09\/TEC-SAN-JUAN-EDIFICIO-1-768x576.jpg 768w\" sizes=\"auto, (max-width: 800px) 100vw, 800px\" \/><\/p>\n<p>En este \u00e1mbito es que se realizan un conjunto de actividades econ\u00f3micas que requieren un intensivo aporte del conocimiento humano para generar valor y ofrecer a la sociedad nuevos productos y servicios que puedan ser aprovechados por todas las ramas de la producci\u00f3n.<\/p>\n<p>Desde la Secretar\u00eda de Pol\u00edtica Econ\u00f3mica se ha continuado impulsando la formaci\u00f3n de recursos humanos incubando proyectos, poniendo a disposici\u00f3n l\u00edneas de financiamiento para el desarrollo de las actividades y mejorando el marco jur\u00eddico de apoyo a este sector con el objetivo de mejorar la calidad del empleo en la provincia.<\/p>\n<p>Entre las capacitaciones ejecutadas se destacan las realizadas por el programa marco San Juan Tec: subprogramas Talento Tec, Mujeres Tec, Rob\u00f3tica, Desarrollo de Productos y Servicios de la Econom\u00eda del Conocimiento y Transformando Tesis en Empresas.<\/p>\n<p><span style=\"color: #339966;\"><strong>Cursos 2022<\/strong><\/span><\/p>\n<p>Las cifras de San Juan TEC se\u00f1alan que, en 2022, se realizaron 56 cursos en los que se capacitaron 4.941 personas, cifra r\u00e9cord que este a\u00f1o se proyecta superar con los cursos que se dictan en tres l\u00edneas: Mujeres TEC, Talento TEC, y Video Juegos.<\/p>\n<p><span style=\"color: #339966;\"><strong>Cursos 2023<\/strong><\/span><\/p>\n<p>Los cursos dictados durante el a\u00f1o en curso son los siguientes:<\/p>\n<ul>\n<li>Dise\u00f1o UX<\/li>\n<li>Fundamentos Javascript<\/li>\n<li>Fundamentos Angular<\/li>\n<li>Fundamentos Base de datos<\/li>\n<li>Fundamentos Laravel<\/li>\n<li>Fundamentos React.JS<\/li>\n<li>Introducci\u00f3n a administraci\u00f3n de servidores<\/li>\n<li>Introducci\u00f3n al desarrollo Bakend con Java<\/li>\n<li>Introducci\u00f3n al desarrollo Python<\/li>\n<li>Introducci\u00f3n al desarrollo m\u00f3vil<\/li>\n<li>Introducci\u00f3n al pensamiento l\u00f3gico<\/li>\n<li>Javascript avanzado<\/li>\n<li>Laravel avanzado<\/li>\n<li>Optimizaci\u00f3n y accesibilidad web<\/li>\n<li>PHP<\/li>\n<li>Python avanzado<\/li>\n<li>Community manager<\/li>\n<li>E-Comerce<\/li>\n<li>Inicio en el dise\u00f1o editorial (crea tu propio cat\u00e1logo)<\/li>\n<li>Introducci\u00f3n al dise\u00f1o<\/li>\n<li>Marketing digital<\/li>\n<li>Marketing digital avanzado<\/li>\n<li>Redes sociales para emprendedores<\/li>\n<li>Arte y dise\u00f1o 2D<\/li>\n<li>Modelado 3D en Blender<\/li>\n<li>Narrativa para videojuegos<\/li>\n<li>Producci\u00f3n musical para videojuegos<\/li>\n<li>Programaci\u00f3n en Cocos Creator 3D<\/li>\n<li>Programaci\u00f3n en Game Maker<\/li>\n<\/ul>\n<p>Los cursos est\u00e1n dise\u00f1ados de forma complementaria y evolutiva para que los alumnos a\u00f1o a a\u00f1o puedan especializarse y\/o ampliar el espectro de conocimiento.<\/p>\n<p>Algunos de los datos recogidos en los cursos indican que el 36 % de los capacitados son emprendedores; el 26 %, estudiantes; 18 %, trabajadores en relaci\u00f3n de dependencia; 6 %, amas de casa; 9 %, otros; 3 % docentes.<\/p>\n<p>Los departamentos de residencia de los capacitados en algunos cursos son: 27,9 %, Capital; 19,5 %, Rawson; 18,3 %, Rivadavia; 10,4 %, Chimbas; 6,7 %, Santa Luc\u00eda; 3,9 %, Pocito; 1,9 %, Albard\u00f3n.<\/p>\n<p>Estad\u00edsticamente, m\u00e1s del 10% de los capacitados desempleados logran insertarse en el mercado laboral desempe\u00f1\u00e1ndose en las \u00e1reas que fueron capacitados; mientras que al menos el 40% de los proyectos incubados logran convertirse en emprendimientos.<\/p>\n<p><span style=\"color: #339966;\"><strong>Expansi\u00f3n Coworking<\/strong><\/span><\/p>\n<p>El espacio cuenta con 24 puestos de trabajo equipados, con PC de \u00faltima generaci\u00f3n y monitor led, para los coworkers que no dispongan de notebook o tablet y otros 20 puestos de trabajo no equipados para los coworkers que asistan con su equipamiento que hacen un total de 44 puestos.<\/p>\n<p>El p\u00fablico objetivo que har\u00e1 uso de estas instalaciones se constituye por freelancers, emprendedores y estudiantes que deber\u00e1n solicitar turno previo a trav\u00e9s de un turnero que pr\u00f3ximamente estar\u00e1 disponible.<\/p>\n<p><strong><span style=\"color: #339966;\">Servicios a brindar<\/span><\/strong><\/p>\n<ul>\n<li>Internet de alta velocidad.<\/li>\n<li>Puestos de trabajo equipados y no equipados, individuales y grupales.<\/li>\n<li><\/li>\n<li>Instalaciones c\u00f3modas.<\/li>\n<li>Lugar luminoso.<\/li>\n<li>F\u00e1cil acceso.<\/li>\n<li>Actividades para impulsar networking.<\/li>\n<li>Espacio de recreaci\u00f3n.<\/li>\n<li>Servicio de limpieza.<\/li>\n<li>Monitoreo de alarma.<\/li>\n<\/ul>\n<p><img loading=\"lazy\" decoding=\"async\" class=\"alignnone size-full wp-image-63813\" src=\"https:\/\/vocesparalelas.com.ar\/sitio\/wp-content\/uploads\/2023\/09\/TEC-SAN-JUAN-03.jpg\" alt=\"\" width=\"800\" height=\"600\" srcset=\"https:\/\/vocesparalelas.com.ar\/sitio\/wp-content\/uploads\/2023\/09\/TEC-SAN-JUAN-03.jpg 800w, https:\/\/vocesparalelas.com.ar\/sitio\/wp-content\/uploads\/2023\/09\/TEC-SAN-JUAN-03-300x225.jpg 300w, https:\/\/vocesparalelas.com.ar\/sitio\/wp-content\/uploads\/2023\/09\/TEC-SAN-JUAN-03-768x576.jpg 768w\" sizes=\"auto, (max-width: 800px) 100vw, 800px\" \/><\/p>\n","protected":false},"excerpt":{"rendered":"<p>El 14 de Octubre de 2016, hace 7 a\u00f1os durante la gesti\u00f3n del Gobernador de San Juan, Dr. Sergio U\u00f1ac<\/p>\n","protected":false},"author":3,"featured_media":63811,"comment_status":"closed","ping_status":"closed","sticky":false,"template":"","format":"standard","meta":{"_acf_changed":false,"_seopress_robots_primary_cat":"none","_seopress_titles_title":"","_seopress_titles_desc":"","_seopress_robots_index":"","colormag_page_container_layout":"default_layout","colormag_page_sidebar_layout":"default_layout","footnotes":""},"categories":[1],"tags":[],"class_list":["post-64574","post","type-post","status-publish","format-standard","has-post-thumbnail","hentry","category-destacadas"],"acf":[],"_links":{"self":[{"href":"https:\/\/vocesparalelas.com.ar\/sitio\/wp-json\/wp\/v2\/posts\/64574","targetHints":{"allow":["GET"]}}],"collection":[{"href":"https:\/\/vocesparalelas.com.ar\/sitio\/wp-json\/wp\/v2\/posts"}],"about":[{"href":"https:\/\/vocesparalelas.com.ar\/sitio\/wp-json\/wp\/v2\/types\/post"}],"author":[{"embeddable":true,"href":"https:\/\/vocesparalelas.com.ar\/sitio\/wp-json\/wp\/v2\/users\/3"}],"replies":[{"embeddable":true,"href":"https:\/\/vocesparalelas.com.ar\/sitio\/wp-json\/wp\/v2\/comments?post=64574"}],"version-history":[{"count":1,"href":"https:\/\/vocesparalelas.com.ar\/sitio\/wp-json\/wp\/v2\/posts\/64574\/revisions"}],"predecessor-version":[{"id":64577,"href":"https:\/\/vocesparalelas.com.ar\/sitio\/wp-json\/wp\/v2\/posts\/64574\/revisions\/64577"}],"wp:featuredmedia":[{"embeddable":true,"href":"https:\/\/vocesparalelas.com.ar\/sitio\/wp-json\/wp\/v2\/media\/63811"}],"wp:attachment":[{"href":"https:\/\/vocesparalelas.com.ar\/sitio\/wp-json\/wp\/v2\/media?parent=64574"}],"wp:term":[{"taxonomy":"category","embeddable":true,"href":"https:\/\/vocesparalelas.com.ar\/sitio\/wp-json\/wp\/v2\/categories?post=64574"},{"taxonomy":"post_tag","embeddable":true,"href":"https:\/\/vocesparalelas.com.ar\/sitio\/wp-json\/wp\/v2\/tags?post=64574"}],"curies":[{"name":"wp","href":"https:\/\/api.w.org\/{rel}","templated":true}]}}