{"id":64570,"date":"2023-10-15T19:40:57","date_gmt":"2023-10-15T22:40:57","guid":{"rendered":"https:\/\/vocesparalelas.com.ar\/sitio\/?p=64570"},"modified":"2023-10-16T22:02:28","modified_gmt":"2023-10-17T01:02:28","slug":"talleres-presenciales-en-conectar-lab-de-san-juan","status":"publish","type":"post","link":"https:\/\/vocesparalelas.com.ar\/sitio\/talleres-presenciales-en-conectar-lab-de-san-juan\/","title":{"rendered":"Talleres presenciales en Conectar LAB de San Juan"},"content":{"rendered":"<p>El Centro de Innovaci\u00f3n Educativa Conectar LAB, Las Heras y Juan B. Alberdi, Capital, desarrolla una serie de talleres presenciales para chicos de 12 a 18 a\u00f1os. Tienen cupo, los interesados deben inscribirse para participar.<\/p>\n<p><span style=\"color: #339966;\"><strong>Puertas del Futuro: Taller de \u201cDom\u00f3tica con Arduino\u201d<\/strong><\/span><\/p>\n<p>Mediante el uso de la electr\u00f3nica y la programaci\u00f3n, experimentan el proceso de dise\u00f1ar, instalar y gestionar un sistema de puerta inteligente a trav\u00e9s del manejo de Arduino, sensores y motores. Exploraran las ventajas de la seguridad mejorada, la accesibilidad, la conveniencia y la eficiencia energ\u00e9tica que las puertas dom\u00f3ticas pueden aportan a la vida diaria.<\/p>\n<p>El objetivo es que al final el taller tengan conocimiento de la tecnolog\u00eda de las puertas dom\u00f3ticas, sistemas capaces de automatizar una vivienda, como as\u00ed tambi\u00e9n la capacidad de implementar estas soluciones en sus propios proyectos.<\/p>\n<ul>\n<li>Martes, 17 de Octubre<\/li>\n<li>Horario de 14 a 15horas<\/li>\n<li>Cantidad de encuentros: 4<\/li>\n<li>Para chicos de 12 a 18 a\u00f1os<\/li>\n<li>Duraci\u00f3n de cada encuentro: 1 hora<\/li>\n<li>Cupo: hasta 8 chicos<\/li>\n<\/ul>\n<p><strong><span style=\"color: #339966;\">Inscripci\u00f3n en el \u201cTaller de Dom\u00f3tica con Arduino\u201d<\/span><\/strong><\/p>\n<p><a href=\"https:\/\/docs.google.com\/forms\/d\/e\/1FAIpQLSchY2q3I6NdVK3raIMp6UtJRB_48J39XR2_5e2VDPJzqY8jA\/viewform?usp=sf_link\">https:\/\/docs.google.com\/forms\/d\/e\/1FAIpQLSchY2q3I6NdVK3raIMp6UtJRB_48J39XR2_5e2VDPJzqY8jA\/viewform?usp=sf_link<\/a><\/p>\n<p><span style=\"color: #339966;\"><strong>Sonidos Ancestrales<\/strong><\/span><\/p>\n<p>Conocen la importancia de la musicalidad que ten\u00edan los pueblos originarios de Cuyo, sus instrumentos, usos y composiciones. Poniendo en valor en el mes de la Diversidad Cultural la importancia de rencontrase con la historia y origen,<\/p>\n<p>Aprenden el uso de herramientas como el LMMS y AUDACITY para regrabar, construir piezas, cortar, loopear, etc. Pueden valorar la m\u00fasica ancestral pero adem\u00e1s darle un toque de actualidad.<\/p>\n<ul>\n<li>Mi\u00e9rcoles 18 de octubre<\/li>\n<li>Horario de 14 a 15horas.<\/li>\n<li>Cantidad de encuentros: 6<\/li>\n<li>Para chicos de 13 a 18 a\u00f1os<\/li>\n<li>Duraci\u00f3n de cada encuentro: 1:30 horas<\/li>\n<li>Cupo: hasta 15 chicos<\/li>\n<\/ul>\n<p><strong><span style=\"color: #339966;\">Inscripci\u00f3n a \u00abSonidos Ancestrales\u201d<\/span><\/strong><\/p>\n<p><a href=\"https:\/\/docs.google.com\/forms\/d\/1p41QOODvW1hNjrx2MkUEIDB_xwcB_H6CAa8GYI2VJXw\/edit\">https:\/\/docs.google.com\/forms\/d\/1p41QOODvW1hNjrx2MkUEIDB_xwcB_H6CAa8GYI2VJXw\/edit<\/a><\/p>\n<p><span style=\"color: #339966;\"><strong>Arduino Experience<\/strong><\/span><\/p>\n<p>Se forman equipos para realizar actividades, din\u00e1micas relacionadas a la conciencia y seguridad vial, auto-cuidado en la circulaci\u00f3n. Dise\u00f1an y arman un circuito simple, con luces led, resistencias y cables de conexi\u00f3n protoboard, simulando las conexiones prototipo de un sem\u00e1foro, que luego cargando un c\u00f3digo de programaci\u00f3n pondr\u00e1n en funciones<\/p>\n<ul>\n<li>Jueves, 19 de Octubre<\/li>\n<li>Horario: de 10 a 11hs<\/li>\n<li>Cantidad de encuentros:<\/li>\n<li>Edades: 13 a 16 a\u00f1os<\/li>\n<li>Duraci\u00f3n de cada encuentro: 1 hs.<\/li>\n<li>Cupo: hasta 16 chicos<\/li>\n<\/ul>\n<p><strong><span style=\"color: #339966;\">Inscripci\u00f3n en \u201cArduino Experience\u201d<\/span><\/strong><\/p>\n<p><a href=\"https:\/\/docs.google.com\/forms\/d\/e\/1FAIpQLSfl4NRcIKM3TnxR9fe7l1gTKv2quwgWnMOGUGfNOQZVIgh5Gg\/viewform\">https:\/\/docs.google.com\/forms\/d\/e\/1FAIpQLSfl4NRcIKM3TnxR9fe7l1gTKv2quwgWnMOGUGfNOQZVIgh5Gg\/viewform<\/a><\/p>\n<p><span style=\"color: #339966;\"><strong>Por mayor informaci\u00f3n o consultas<\/strong> <\/span><\/p>\n<p>Contactarse al WhatsApp 2645 42-7002 &#8211; De lunes a Viernes<\/p>\n<p>&nbsp;<\/p>\n<p><img loading=\"lazy\" decoding=\"async\" class=\"alignnone size-full wp-image-28629\" src=\"https:\/\/vocesparalelas.com.ar\/sitio\/wp-content\/uploads\/2020\/05\/MINISTERIO-EDUCACION-SJ.jpg\" alt=\"\" width=\"800\" height=\"533\" srcset=\"https:\/\/vocesparalelas.com.ar\/sitio\/wp-content\/uploads\/2020\/05\/MINISTERIO-EDUCACION-SJ.jpg 800w, https:\/\/vocesparalelas.com.ar\/sitio\/wp-content\/uploads\/2020\/05\/MINISTERIO-EDUCACION-SJ-300x200.jpg 300w, https:\/\/vocesparalelas.com.ar\/sitio\/wp-content\/uploads\/2020\/05\/MINISTERIO-EDUCACION-SJ-768x512.jpg 768w\" sizes=\"auto, (max-width: 800px) 100vw, 800px\" \/><\/p>\n","protected":false},"excerpt":{"rendered":"<p>El Centro de Innovaci\u00f3n Educativa Conectar LAB, Las Heras y Juan B. Alberdi, Capital, desarrolla una serie de talleres presenciales<\/p>\n","protected":false},"author":3,"featured_media":64251,"comment_status":"closed","ping_status":"closed","sticky":false,"template":"","format":"standard","meta":{"_acf_changed":false,"_seopress_robots_primary_cat":"none","_seopress_titles_title":"","_seopress_titles_desc":"","_seopress_robots_index":"","colormag_page_container_layout":"default_layout","colormag_page_sidebar_layout":"default_layout","footnotes":""},"categories":[9],"tags":[],"class_list":["post-64570","post","type-post","status-publish","format-standard","has-post-thumbnail","hentry","category-cursos"],"acf":[],"_links":{"self":[{"href":"https:\/\/vocesparalelas.com.ar\/sitio\/wp-json\/wp\/v2\/posts\/64570","targetHints":{"allow":["GET"]}}],"collection":[{"href":"https:\/\/vocesparalelas.com.ar\/sitio\/wp-json\/wp\/v2\/posts"}],"about":[{"href":"https:\/\/vocesparalelas.com.ar\/sitio\/wp-json\/wp\/v2\/types\/post"}],"author":[{"embeddable":true,"href":"https:\/\/vocesparalelas.com.ar\/sitio\/wp-json\/wp\/v2\/users\/3"}],"replies":[{"embeddable":true,"href":"https:\/\/vocesparalelas.com.ar\/sitio\/wp-json\/wp\/v2\/comments?post=64570"}],"version-history":[{"count":2,"href":"https:\/\/vocesparalelas.com.ar\/sitio\/wp-json\/wp\/v2\/posts\/64570\/revisions"}],"predecessor-version":[{"id":64606,"href":"https:\/\/vocesparalelas.com.ar\/sitio\/wp-json\/wp\/v2\/posts\/64570\/revisions\/64606"}],"wp:featuredmedia":[{"embeddable":true,"href":"https:\/\/vocesparalelas.com.ar\/sitio\/wp-json\/wp\/v2\/media\/64251"}],"wp:attachment":[{"href":"https:\/\/vocesparalelas.com.ar\/sitio\/wp-json\/wp\/v2\/media?parent=64570"}],"wp:term":[{"taxonomy":"category","embeddable":true,"href":"https:\/\/vocesparalelas.com.ar\/sitio\/wp-json\/wp\/v2\/categories?post=64570"},{"taxonomy":"post_tag","embeddable":true,"href":"https:\/\/vocesparalelas.com.ar\/sitio\/wp-json\/wp\/v2\/tags?post=64570"}],"curies":[{"name":"wp","href":"https:\/\/api.w.org\/{rel}","templated":true}]}}