{"id":64546,"date":"2023-10-17T21:00:09","date_gmt":"2023-10-18T00:00:09","guid":{"rendered":"https:\/\/vocesparalelas.com.ar\/sitio\/?p=64546"},"modified":"2023-10-17T23:20:29","modified_gmt":"2023-10-18T02:20:29","slug":"suite-libertango-musica-de-astor-piazzolla-en-el-auditorio-ing-juan-victoria-de-san-juan","status":"publish","type":"post","link":"https:\/\/vocesparalelas.com.ar\/sitio\/suite-libertango-musica-de-astor-piazzolla-en-el-auditorio-ing-juan-victoria-de-san-juan\/","title":{"rendered":"\u00abSuite Libertango\u00bb M\u00fasica de Astor Piazzolla en el Auditorio Ing. Juan Victoria de San Juan"},"content":{"rendered":"<p>El Mi\u00e9rcoles, 18 de Octubre, a las 21 hs.; en el Auditorio Ing. Juan Victoria se desarrolla otras presentaci\u00f3n en el marco del 1\u00b0 Festival Internacional de M\u00fasica de C\u00e1mara 2023, con \u00abSuite Libertango\u00bb M\u00fasica de Astor Piazzolla, ensamble contrabando, con la Direcci\u00f3n del M\u00b0 Esteban Calder\u00f3n. La entrada es libre y gratuita.<\/p>\n<p><img loading=\"lazy\" decoding=\"async\" class=\"alignnone size-full wp-image-64553\" src=\"https:\/\/vocesparalelas.com.ar\/sitio\/wp-content\/uploads\/2023\/10\/FFHA-TANGO-03.jpg\" alt=\"\" width=\"800\" height=\"533\" srcset=\"https:\/\/vocesparalelas.com.ar\/sitio\/wp-content\/uploads\/2023\/10\/FFHA-TANGO-03.jpg 800w, https:\/\/vocesparalelas.com.ar\/sitio\/wp-content\/uploads\/2023\/10\/FFHA-TANGO-03-300x200.jpg 300w, https:\/\/vocesparalelas.com.ar\/sitio\/wp-content\/uploads\/2023\/10\/FFHA-TANGO-03-768x512.jpg 768w\" sizes=\"auto, (max-width: 800px) 100vw, 800px\" \/><\/p>\n<p>Por ello, Voces Paralelas desarroll\u00f3 una entrevista period\u00edstica al integrante del Centro de Creaci\u00f3n Art\u00edstica Orquestal de la FFHA de la UNSJ, Prof. Pablo Blanco, quien describi\u00f3 el nuevo desaf\u00edo musical para disfrutar \u00abSuite Libertango\u00bb M\u00fasica de Astor Piazzolla.<\/p>\n<p><iframe loading=\"lazy\" title=\"FFHA UNSJ PROF PABLO BLANCO\" width=\"800\" height=\"450\" src=\"https:\/\/www.youtube.com\/embed\/GlAh6Sdw2Ds?feature=oembed\" frameborder=\"0\" allow=\"accelerometer; autoplay; clipboard-write; encrypted-media; gyroscope; picture-in-picture; web-share\" allowfullscreen><\/iframe><\/p>\n<p>Voces Paralelas publica el espacio previo que refleja el trabajo perseverante del los integrantes del concierto de C\u00e1mara \u00abSuite Libertango\u00bb M\u00fasica de Astor Piazzolla, ensamble contrabando, con la Direcci\u00f3n del M\u00b0 Esteban Calder\u00f3n.<\/p>\n<p>&nbsp;<\/p>\n<p><img loading=\"lazy\" decoding=\"async\" class=\"alignnone size-full wp-image-64555\" src=\"https:\/\/vocesparalelas.com.ar\/sitio\/wp-content\/uploads\/2023\/10\/FFHA-TANGO-05.jpg\" alt=\"\" width=\"800\" height=\"533\" srcset=\"https:\/\/vocesparalelas.com.ar\/sitio\/wp-content\/uploads\/2023\/10\/FFHA-TANGO-05.jpg 800w, https:\/\/vocesparalelas.com.ar\/sitio\/wp-content\/uploads\/2023\/10\/FFHA-TANGO-05-300x200.jpg 300w, https:\/\/vocesparalelas.com.ar\/sitio\/wp-content\/uploads\/2023\/10\/FFHA-TANGO-05-768x512.jpg 768w\" sizes=\"auto, (max-width: 800px) 100vw, 800px\" \/><\/p>\n<p><iframe loading=\"lazy\" title=\"FFHA UNSJ TANGO\" width=\"800\" height=\"450\" src=\"https:\/\/www.youtube.com\/embed\/OyYO3nRm0kA?feature=oembed\" frameborder=\"0\" allow=\"accelerometer; autoplay; clipboard-write; encrypted-media; gyroscope; picture-in-picture; web-share\" allowfullscreen><\/iframe><\/p>\n<p>&nbsp;<\/p>\n<p><img loading=\"lazy\" decoding=\"async\" class=\"alignnone size-full wp-image-64552\" src=\"https:\/\/vocesparalelas.com.ar\/sitio\/wp-content\/uploads\/2023\/10\/FFHA-TANGO-02.jpg\" alt=\"\" width=\"800\" height=\"533\" srcset=\"https:\/\/vocesparalelas.com.ar\/sitio\/wp-content\/uploads\/2023\/10\/FFHA-TANGO-02.jpg 800w, https:\/\/vocesparalelas.com.ar\/sitio\/wp-content\/uploads\/2023\/10\/FFHA-TANGO-02-300x200.jpg 300w, https:\/\/vocesparalelas.com.ar\/sitio\/wp-content\/uploads\/2023\/10\/FFHA-TANGO-02-768x512.jpg 768w\" sizes=\"auto, (max-width: 800px) 100vw, 800px\" \/><\/p>\n<p><iframe loading=\"lazy\" title=\"FFHA UNSJ TANGO\" width=\"800\" height=\"450\" src=\"https:\/\/www.youtube.com\/embed\/xysjllBFgzU?feature=oembed\" frameborder=\"0\" allow=\"accelerometer; autoplay; clipboard-write; encrypted-media; gyroscope; picture-in-picture; web-share\" allowfullscreen><\/iframe><\/p>\n<p><img loading=\"lazy\" decoding=\"async\" class=\"alignnone size-full wp-image-64551\" src=\"https:\/\/vocesparalelas.com.ar\/sitio\/wp-content\/uploads\/2023\/10\/FFHA-TANGO-01-1.jpg\" alt=\"\" width=\"800\" height=\"533\" srcset=\"https:\/\/vocesparalelas.com.ar\/sitio\/wp-content\/uploads\/2023\/10\/FFHA-TANGO-01-1.jpg 800w, https:\/\/vocesparalelas.com.ar\/sitio\/wp-content\/uploads\/2023\/10\/FFHA-TANGO-01-1-300x200.jpg 300w, https:\/\/vocesparalelas.com.ar\/sitio\/wp-content\/uploads\/2023\/10\/FFHA-TANGO-01-1-768x512.jpg 768w\" sizes=\"auto, (max-width: 800px) 100vw, 800px\" \/><\/p>\n<p><img loading=\"lazy\" decoding=\"async\" class=\"alignnone size-full wp-image-61468\" src=\"https:\/\/vocesparalelas.com.ar\/sitio\/wp-content\/uploads\/2023\/07\/AUDITORIO-EDIFICIO.jpg\" alt=\"\" width=\"800\" height=\"533\" srcset=\"https:\/\/vocesparalelas.com.ar\/sitio\/wp-content\/uploads\/2023\/07\/AUDITORIO-EDIFICIO.jpg 800w, https:\/\/vocesparalelas.com.ar\/sitio\/wp-content\/uploads\/2023\/07\/AUDITORIO-EDIFICIO-300x200.jpg 300w, https:\/\/vocesparalelas.com.ar\/sitio\/wp-content\/uploads\/2023\/07\/AUDITORIO-EDIFICIO-768x512.jpg 768w\" sizes=\"auto, (max-width: 800px) 100vw, 800px\" \/><\/p>\n","protected":false},"excerpt":{"rendered":"<p>El Mi\u00e9rcoles, 18 de Octubre, a las 21 hs.; en el Auditorio Ing. Juan Victoria se desarrolla otras presentaci\u00f3n en<\/p>\n","protected":false},"author":3,"featured_media":64549,"comment_status":"closed","ping_status":"closed","sticky":false,"template":"","format":"standard","meta":{"_acf_changed":false,"_seopress_robots_primary_cat":"none","_seopress_titles_title":"","_seopress_titles_desc":"","_seopress_robots_index":"","colormag_page_container_layout":"default_layout","colormag_page_sidebar_layout":"default_layout","footnotes":""},"categories":[1,7],"tags":[],"class_list":["post-64546","post","type-post","status-publish","format-standard","has-post-thumbnail","hentry","category-destacadas","category-videos"],"acf":[],"_links":{"self":[{"href":"https:\/\/vocesparalelas.com.ar\/sitio\/wp-json\/wp\/v2\/posts\/64546","targetHints":{"allow":["GET"]}}],"collection":[{"href":"https:\/\/vocesparalelas.com.ar\/sitio\/wp-json\/wp\/v2\/posts"}],"about":[{"href":"https:\/\/vocesparalelas.com.ar\/sitio\/wp-json\/wp\/v2\/types\/post"}],"author":[{"embeddable":true,"href":"https:\/\/vocesparalelas.com.ar\/sitio\/wp-json\/wp\/v2\/users\/3"}],"replies":[{"embeddable":true,"href":"https:\/\/vocesparalelas.com.ar\/sitio\/wp-json\/wp\/v2\/comments?post=64546"}],"version-history":[{"count":1,"href":"https:\/\/vocesparalelas.com.ar\/sitio\/wp-json\/wp\/v2\/posts\/64546\/revisions"}],"predecessor-version":[{"id":64557,"href":"https:\/\/vocesparalelas.com.ar\/sitio\/wp-json\/wp\/v2\/posts\/64546\/revisions\/64557"}],"wp:featuredmedia":[{"embeddable":true,"href":"https:\/\/vocesparalelas.com.ar\/sitio\/wp-json\/wp\/v2\/media\/64549"}],"wp:attachment":[{"href":"https:\/\/vocesparalelas.com.ar\/sitio\/wp-json\/wp\/v2\/media?parent=64546"}],"wp:term":[{"taxonomy":"category","embeddable":true,"href":"https:\/\/vocesparalelas.com.ar\/sitio\/wp-json\/wp\/v2\/categories?post=64546"},{"taxonomy":"post_tag","embeddable":true,"href":"https:\/\/vocesparalelas.com.ar\/sitio\/wp-json\/wp\/v2\/tags?post=64546"}],"curies":[{"name":"wp","href":"https:\/\/api.w.org\/{rel}","templated":true}]}}