{"id":64535,"date":"2023-10-14T18:23:28","date_gmt":"2023-10-14T21:23:28","guid":{"rendered":"https:\/\/vocesparalelas.com.ar\/sitio\/?p=64535"},"modified":"2023-10-15T00:33:02","modified_gmt":"2023-10-15T03:33:02","slug":"es-un-frente-que-tiene-el-poder-politico-para-hacer-los-cambios-necesarios-y-lograr-que-la-argentina-avance","status":"publish","type":"post","link":"https:\/\/vocesparalelas.com.ar\/sitio\/es-un-frente-que-tiene-el-poder-politico-para-hacer-los-cambios-necesarios-y-lograr-que-la-argentina-avance\/","title":{"rendered":"\u00abEs un frente que tiene el poder pol\u00edtico para hacer los cambios necesarios y lograr que la Argentina avance\u00bb"},"content":{"rendered":"<p>La candidata a presidente de Juntos por el Cambio, Dra. Patricia Bullrich, anunci\u00f3 que el Econ. Horacio Rodr\u00edguez Larreta ser\u00e1 su jefe de Gabinete si resulta electa como presidente de los argentinos.<\/p>\n<p><iframe loading=\"lazy\" title=\"Patricia Bullrich anunci\u00f3 que Rodr\u00edguez Larreta ser\u00e1 su jefe de Gabinete\" width=\"800\" height=\"450\" src=\"https:\/\/www.youtube.com\/embed\/GWC-xxTSWos?feature=oembed\" frameborder=\"0\" allow=\"accelerometer; autoplay; clipboard-write; encrypted-media; gyroscope; picture-in-picture; web-share\" allowfullscreen><\/iframe><\/p>\n<p>&nbsp;<\/p>\n<figure id=\"attachment_62354\" aria-describedby=\"caption-attachment-62354\" style=\"width: 800px\" class=\"wp-caption alignnone\"><img loading=\"lazy\" decoding=\"async\" class=\"size-full wp-image-62354\" src=\"https:\/\/vocesparalelas.com.ar\/sitio\/wp-content\/uploads\/2023\/08\/CAMBIA-SAN-JUAN-ORREGO-MARTIN.jpg\" alt=\"\" width=\"800\" height=\"533\" srcset=\"https:\/\/vocesparalelas.com.ar\/sitio\/wp-content\/uploads\/2023\/08\/CAMBIA-SAN-JUAN-ORREGO-MARTIN.jpg 800w, https:\/\/vocesparalelas.com.ar\/sitio\/wp-content\/uploads\/2023\/08\/CAMBIA-SAN-JUAN-ORREGO-MARTIN-300x200.jpg 300w, https:\/\/vocesparalelas.com.ar\/sitio\/wp-content\/uploads\/2023\/08\/CAMBIA-SAN-JUAN-ORREGO-MARTIN-768x512.jpg 768w\" sizes=\"auto, (max-width: 800px) 100vw, 800px\" \/><figcaption id=\"caption-attachment-62354\" class=\"wp-caption-text\">El Gobernador Electo de Cambia San Juan, Dr. Marcelo Orrego junto al Vicegobernador Electo, Dr. Fabi\u00e1n Mart\u00edn<\/figcaption><\/figure>\n<p>&nbsp;<\/p>\n<p>Por ello, el gobernador electo de San Juan, Dr. Marcelo Orrego afirm\u00f3 que \u00abes muy buena noticia y viene a reafirmar la unidad dentro del espacio\u201d.<\/p>\n<p>Adem\u00e1s, sostuvo que \u00abJuntos por el Cambio es el \u00fanico espacio que tiene la capacidad y la vocaci\u00f3n para sacar el pa\u00eds adelante. Es un frente que tiene el poder pol\u00edtico para hacer los cambios necesarios y lograr que la Argentina avance y nunca m\u00e1s volvamos para atr\u00e1s. Patricia tiene el liderazgo y cuenta con estructura pol\u00edtica, gobernadores, legisladores, personas de mucha experiencia y valor, como Carlos Melconian y ahora, con el anuncio de Horacio Rodr\u00edguez Larreta como Jefe de Gabinete. Esa es una gran diferencia que caracteriza a este nuevo Juntos por el Cambio\u201d.<\/p>\n<p>\u00abTanto Patricia como Horacio, son personas a las que conozco. Ellos conocen San Juan, sus necesidades y su gente. Conf\u00edo plenamente que con ellos vamos a tener una puerta siempre abierta para el di\u00e1logo, para conseguir recursos y herramientas para todo lo que queremos hacer en los pr\u00f3ximos a\u00f1os\u201d &#8211; enfatiz\u00f3 el Dr. Marcelo Orrego.<\/p>\n<p>&nbsp;<\/p>\n<p><img loading=\"lazy\" decoding=\"async\" class=\"alignnone size-full wp-image-64564\" src=\"https:\/\/vocesparalelas.com.ar\/sitio\/wp-content\/uploads\/2023\/10\/JUNTOS-CAMBIO.jpg\" alt=\"\" width=\"800\" height=\"490\" srcset=\"https:\/\/vocesparalelas.com.ar\/sitio\/wp-content\/uploads\/2023\/10\/JUNTOS-CAMBIO.jpg 800w, https:\/\/vocesparalelas.com.ar\/sitio\/wp-content\/uploads\/2023\/10\/JUNTOS-CAMBIO-300x184.jpg 300w, https:\/\/vocesparalelas.com.ar\/sitio\/wp-content\/uploads\/2023\/10\/JUNTOS-CAMBIO-768x470.jpg 768w\" sizes=\"auto, (max-width: 800px) 100vw, 800px\" \/><\/p>\n","protected":false},"excerpt":{"rendered":"<p>La candidata a presidente de Juntos por el Cambio, Dra. Patricia Bullrich, anunci\u00f3 que el Econ. Horacio Rodr\u00edguez Larreta ser\u00e1<\/p>\n","protected":false},"author":3,"featured_media":64538,"comment_status":"closed","ping_status":"closed","sticky":false,"template":"","format":"standard","meta":{"_acf_changed":false,"_seopress_robots_primary_cat":"none","_seopress_titles_title":"","_seopress_titles_desc":"","_seopress_robots_index":"","colormag_page_container_layout":"default_layout","colormag_page_sidebar_layout":"default_layout","footnotes":""},"categories":[1,7],"tags":[],"class_list":["post-64535","post","type-post","status-publish","format-standard","has-post-thumbnail","hentry","category-destacadas","category-videos"],"acf":[],"_links":{"self":[{"href":"https:\/\/vocesparalelas.com.ar\/sitio\/wp-json\/wp\/v2\/posts\/64535","targetHints":{"allow":["GET"]}}],"collection":[{"href":"https:\/\/vocesparalelas.com.ar\/sitio\/wp-json\/wp\/v2\/posts"}],"about":[{"href":"https:\/\/vocesparalelas.com.ar\/sitio\/wp-json\/wp\/v2\/types\/post"}],"author":[{"embeddable":true,"href":"https:\/\/vocesparalelas.com.ar\/sitio\/wp-json\/wp\/v2\/users\/3"}],"replies":[{"embeddable":true,"href":"https:\/\/vocesparalelas.com.ar\/sitio\/wp-json\/wp\/v2\/comments?post=64535"}],"version-history":[{"count":2,"href":"https:\/\/vocesparalelas.com.ar\/sitio\/wp-json\/wp\/v2\/posts\/64535\/revisions"}],"predecessor-version":[{"id":64565,"href":"https:\/\/vocesparalelas.com.ar\/sitio\/wp-json\/wp\/v2\/posts\/64535\/revisions\/64565"}],"wp:featuredmedia":[{"embeddable":true,"href":"https:\/\/vocesparalelas.com.ar\/sitio\/wp-json\/wp\/v2\/media\/64538"}],"wp:attachment":[{"href":"https:\/\/vocesparalelas.com.ar\/sitio\/wp-json\/wp\/v2\/media?parent=64535"}],"wp:term":[{"taxonomy":"category","embeddable":true,"href":"https:\/\/vocesparalelas.com.ar\/sitio\/wp-json\/wp\/v2\/categories?post=64535"},{"taxonomy":"post_tag","embeddable":true,"href":"https:\/\/vocesparalelas.com.ar\/sitio\/wp-json\/wp\/v2\/tags?post=64535"}],"curies":[{"name":"wp","href":"https:\/\/api.w.org\/{rel}","templated":true}]}}