{"id":64530,"date":"2023-10-14T10:05:06","date_gmt":"2023-10-14T13:05:06","guid":{"rendered":"https:\/\/vocesparalelas.com.ar\/sitio\/?p=64530"},"modified":"2023-10-17T21:17:10","modified_gmt":"2023-10-18T00:17:10","slug":"llega-la-candidata-a-presidente-por-juntos-por-el-cambio-dra-patricia-bullrich-a-san-juan","status":"publish","type":"post","link":"https:\/\/vocesparalelas.com.ar\/sitio\/llega-la-candidata-a-presidente-por-juntos-por-el-cambio-dra-patricia-bullrich-a-san-juan\/","title":{"rendered":"Llega la candidata a Presidente por Juntos por el Cambio, Dra. Patricia Bullrich a San Juan"},"content":{"rendered":"<p>Tal como se anunci\u00f3, la candidata a Presidente por Juntos por el Cambio, Dra. Patricia Bullrich llega a San Juan el Martes, 17 de Octubre, con una agenda que comienza a las 11;15 hs.; con la conferencia de prensa en el Hotel \u201cVi\u00f1as del Sol\u201d y a las 12:30 hs.; con el Acto Pol\u00edtico con dirigentes pol\u00edticos, militancia y simpatizantes, en el Club del Centro Comercial de Santa Luc\u00eda, Carlos Pellegrini 4855 Departamento Santa Luc\u00eda.<\/p>\n<p>El motivo fundamental es continuar la Campa\u00f1a Electoral 2023, antes de las elecciones del Domingo, 22 de Octubre, donde se define quien gu\u00eda los destinos de la Rep\u00fablica Argentina como presidente.<\/p>\n<p>El equipo que acompa\u00f1a a la Dra. Patricia Bullrich es recibido por el Gobernador Electo de San Juan, Dr. Marcelo Orrego, el Vicegobernador Electo de San Juan, Dr. Fabi\u00e1n Mart\u00edn, el candidato a Senador por San Juan, Lic. Emilio Achem y la candidata a Diputada Nacional por San Juan, Dr. Nancy Pic\u00f3n y dem\u00e1s referentes.<\/p>\n<p>Esta visita es para contactarse con la gente y reflejar que trabajan y tienen la fuerza para ordenar al pa\u00eds. Adem\u00e1s, mostrar la unidad de la agrupaci\u00f3n con el trabajo en equipo.<\/p>\n<p><iframe loading=\"lazy\" title=\"JUNTOS POR EL CAMBIO 2023\" width=\"800\" height=\"450\" src=\"https:\/\/www.youtube.com\/embed\/hneRk6PA2co?feature=oembed\" frameborder=\"0\" allow=\"accelerometer; autoplay; clipboard-write; encrypted-media; gyroscope; picture-in-picture; web-share\" allowfullscreen><\/iframe><\/p>\n<p>&nbsp;<\/p>\n<p>&nbsp;<\/p>\n<p>&nbsp;<\/p>\n<p>&nbsp;<\/p>\n","protected":false},"excerpt":{"rendered":"<p>Tal como se anunci\u00f3, la candidata a Presidente por Juntos por el Cambio, Dra. Patricia Bullrich llega a San Juan<\/p>\n","protected":false},"author":3,"featured_media":64533,"comment_status":"closed","ping_status":"closed","sticky":false,"template":"","format":"standard","meta":{"_acf_changed":false,"_seopress_robots_primary_cat":"none","_seopress_titles_title":"","_seopress_titles_desc":"","_seopress_robots_index":"","colormag_page_container_layout":"default_layout","colormag_page_sidebar_layout":"default_layout","footnotes":""},"categories":[1,7],"tags":[],"class_list":["post-64530","post","type-post","status-publish","format-standard","has-post-thumbnail","hentry","category-destacadas","category-videos"],"acf":[],"_links":{"self":[{"href":"https:\/\/vocesparalelas.com.ar\/sitio\/wp-json\/wp\/v2\/posts\/64530","targetHints":{"allow":["GET"]}}],"collection":[{"href":"https:\/\/vocesparalelas.com.ar\/sitio\/wp-json\/wp\/v2\/posts"}],"about":[{"href":"https:\/\/vocesparalelas.com.ar\/sitio\/wp-json\/wp\/v2\/types\/post"}],"author":[{"embeddable":true,"href":"https:\/\/vocesparalelas.com.ar\/sitio\/wp-json\/wp\/v2\/users\/3"}],"replies":[{"embeddable":true,"href":"https:\/\/vocesparalelas.com.ar\/sitio\/wp-json\/wp\/v2\/comments?post=64530"}],"version-history":[{"count":6,"href":"https:\/\/vocesparalelas.com.ar\/sitio\/wp-json\/wp\/v2\/posts\/64530\/revisions"}],"predecessor-version":[{"id":64630,"href":"https:\/\/vocesparalelas.com.ar\/sitio\/wp-json\/wp\/v2\/posts\/64530\/revisions\/64630"}],"wp:featuredmedia":[{"embeddable":true,"href":"https:\/\/vocesparalelas.com.ar\/sitio\/wp-json\/wp\/v2\/media\/64533"}],"wp:attachment":[{"href":"https:\/\/vocesparalelas.com.ar\/sitio\/wp-json\/wp\/v2\/media?parent=64530"}],"wp:term":[{"taxonomy":"category","embeddable":true,"href":"https:\/\/vocesparalelas.com.ar\/sitio\/wp-json\/wp\/v2\/categories?post=64530"},{"taxonomy":"post_tag","embeddable":true,"href":"https:\/\/vocesparalelas.com.ar\/sitio\/wp-json\/wp\/v2\/tags?post=64530"}],"curies":[{"name":"wp","href":"https:\/\/api.w.org\/{rel}","templated":true}]}}