{"id":64521,"date":"2023-10-14T15:46:01","date_gmt":"2023-10-14T18:46:01","guid":{"rendered":"https:\/\/vocesparalelas.com.ar\/sitio\/?p=64521"},"modified":"2023-10-14T16:12:08","modified_gmt":"2023-10-14T19:12:08","slug":"es-ley-la-declaracion-bien-integrante-del-patrimonio-cultural-de-san-juan-la-fideeria-yanzon","status":"publish","type":"post","link":"https:\/\/vocesparalelas.com.ar\/sitio\/es-ley-la-declaracion-bien-integrante-del-patrimonio-cultural-de-san-juan-la-fideeria-yanzon\/","title":{"rendered":"Es Ley la Declaraci\u00f3n \u00abBien Integrante del Patrimonio Cultural de San Juan la Fideer\u00eda Yanz\u00f3n\u00bb"},"content":{"rendered":"<div class=\"itemFullText jbintrotext\">\n<p>La C\u00e1mara de Diputados de San Juan celebr\u00f3 el Jueves, 12 de Octubre de 2023, la Octava Sesi\u00f3n del per\u00edodo ordinario en cuyo transcurso aprob\u00f3 sobre tablas entre otros temas el Proyecto de Ley que declarar Bien Integrante del Patrimonio Cultural la Fideer\u00eda Yanz\u00f3n.<\/p>\n<p>El Diputado Proporcional, Arq. Horacio Quiroga justific\u00f3 la necesitad de declarar a la Fideer\u00eda Yanz\u00f3n un Bien Integrante del Patrimonio Cultural en San Juan.<\/p>\n<p><iframe loading=\"lazy\" title=\"CDSJ\" width=\"800\" height=\"600\" src=\"https:\/\/www.youtube.com\/embed\/0YkRHx3PEKw?feature=oembed\" frameborder=\"0\" allow=\"accelerometer; autoplay; clipboard-write; encrypted-media; gyroscope; picture-in-picture; web-share\" allowfullscreen><\/iframe><\/p>\n<p>La declaraci\u00f3n se incluye dentro de los alcances de la Ley N\u00b0 571-F, a los galpones 1, 2 y 3 del edificio de la antigua Fideer\u00eda Yanz\u00f3n, ubicada en calle Mariano Moreno 98 Oeste, esquina Entre R\u00edos, departamento Capital de San Juan, design\u00e1ndolo \u00abSitio Hist\u00f3rico\u00bb encuadrado en el Art\u00edculo 4\u00b0, inciso B), apartado 1).<\/p>\n<\/div>\n<p>Cabe se\u00f1alar que esta construcci\u00f3n lleva como nombre el apellido de una familia tradicional de San Juan, que si bien en sus or\u00edgenes ingleses \u2014Jameson- el uso y la tradici\u00f3n lo espa\u00f1olizaron en Yanz\u00f3n.<\/p>\n<figure id=\"attachment_64524\" aria-describedby=\"caption-attachment-64524\" style=\"width: 800px\" class=\"wp-caption alignnone\"><img loading=\"lazy\" decoding=\"async\" class=\"size-full wp-image-64524\" src=\"https:\/\/vocesparalelas.com.ar\/sitio\/wp-content\/uploads\/2023\/10\/FIDEERIA-YANZON.jpg\" alt=\"\" width=\"800\" height=\"800\" srcset=\"https:\/\/vocesparalelas.com.ar\/sitio\/wp-content\/uploads\/2023\/10\/FIDEERIA-YANZON.jpg 800w, https:\/\/vocesparalelas.com.ar\/sitio\/wp-content\/uploads\/2023\/10\/FIDEERIA-YANZON-300x300.jpg 300w, https:\/\/vocesparalelas.com.ar\/sitio\/wp-content\/uploads\/2023\/10\/FIDEERIA-YANZON-150x150.jpg 150w, https:\/\/vocesparalelas.com.ar\/sitio\/wp-content\/uploads\/2023\/10\/FIDEERIA-YANZON-768x768.jpg 768w\" sizes=\"auto, (max-width: 800px) 100vw, 800px\" \/><figcaption id=\"caption-attachment-64524\" class=\"wp-caption-text\">Frente del edificio de la Fideer\u00eda Yanz\u00f3n<\/figcaption><\/figure>\n<p>&nbsp;<\/p>\n<figure id=\"attachment_27732\" aria-describedby=\"caption-attachment-27732\" style=\"width: 800px\" class=\"wp-caption alignnone\"><img loading=\"lazy\" decoding=\"async\" class=\"size-full wp-image-27732\" src=\"https:\/\/vocesparalelas.com.ar\/sitio\/wp-content\/uploads\/2020\/04\/JORGE-MARTIN-02.jpg\" alt=\"\" width=\"800\" height=\"600\" srcset=\"https:\/\/vocesparalelas.com.ar\/sitio\/wp-content\/uploads\/2020\/04\/JORGE-MARTIN-02.jpg 800w, https:\/\/vocesparalelas.com.ar\/sitio\/wp-content\/uploads\/2020\/04\/JORGE-MARTIN-02-300x225.jpg 300w, https:\/\/vocesparalelas.com.ar\/sitio\/wp-content\/uploads\/2020\/04\/JORGE-MARTIN-02-768x576.jpg 768w\" sizes=\"auto, (max-width: 800px) 100vw, 800px\" \/><figcaption id=\"caption-attachment-27732\" class=\"wp-caption-text\">Arq. Jorge Alberto Mart\u00edn,\u00a0Director de Patrimonio Cultural, de la Secretar\u00eda\u00a0de Cultura, del Ministerio de Turismo y Cultura del Gobierno de San Juan<\/figcaption><\/figure>\n<p>&nbsp;<\/p>\n<p>El director de Patrimonio Cultural del Ministerio de Turismo y Cultura del Gobierno de San Juan, Arq. Jorge Mart\u00edn manifest\u00f3 que \u00absatisfacci\u00f3n Institucional de la Direcci\u00f3n de Patrimonio Cultural y personal que la C\u00e1mara de Diputados de San Juan aprob\u00f3 el Proyecto de Ley donde se declara \u00abBien integrante del Patrimonio Cultural San Juan a la \u00abFideer\u00eda Yanz\u00f3n\u00bb. El cual es Patrimonio Industrial del siglo XIX, objetivo y expectativa de muchos y de larga data, tarea que nos comprometimos alcanzar y hemos cumplido. Felicitaciones a la familia Mill\u00e1n actuales propietarios\u00bb.<\/p>\n<figure id=\"attachment_64526\" aria-describedby=\"caption-attachment-64526\" style=\"width: 800px\" class=\"wp-caption alignnone\"><img loading=\"lazy\" decoding=\"async\" class=\"size-full wp-image-64526\" src=\"https:\/\/vocesparalelas.com.ar\/sitio\/wp-content\/uploads\/2023\/10\/FIDEERIA-YANZON-01.jpg\" alt=\"\" width=\"800\" height=\"800\" srcset=\"https:\/\/vocesparalelas.com.ar\/sitio\/wp-content\/uploads\/2023\/10\/FIDEERIA-YANZON-01.jpg 800w, https:\/\/vocesparalelas.com.ar\/sitio\/wp-content\/uploads\/2023\/10\/FIDEERIA-YANZON-01-300x300.jpg 300w, https:\/\/vocesparalelas.com.ar\/sitio\/wp-content\/uploads\/2023\/10\/FIDEERIA-YANZON-01-150x150.jpg 150w, https:\/\/vocesparalelas.com.ar\/sitio\/wp-content\/uploads\/2023\/10\/FIDEERIA-YANZON-01-768x768.jpg 768w\" sizes=\"auto, (max-width: 800px) 100vw, 800px\" \/><figcaption id=\"caption-attachment-64526\" class=\"wp-caption-text\">Partes del edificio de la Fideer\u00eda Yanz\u00f3n<\/figcaption><\/figure>\n<p>&nbsp;<\/p>\n<figure id=\"attachment_37951\" aria-describedby=\"caption-attachment-37951\" style=\"width: 800px\" class=\"wp-caption alignnone\"><img loading=\"lazy\" decoding=\"async\" class=\"size-full wp-image-37951\" src=\"https:\/\/vocesparalelas.com.ar\/sitio\/wp-content\/uploads\/2021\/05\/CAMARA-EDIFICIO.jpg\" alt=\"\" width=\"800\" height=\"515\" srcset=\"https:\/\/vocesparalelas.com.ar\/sitio\/wp-content\/uploads\/2021\/05\/CAMARA-EDIFICIO.jpg 800w, https:\/\/vocesparalelas.com.ar\/sitio\/wp-content\/uploads\/2021\/05\/CAMARA-EDIFICIO-300x193.jpg 300w, https:\/\/vocesparalelas.com.ar\/sitio\/wp-content\/uploads\/2021\/05\/CAMARA-EDIFICIO-768x494.jpg 768w\" sizes=\"auto, (max-width: 800px) 100vw, 800px\" \/><figcaption id=\"caption-attachment-37951\" class=\"wp-caption-text\">Legislatura Provincial de San Juan<\/figcaption><\/figure>\n<p>&nbsp;<\/p>\n<p>&nbsp;<\/p>\n","protected":false},"excerpt":{"rendered":"<p>La C\u00e1mara de Diputados de San Juan celebr\u00f3 el Jueves, 12 de Octubre de 2023, la Octava Sesi\u00f3n del per\u00edodo<\/p>\n","protected":false},"author":3,"featured_media":64525,"comment_status":"closed","ping_status":"closed","sticky":false,"template":"","format":"standard","meta":{"_acf_changed":false,"_seopress_robots_primary_cat":"none","_seopress_titles_title":"","_seopress_titles_desc":"","_seopress_robots_index":"","colormag_page_container_layout":"default_layout","colormag_page_sidebar_layout":"default_layout","footnotes":""},"categories":[1,7],"tags":[],"class_list":["post-64521","post","type-post","status-publish","format-standard","has-post-thumbnail","hentry","category-destacadas","category-videos"],"acf":[],"_links":{"self":[{"href":"https:\/\/vocesparalelas.com.ar\/sitio\/wp-json\/wp\/v2\/posts\/64521","targetHints":{"allow":["GET"]}}],"collection":[{"href":"https:\/\/vocesparalelas.com.ar\/sitio\/wp-json\/wp\/v2\/posts"}],"about":[{"href":"https:\/\/vocesparalelas.com.ar\/sitio\/wp-json\/wp\/v2\/types\/post"}],"author":[{"embeddable":true,"href":"https:\/\/vocesparalelas.com.ar\/sitio\/wp-json\/wp\/v2\/users\/3"}],"replies":[{"embeddable":true,"href":"https:\/\/vocesparalelas.com.ar\/sitio\/wp-json\/wp\/v2\/comments?post=64521"}],"version-history":[{"count":1,"href":"https:\/\/vocesparalelas.com.ar\/sitio\/wp-json\/wp\/v2\/posts\/64521\/revisions"}],"predecessor-version":[{"id":64527,"href":"https:\/\/vocesparalelas.com.ar\/sitio\/wp-json\/wp\/v2\/posts\/64521\/revisions\/64527"}],"wp:featuredmedia":[{"embeddable":true,"href":"https:\/\/vocesparalelas.com.ar\/sitio\/wp-json\/wp\/v2\/media\/64525"}],"wp:attachment":[{"href":"https:\/\/vocesparalelas.com.ar\/sitio\/wp-json\/wp\/v2\/media?parent=64521"}],"wp:term":[{"taxonomy":"category","embeddable":true,"href":"https:\/\/vocesparalelas.com.ar\/sitio\/wp-json\/wp\/v2\/categories?post=64521"},{"taxonomy":"post_tag","embeddable":true,"href":"https:\/\/vocesparalelas.com.ar\/sitio\/wp-json\/wp\/v2\/tags?post=64521"}],"curies":[{"name":"wp","href":"https:\/\/api.w.org\/{rel}","templated":true}]}}