{"id":64517,"date":"2023-10-14T18:12:23","date_gmt":"2023-10-14T21:12:23","guid":{"rendered":"https:\/\/vocesparalelas.com.ar\/sitio\/?p=64517"},"modified":"2023-10-16T21:39:23","modified_gmt":"2023-10-17T00:39:23","slug":"seminario-virtual-exportacion-de-servicios-de-san-juan","status":"publish","type":"post","link":"https:\/\/vocesparalelas.com.ar\/sitio\/seminario-virtual-exportacion-de-servicios-de-san-juan\/","title":{"rendered":"Seminario virtual \u201cExportaci\u00f3n de Servicios\u201d de San Juan"},"content":{"rendered":"<div class=\"itemFullText\">\n<p>El Ministerio de Producci\u00f3n y Desarrollo Econ\u00f3mico del Gobierno de San Juan invita a los empresarios interesados en capacitarse a trav\u00e9s de un seminario virtual sobre \u201cExportaci\u00f3n de Servicios\u201d\u00a0dentro de la Red de Ventanilla \u00danica de Comercio Exterior.<\/p>\n<p>La disertaci\u00f3n estar\u00e1 a cargo de Romina Gay\u00e1. La misma se desarrollar\u00e1 con modalidad virtual el pr\u00f3ximo 18 de octubre a las 10 horas. La inscripci\u00f3n se encuentra abierta a trav\u00e9s del siguiente link:<\/p>\n<p><a href=\"https:\/\/bit.ly\/Exportaci%C3%B3n-Servicios\">https:\/\/bit.ly\/Exportaci\u00f3n-Servicios<\/a><\/p>\n<p><span style=\"color: #339966;\"><strong>Temario<\/strong><\/span><\/p>\n<ul>\n<li>Introducci\u00f3n y tendencias: Presentaci\u00f3n breve sobre tendencias del comercio de servicios.<\/li>\n<li>Servicios y productos digitales vs. bienes: Principales diferencias relevantes para la internacionalizaci\u00f3n (intangibilidad, modos, informaci\u00f3n disponible, barreras al comercio).<\/li>\n<li>Claves para la exportaci\u00f3n de servicios: Definici\u00f3n de la oferta exportable, an\u00e1lisis de mercados, adaptaci\u00f3n y tangibilizaci\u00f3n de la propuesta de valor.<\/li>\n<li>Aspectos regulatorios b\u00e1sicos: Aspectos b\u00e1sicos, impositivos y cambiarios.<\/li>\n<\/ul>\n<p><span style=\"color: #339966;\"><strong>\u00bfCu\u00e1les son los objetivos de la red?<\/strong><\/span><\/p>\n<ul>\n<li>Difundir VUCE y facilitar la comunicaci\u00f3n con los organismos p\u00fablicos vinculados al comercio exterior.<\/li>\n<li>Articulaci\u00f3n territorial para la incorporaci\u00f3n de nuevos actores a la matriz exportadora nacional.<\/li>\n<li>Identificar oportunidades de inserci\u00f3n internacional de sectores productivos.<\/li>\n<li>Relevar los sectores productivos y los sistemas log\u00edsticos y fronterizos de cada distrito<\/li>\n<\/ul>\n<p>&nbsp;<\/p>\n<\/div>\n<div class=\"clr\"><\/div>\n<div class=\"itemContentFooter\"><\/div>\n","protected":false},"excerpt":{"rendered":"<p>El Ministerio de Producci\u00f3n y Desarrollo Econ\u00f3mico del Gobierno de San Juan invita a los empresarios interesados en capacitarse a<\/p>\n","protected":false},"author":3,"featured_media":39831,"comment_status":"closed","ping_status":"closed","sticky":false,"template":"","format":"standard","meta":{"_acf_changed":false,"_seopress_robots_primary_cat":"none","_seopress_titles_title":"","_seopress_titles_desc":"","_seopress_robots_index":"","colormag_page_container_layout":"default_layout","colormag_page_sidebar_layout":"default_layout","footnotes":""},"categories":[9],"tags":[],"class_list":["post-64517","post","type-post","status-publish","format-standard","has-post-thumbnail","hentry","category-cursos"],"acf":[],"_links":{"self":[{"href":"https:\/\/vocesparalelas.com.ar\/sitio\/wp-json\/wp\/v2\/posts\/64517","targetHints":{"allow":["GET"]}}],"collection":[{"href":"https:\/\/vocesparalelas.com.ar\/sitio\/wp-json\/wp\/v2\/posts"}],"about":[{"href":"https:\/\/vocesparalelas.com.ar\/sitio\/wp-json\/wp\/v2\/types\/post"}],"author":[{"embeddable":true,"href":"https:\/\/vocesparalelas.com.ar\/sitio\/wp-json\/wp\/v2\/users\/3"}],"replies":[{"embeddable":true,"href":"https:\/\/vocesparalelas.com.ar\/sitio\/wp-json\/wp\/v2\/comments?post=64517"}],"version-history":[{"count":1,"href":"https:\/\/vocesparalelas.com.ar\/sitio\/wp-json\/wp\/v2\/posts\/64517\/revisions"}],"predecessor-version":[{"id":64520,"href":"https:\/\/vocesparalelas.com.ar\/sitio\/wp-json\/wp\/v2\/posts\/64517\/revisions\/64520"}],"wp:featuredmedia":[{"embeddable":true,"href":"https:\/\/vocesparalelas.com.ar\/sitio\/wp-json\/wp\/v2\/media\/39831"}],"wp:attachment":[{"href":"https:\/\/vocesparalelas.com.ar\/sitio\/wp-json\/wp\/v2\/media?parent=64517"}],"wp:term":[{"taxonomy":"category","embeddable":true,"href":"https:\/\/vocesparalelas.com.ar\/sitio\/wp-json\/wp\/v2\/categories?post=64517"},{"taxonomy":"post_tag","embeddable":true,"href":"https:\/\/vocesparalelas.com.ar\/sitio\/wp-json\/wp\/v2\/tags?post=64517"}],"curies":[{"name":"wp","href":"https:\/\/api.w.org\/{rel}","templated":true}]}}