{"id":64511,"date":"2023-10-13T22:01:42","date_gmt":"2023-10-14T01:01:42","guid":{"rendered":"https:\/\/vocesparalelas.com.ar\/sitio\/?p=64511"},"modified":"2023-10-14T00:01:58","modified_gmt":"2023-10-14T03:01:58","slug":"recorrieron-la-fabrica-de-paneles-solares-en-san-juan","status":"publish","type":"post","link":"https:\/\/vocesparalelas.com.ar\/sitio\/recorrieron-la-fabrica-de-paneles-solares-en-san-juan\/","title":{"rendered":"Recorrieron la f\u00e1brica de paneles solares en San Juan"},"content":{"rendered":"<p>El gobernador de San Juan, Dr. Sergio U\u00f1ac y el ministro de Econom\u00eda de la Naci\u00f3n, Dr. Sergio Massa, visitaron\u00a0 la F\u00e1brica Integrada de Paneles Solares Fotovoltaicos que se construye en la provincia de San Juan en el Departamento Pocito.<\/p>\n<p>Massa lleg\u00f3 acompa\u00f1ado por una comitiva encabezada por el secretario de Energ\u00eda, Jos\u00e9 de Mendiguren y el embajador de Argentina en Brasil, Daniel Scioli, mientras que por la Provincia acompa\u00f1\u00f3 al gobernador el vicegobernador, Roberto Gattoni; el ministro de Obras y Servicios P\u00fablicos, Julio Ortiz Andino; secretario de Estado de Deportes, Jorge Chica y el presidente del EPSE, Juan Carlos Caparr\u00f3s, entre otros funcionarios.<\/p>\n<p><iframe loading=\"lazy\" title=\"U\u00f1ac y Massa recorrieron la f\u00e1brica de paneles solares en San Juan\" width=\"800\" height=\"450\" src=\"https:\/\/www.youtube.com\/embed\/aMPvx3KlBk8?feature=oembed\" frameborder=\"0\" allow=\"accelerometer; autoplay; clipboard-write; encrypted-media; gyroscope; picture-in-picture; web-share\" allowfullscreen><\/iframe><\/p>\n<p>Se trata de la primera f\u00e1brica estatal de su tipo, que busca desarrollar toda la cadena de valor de silicio, partiendo del cuarzo hasta transformarlo en un panel solar fotovoltaico.<\/p>\n<p>Su construcci\u00f3n se enmarca en el Proyecto Solar San Juan, una iniciativa del Gobierno de San Juan cuya idea fuerza es el desarrollo sustentable de la Provincia y el aporte en el mismo sentido a toda la Rep\u00fablica Argentina. Su estrategia es el desarrollo tecnol\u00f3gico y el abastecimiento energ\u00e9tico asegurado para sostener el crecimiento y bienestar de las futuras generaciones.<\/p>\n<p>l complejo se construye en el departamento de Pocito, en calle Maur\u00edn y Calle 6, y es una mega obra de infraestructura que se ejecuta con servicios, equipos y maquinarias nacionales (on-shore) y partes con servicios, equipos y maquinarias internacionales (off-shore).<\/p>\n<p>La parte on-shore es provista y ejecutada por la filial de SCHMID en Argentina y la parte off-shore es provista y ejecutada por la empresa Gebr. Schmid GmbH de Alemania.<\/p>\n<p>A su llegada al lugar, U\u00f1ac dio la bienvenida al ministro Massa y al secretario De Mendiguren y destac\u00f3 el aporte de la cartera econ\u00f3mica nacional para la construcci\u00f3n de la f\u00e1brica de paneles solares: \u00abEsta empresa es de avanzada y ha incorporado tecnolog\u00eda de vanguardia\u00bb, se\u00f1al\u00f3.<\/p>\n<p>El mandatario a\u00f1adi\u00f3 que las pol\u00edticas energ\u00e9ticas desarrolladas por el Gobierno provincial junto a Naci\u00f3n permitieron \u00abque San Juan sea la provincia con mayor generaci\u00f3n de parques solares en el pa\u00eds y gran aporte al Sistema Interconectado Nacional\u201d.<\/p>\n<p>Por su parte, Massa agradeci\u00f3 la presencia de trabajadores que fueron beneficiados por las pol\u00edticas jubilatorias impulsadas por la Naci\u00f3n: \u00abSanjuaninos y sanjuaninos que estaban en una situaci\u00f3n de precariedad pudieron acceder a una mejor jubilaci\u00f3n\u00bb, sentenci\u00f3.<\/p>\n<p>El ministro seguidamente destac\u00f3 la actualidad minera nacional, sector donde la Provincia juega un rol preponderante: \u00abArgentina creci\u00f3 en exportaci\u00f3n minera y tiene adem\u00e1s 92 proyectos en cosa de inversi\u00f3n, siendo uno de los m\u00e1s importantes Josemar\u00eda (ubicado en Iglesia) y Taca Taca en la provincia de Salta\u00bb, asegur\u00f3.<\/p>\n<p>El titular de la cartera econ\u00f3mica se refiri\u00f3 adem\u00e1s al impulso a las econom\u00edas regionales, y en ese sentido apunt\u00f3 a la reciente eliminaci\u00f3n de las retenciones para el sector, medida que atribuy\u00f3 a la necesidad de aumentar la competitividad y proteger el empleo.<\/p>\n<p><span style=\"color: #339966;\"><strong>Estado actual de la obra<\/strong><\/span><\/p>\n<p>Fase 1: Edificio de Oficinas. Se encuentra ya construido y en operaci\u00f3n el edificio de oficinas, pensado para albergar todas las \u00e1reas administrativas de EPSE en conjunto a las \u00e1reas industriales de operaci\u00f3n y mantenimiento de la f\u00e1brica integral. Se trata de un edificio autosustentable donde el 100 % de la energ\u00eda consumida es generada por dos parques solares emplazados en el techo del edificio y en cocheras vehiculares. Ambos sistemas suman aproximadamente 90KW de potencia instalada.<\/p>\n<p>Fase 2A-F\u00e1brica de Celdas y F\u00e1brica de Paneles. Fase actual en proceso. \u00c9sta se divide a su vez en dos sub-etapas:<\/p>\n<p>a) La primera contempl\u00f3 la obra civil e instalaciones completas de la f\u00e1brica de paneles, obra civil e instalaciones parciales de la f\u00e1brica de celdas, \u00e1rea de log\u00edstica, de vestuarios y laboratorios. Adem\u00e1s, se contemplan todos los sistemas de procesos e instalaciones necesarias para el pleno funcionamiento de la f\u00e1brica de paneles solares. Esta sub-etapa se encuentra 100 % finalizada y puede verse a simple vista en la recorrida del predio, con instalaciones y sistemas centrales ya operativos.b) La segunda contempla lograr la producci\u00f3n y fabricaci\u00f3n de paneles solares a partir de la importaci\u00f3n de celdas solares fotovoltaicas. Esta sub-etapa se encuentra en la fase de montaje y puesta en marcha de dicha l\u00ednea, y se lleva a cabo en conjunto entre EPSE y la empresa suizo-alemana H2GEMINI GmbH, empresa l\u00edder en desarrollos solares fotovoltaicos.<\/p>\n<p>Estas empresas definieron la actualizaci\u00f3n de cinco equipos para llevar la misma a par\u00e1metros y caracter\u00edsticas de producci\u00f3n alineadas a las especificaciones, dise\u00f1o y calidad que el mercado hoy demanda. De estos cinco equipos, cuatro ya han sido adquiridos gracias a la gesti\u00f3n actual tanto provincial como nacional, y uno est\u00e1 en etapa de aprobaci\u00f3n (SIRA) para su adquisici\u00f3n (laminadora nueva).<\/p>\n<p>Las instalaciones mencionadas en la etapa anterior poseen una superficie construida y cubierta de 7500m2 de los cuales para esta etapa de la l\u00ednea y f\u00e1brica de m\u00f3dulos se utilizan dos naves industriales (nave de producci\u00f3n + nave de log\u00edstica) que suman entre ambas 3200m2.<\/p>\n<p>Estas instalaciones est\u00e1n construidas y preparadas para mantener las condiciones ambientales y requerimientos de dise\u00f1o y energizaci\u00f3n que la f\u00e1brica de paneles necesita, ya que la misma debe llevarse a cabo en condiciones controladas de humedad y temperatura, tanto en la nave de producci\u00f3n como en la de log\u00edstica, dadas las necesidades de estibo para los insumos de la f\u00e1brica.<\/p>\n<p>Adem\u00e1s, cuentan con unidades centrales de tratamiento de aire, encargadas del control de temperatura y humedad, red total anti-incendios, puertas cortafuego y l\u00f3gica autom\u00e1tica de apertura para evitar ingreso de polvo.<\/p>\n<p>A su vez todos los sistemas centrales, tanto el\u00e9ctricos, como neum\u00e1ticos, iluminaci\u00f3n y red de incendios, se encuentran vinculados por un sistema SCADA para el monitoreo y operaci\u00f3n de los mismos.<\/p>\n<p>En funci\u00f3n a las actualizaciones de equipos antes mencionadas (Proceso Tabbing &amp; Stringger, Cell Cutter, Auto-bussing, Lay-up y Laminadora Nueva) se lograr\u00e1 elevar no s\u00f3lo la productividad de la l\u00ednea a casi 500MW por a\u00f1o, sino tambi\u00e9n la calidad y caracter\u00edsticas de los paneles a producir, lo que permitir\u00e1 fabricar paneles de \u00faltima generaci\u00f3n y competitividad en el mercado con una potencia de 560Wp, 144 celdas (Half Cell) y una dimensi\u00f3n de 2,27mts x 1,15 m.<\/p>\n<p>Esta producci\u00f3n necesitar\u00e1 90 personas, entre staff, operarios y t\u00e9cnicos.<\/p>\n<p><span style=\"color: #339966;\"><strong>Otros aspectos<\/strong><\/span><\/p>\n<p>Respecto a los insumos para la producci\u00f3n, en la etapa de arranque de la f\u00e1brica los mismos ser\u00e1n importados casi en su totalidad. Esto se debe en un principio a que el 90 % de los insumos espec\u00edficos para esta industria no se fabrican a nivel nacional.<\/p>\n<p>En etapas posteriores se contempla el trabajo con empresas nacionales y locales para el desarrollo de los mismos como industria nacional. Esta vinculaci\u00f3n con sectores nacionales permitir\u00eda que se pueda utilizar hasta un 90 % de los insumos necesarios de producci\u00f3n nacional y\/o con agregado local.<\/p>\n<p>Dentro de la matriz de costos en la fabricaci\u00f3n de paneles, los insumos constituyen alrededor del 70 % del costo del mismo y dentro de ello las celdas solares son el insumo m\u00e1s cr\u00edtico y de peso en el proceso productivo, no s\u00f3lo porque determina 100 % la potencia del panel solar a producir, sino porque representa el 75 % del costo de los insumos; y en el corto plazo deber\u00e1 ser importado.<\/p>\n<p>Fase 2B: contempla la obra civil de la f\u00e1brica de lingotes y obleas, la obra civil del \u00e1rea de servicios y suministros especiales y los sistemas de procesos e instalaciones necesarias para el completo funcionamiento de las l\u00edneas de producci\u00f3n de lingotes de silicio, obleas y celdas fotovoltaicas.<br \/>\nSituaci\u00f3n actual: Proyecto de Ingenier\u00eda 100 % terminado. En busca de financiamiento. Inversi\u00f3n Estimada: USD 65.000.000<\/p>\n<p><span style=\"color: #339966;\"><strong>Vinculaci\u00f3n estrat\u00e9gica entre f\u00e1brica y mercado<\/strong><\/span><\/p>\n<p>En este marco, la etapa correspondiente a la f\u00e1brica de Paneles Solares Fotovoltaicos contempla producir 500 MegaWatts anuales de potencia en paneles, a trav\u00e9s de la producci\u00f3n de aproximadamente 750.000 paneles solares por a\u00f1o, con una potencia por panel de 560Wp. Estos paneles, por su calidad, dimensiones, potencia y eficiencia, podr\u00e1n ser utilizados en:<\/p>\n<p>&#8211; Proyectos de Utility Scale (proyectos a gran escala) Propios de EPSE<br \/>\n&#8211; Proyectos de Utility Scale de terceros, donde la f\u00e1brica podr\u00eda ser proveedora de paneles de empresas generadoras.<br \/>\n&#8211; Proyectos domiciliarios: la producci\u00f3n anual de la f\u00e1brica podr\u00eda abastecer a aproximadamente 90.000 hogares.<br \/>\n&#8211; Proyectos de obra p\u00fablica: de la misma manera que lo anterior y dadas las caracter\u00edsticas de los paneles fabricados, los mismos pueden utilizarse para hacer aut\u00f3nomos edificios p\u00fablicos, como es el caso del edificio de oficinas de EPSE.<\/p>\n<p><img loading=\"lazy\" decoding=\"async\" class=\"alignnone size-full wp-image-64515\" src=\"https:\/\/vocesparalelas.com.ar\/sitio\/wp-content\/uploads\/2023\/10\/UNAC-MASSA-SAN-JUAN-02.jpg\" alt=\"\" width=\"800\" height=\"486\" srcset=\"https:\/\/vocesparalelas.com.ar\/sitio\/wp-content\/uploads\/2023\/10\/UNAC-MASSA-SAN-JUAN-02.jpg 800w, https:\/\/vocesparalelas.com.ar\/sitio\/wp-content\/uploads\/2023\/10\/UNAC-MASSA-SAN-JUAN-02-300x182.jpg 300w, https:\/\/vocesparalelas.com.ar\/sitio\/wp-content\/uploads\/2023\/10\/UNAC-MASSA-SAN-JUAN-02-768x467.jpg 768w\" sizes=\"auto, (max-width: 800px) 100vw, 800px\" \/><\/p>\n","protected":false},"excerpt":{"rendered":"<p>El gobernador de San Juan, Dr. Sergio U\u00f1ac y el ministro de Econom\u00eda de la Naci\u00f3n, Dr. Sergio Massa, visitaron\u00a0<\/p>\n","protected":false},"author":3,"featured_media":64514,"comment_status":"closed","ping_status":"closed","sticky":false,"template":"","format":"standard","meta":{"_acf_changed":false,"_seopress_robots_primary_cat":"none","_seopress_titles_title":"","_seopress_titles_desc":"","_seopress_robots_index":"","colormag_page_container_layout":"default_layout","colormag_page_sidebar_layout":"default_layout","footnotes":""},"categories":[1,7],"tags":[],"class_list":["post-64511","post","type-post","status-publish","format-standard","has-post-thumbnail","hentry","category-destacadas","category-videos"],"acf":[],"_links":{"self":[{"href":"https:\/\/vocesparalelas.com.ar\/sitio\/wp-json\/wp\/v2\/posts\/64511","targetHints":{"allow":["GET"]}}],"collection":[{"href":"https:\/\/vocesparalelas.com.ar\/sitio\/wp-json\/wp\/v2\/posts"}],"about":[{"href":"https:\/\/vocesparalelas.com.ar\/sitio\/wp-json\/wp\/v2\/types\/post"}],"author":[{"embeddable":true,"href":"https:\/\/vocesparalelas.com.ar\/sitio\/wp-json\/wp\/v2\/users\/3"}],"replies":[{"embeddable":true,"href":"https:\/\/vocesparalelas.com.ar\/sitio\/wp-json\/wp\/v2\/comments?post=64511"}],"version-history":[{"count":1,"href":"https:\/\/vocesparalelas.com.ar\/sitio\/wp-json\/wp\/v2\/posts\/64511\/revisions"}],"predecessor-version":[{"id":64516,"href":"https:\/\/vocesparalelas.com.ar\/sitio\/wp-json\/wp\/v2\/posts\/64511\/revisions\/64516"}],"wp:featuredmedia":[{"embeddable":true,"href":"https:\/\/vocesparalelas.com.ar\/sitio\/wp-json\/wp\/v2\/media\/64514"}],"wp:attachment":[{"href":"https:\/\/vocesparalelas.com.ar\/sitio\/wp-json\/wp\/v2\/media?parent=64511"}],"wp:term":[{"taxonomy":"category","embeddable":true,"href":"https:\/\/vocesparalelas.com.ar\/sitio\/wp-json\/wp\/v2\/categories?post=64511"},{"taxonomy":"post_tag","embeddable":true,"href":"https:\/\/vocesparalelas.com.ar\/sitio\/wp-json\/wp\/v2\/tags?post=64511"}],"curies":[{"name":"wp","href":"https:\/\/api.w.org\/{rel}","templated":true}]}}