{"id":64500,"date":"2023-10-13T23:39:50","date_gmt":"2023-10-14T02:39:50","guid":{"rendered":"https:\/\/vocesparalelas.com.ar\/sitio\/?p=64500"},"modified":"2023-10-16T13:01:35","modified_gmt":"2023-10-16T16:01:35","slug":"concierto-de-gala-50-anos-unsj-gracias-a-una-universidad-publica-y-gratuita-en-san-juan","status":"publish","type":"post","link":"https:\/\/vocesparalelas.com.ar\/sitio\/concierto-de-gala-50-anos-unsj-gracias-a-una-universidad-publica-y-gratuita-en-san-juan\/","title":{"rendered":"Concierto de \u00abGala 50 A\u00f1os UNSJ\u00bb gracias a una Universidad P\u00fablica y Gratuita en San Juan"},"content":{"rendered":"<p>En el hist\u00f3rico Auditorio Ing. Juan Victoria, se desarroll\u00f3 el Concierto de \u00abGala 50\u00b0 A\u00f1os UNSJ\u00bb con la participaci\u00f3n de la Orquesta Sinf\u00f3nica y Coros de la UNSJ, bajo la direcci\u00f3n de Emanuel Siffert, que reflej\u00f3 el compromiso de brindar un impecable presentaci\u00f3n a la Comunidad Universitaria.<\/p>\n<figure id=\"attachment_64215\" aria-describedby=\"caption-attachment-64215\" style=\"width: 800px\" class=\"wp-caption alignnone\"><img loading=\"lazy\" decoding=\"async\" class=\"size-large wp-image-64215\" src=\"https:\/\/vocesparalelas.com.ar\/sitio\/wp-content\/uploads\/2023\/10\/UNSJ-COROS-01-800x576.jpg\" alt=\"\" width=\"800\" height=\"576\" srcset=\"https:\/\/vocesparalelas.com.ar\/sitio\/wp-content\/uploads\/2023\/10\/UNSJ-COROS-01-800x576.jpg 800w, https:\/\/vocesparalelas.com.ar\/sitio\/wp-content\/uploads\/2023\/10\/UNSJ-COROS-01-300x216.jpg 300w, https:\/\/vocesparalelas.com.ar\/sitio\/wp-content\/uploads\/2023\/10\/UNSJ-COROS-01-768x553.jpg 768w, https:\/\/vocesparalelas.com.ar\/sitio\/wp-content\/uploads\/2023\/10\/UNSJ-COROS-01.jpg 1024w\" sizes=\"auto, (max-width: 800px) 100vw, 800px\" \/><figcaption id=\"caption-attachment-64215\" class=\"wp-caption-text\">Las seis formaciones de voces de la UNSJ, Los jilgueritos, Coro de Ni\u00f1os Preparatorio, Coro de Ni\u00f1os y J\u00f3venes, Coro Preuniversitario, Coro Vocacional y Coro Universitario<\/figcaption><\/figure>\n<p>El Concierto de \u00abGala 50 A\u00f1os UNSJ\u00bb comenz\u00f3 con la interpretaci\u00f3n del Himno Nacional Argentino por la Orquesta Sinf\u00f3nica y el Coro de la UNSJ sum\u00e1ndose las voces de la Comunidad Universitaria por los laureles que supieron conseguir.<\/p>\n<p><iframe loading=\"lazy\" title=\"UNSJ HIMNO NACIONAL ARGENTINO\" width=\"800\" height=\"450\" src=\"https:\/\/www.youtube.com\/embed\/py0sZiZ0jGk?feature=oembed\" frameborder=\"0\" allow=\"accelerometer; autoplay; clipboard-write; encrypted-media; gyroscope; picture-in-picture; web-share\" allowfullscreen><\/iframe><\/p>\n<p><strong><span style=\"color: #0000ff;\">Repertorio<\/span><\/strong><\/p>\n<ul>\n<li>Georg Friedrich H\u00e4ndel, Aleluya<\/li>\n<li>Ludwig van Beethoven, 4\u00b0 movimiento de la sinfon\u00eda n\u00ba9<\/li>\n<li>M\u00fasica popular Sanjuanina<\/li>\n<\/ul>\n<p>El Director invitado el M\u00b0\u00a0Emmanuel Siffert<\/p>\n<p><span style=\"color: #0000ff;\"><strong>Solistas<\/strong><\/span><\/p>\n<ul>\n<li>Mariana Rodr\u00edguez Rial-soprano<\/li>\n<li>Claudia Lepe \u2013 contralto<\/li>\n<li>Ricardo Gonz\u00e1lez Dorrego \u2013 tenor<\/li>\n<li>Fernando Lazari \u2013 bar\u00edtono<\/li>\n<\/ul>\n<p>El concierto de Gala fue transmitido por Xama TV de la UNSJ.<\/p>\n<p><span style=\"color: #0000ff;\"><strong>Programa<\/strong><\/span><\/p>\n<ul>\n<li>Romance de Mi Ni\u00f1ez (Vals), Ra\u00fal De La Torre<\/li>\n<li>Cueca del Vino Nuevo (Cueca), Eduardo Troncoso<\/li>\n<li>Si me pide que cante (Gato), Sa\u00fal Quiroga<\/li>\n<li>La Tonada Jam\u00e1s Morir\u00e1 (Tonada), Ernesto Villavicencio<\/li>\n<li>La Totora (Chacarera), Carlos Montbrun Ocampo<\/li>\n<li>San Juan por mi sangre (Vals), Ernesto Villavicencio<\/li>\n<li>Arreglos Orquestales y Corales, Marcelo Bartolom\u00e9<\/li>\n<li>Hallelujah-N\u00b044 de Oratorio Mes\u00edas, George F. Haendel<\/li>\n<li>4to Movimiento &#8211; Sinfon\u00eda N\u00b0 9, Ludwig Van Beethoven<\/li>\n<\/ul>\n<p>Texto: Friedrich Von Schiller<\/p>\n<p>Director Invitado: Emmanuel Siffert<\/p>\n<p><strong><span style=\"color: #0000ff;\">Distintos fragmentos del Concierto<\/span><\/strong><\/p>\n<p><iframe loading=\"lazy\" title=\"UNSJ CONCIERTO GALA 50\u00b0ANIVERSARIO UNSJ\" width=\"800\" height=\"450\" src=\"https:\/\/www.youtube.com\/embed\/DGJeWHDqEmI?feature=oembed\" frameborder=\"0\" allow=\"accelerometer; autoplay; clipboard-write; encrypted-media; gyroscope; picture-in-picture; web-share\" allowfullscreen><\/iframe><\/p>\n<p><img loading=\"lazy\" decoding=\"async\" class=\"alignnone size-full wp-image-64506\" src=\"https:\/\/vocesparalelas.com.ar\/sitio\/wp-content\/uploads\/2023\/10\/UNSJ-COROS-05.jpg\" alt=\"\" width=\"800\" height=\"534\" srcset=\"https:\/\/vocesparalelas.com.ar\/sitio\/wp-content\/uploads\/2023\/10\/UNSJ-COROS-05.jpg 800w, https:\/\/vocesparalelas.com.ar\/sitio\/wp-content\/uploads\/2023\/10\/UNSJ-COROS-05-300x200.jpg 300w, https:\/\/vocesparalelas.com.ar\/sitio\/wp-content\/uploads\/2023\/10\/UNSJ-COROS-05-768x513.jpg 768w\" sizes=\"auto, (max-width: 800px) 100vw, 800px\" \/><\/p>\n<p>&nbsp;<\/p>\n<p><iframe loading=\"lazy\" title=\"UNSJ CONCIERTO GALA 50\u00b0ANIVERSARIO UNSJ\" width=\"800\" height=\"450\" src=\"https:\/\/www.youtube.com\/embed\/tJeh82AIFSI?feature=oembed\" frameborder=\"0\" allow=\"accelerometer; autoplay; clipboard-write; encrypted-media; gyroscope; picture-in-picture; web-share\" allowfullscreen><\/iframe><\/p>\n<p>&nbsp;<\/p>\n<p><iframe loading=\"lazy\" title=\"UNSJ CONCIERTO GALA 50\u00b0 ANIVERSARIO UNSJ\" width=\"800\" height=\"450\" src=\"https:\/\/www.youtube.com\/embed\/-FbgWdNHm_4?feature=oembed\" frameborder=\"0\" allow=\"accelerometer; autoplay; clipboard-write; encrypted-media; gyroscope; picture-in-picture; web-share\" allowfullscreen><\/iframe><\/p>\n<p><img loading=\"lazy\" decoding=\"async\" class=\"alignnone size-full wp-image-64504\" src=\"https:\/\/vocesparalelas.com.ar\/sitio\/wp-content\/uploads\/2023\/10\/UNSJ-COROS-03.jpg\" alt=\"\" width=\"800\" height=\"534\" srcset=\"https:\/\/vocesparalelas.com.ar\/sitio\/wp-content\/uploads\/2023\/10\/UNSJ-COROS-03.jpg 800w, https:\/\/vocesparalelas.com.ar\/sitio\/wp-content\/uploads\/2023\/10\/UNSJ-COROS-03-300x200.jpg 300w, https:\/\/vocesparalelas.com.ar\/sitio\/wp-content\/uploads\/2023\/10\/UNSJ-COROS-03-768x513.jpg 768w\" sizes=\"auto, (max-width: 800px) 100vw, 800px\" \/><\/p>\n<p>&nbsp;<\/p>\n<p><iframe loading=\"lazy\" title=\"UNSJ CONCIERTO GALA 50\u00b0ANIVERSARIO UNSJ\" width=\"800\" height=\"450\" src=\"https:\/\/www.youtube.com\/embed\/lXqSLVnloGE?feature=oembed\" frameborder=\"0\" allow=\"accelerometer; autoplay; clipboard-write; encrypted-media; gyroscope; picture-in-picture; web-share\" allowfullscreen><\/iframe><\/p>\n<p><img loading=\"lazy\" decoding=\"async\" class=\"alignnone size-full wp-image-64505\" src=\"https:\/\/vocesparalelas.com.ar\/sitio\/wp-content\/uploads\/2023\/10\/UNSJ-COROS-04.jpg\" alt=\"\" width=\"800\" height=\"534\" srcset=\"https:\/\/vocesparalelas.com.ar\/sitio\/wp-content\/uploads\/2023\/10\/UNSJ-COROS-04.jpg 800w, https:\/\/vocesparalelas.com.ar\/sitio\/wp-content\/uploads\/2023\/10\/UNSJ-COROS-04-300x200.jpg 300w, https:\/\/vocesparalelas.com.ar\/sitio\/wp-content\/uploads\/2023\/10\/UNSJ-COROS-04-768x513.jpg 768w\" sizes=\"auto, (max-width: 800px) 100vw, 800px\" \/><\/p>\n<p>El Concierto de \u00abGala 50\u00b0 A\u00f1os UNSJ\u00bb sintetiz\u00f3 el pasar del tiempo desde el nacimiento de la Universidad Nacional de San Juan, desde 1973 hasta 2023, cerrando los festejos centenarios de la instituci\u00f3n que construye San Juan.<\/p>\n<p><img loading=\"lazy\" decoding=\"async\" class=\"alignnone size-full wp-image-64507\" src=\"https:\/\/vocesparalelas.com.ar\/sitio\/wp-content\/uploads\/2023\/10\/UNSJ-COROS-06.jpg\" alt=\"\" width=\"800\" height=\"534\" srcset=\"https:\/\/vocesparalelas.com.ar\/sitio\/wp-content\/uploads\/2023\/10\/UNSJ-COROS-06.jpg 800w, https:\/\/vocesparalelas.com.ar\/sitio\/wp-content\/uploads\/2023\/10\/UNSJ-COROS-06-300x200.jpg 300w, https:\/\/vocesparalelas.com.ar\/sitio\/wp-content\/uploads\/2023\/10\/UNSJ-COROS-06-768x513.jpg 768w\" sizes=\"auto, (max-width: 800px) 100vw, 800px\" \/><\/p>\n<p>Finalizado el concierto se realiz\u00f3 un encuentro social de la Comunidad Universitaria para agradecer y brindar por 50 A\u00f1os de vida de la Universidad Nacional de San Juan.<\/p>\n<p><img loading=\"lazy\" decoding=\"async\" class=\"alignnone size-full wp-image-54097\" src=\"https:\/\/vocesparalelas.com.ar\/sitio\/wp-content\/uploads\/2022\/11\/UNSJ-EDIFICIO.jpg\" alt=\"\" width=\"800\" height=\"600\" srcset=\"https:\/\/vocesparalelas.com.ar\/sitio\/wp-content\/uploads\/2022\/11\/UNSJ-EDIFICIO.jpg 800w, https:\/\/vocesparalelas.com.ar\/sitio\/wp-content\/uploads\/2022\/11\/UNSJ-EDIFICIO-300x225.jpg 300w, https:\/\/vocesparalelas.com.ar\/sitio\/wp-content\/uploads\/2022\/11\/UNSJ-EDIFICIO-768x576.jpg 768w\" sizes=\"auto, (max-width: 800px) 100vw, 800px\" \/><\/p>\n","protected":false},"excerpt":{"rendered":"<p>En el hist\u00f3rico Auditorio Ing. Juan Victoria, se desarroll\u00f3 el Concierto de \u00abGala 50\u00b0 A\u00f1os UNSJ\u00bb con la participaci\u00f3n de<\/p>\n","protected":false},"author":3,"featured_media":64503,"comment_status":"closed","ping_status":"closed","sticky":false,"template":"","format":"standard","meta":{"_acf_changed":false,"_seopress_robots_primary_cat":"none","_seopress_titles_title":"","_seopress_titles_desc":"","_seopress_robots_index":"","colormag_page_container_layout":"default_layout","colormag_page_sidebar_layout":"default_layout","footnotes":""},"categories":[11,7],"tags":[],"class_list":["post-64500","post","type-post","status-publish","format-standard","has-post-thumbnail","hentry","category-sociales","category-videos"],"acf":[],"_links":{"self":[{"href":"https:\/\/vocesparalelas.com.ar\/sitio\/wp-json\/wp\/v2\/posts\/64500","targetHints":{"allow":["GET"]}}],"collection":[{"href":"https:\/\/vocesparalelas.com.ar\/sitio\/wp-json\/wp\/v2\/posts"}],"about":[{"href":"https:\/\/vocesparalelas.com.ar\/sitio\/wp-json\/wp\/v2\/types\/post"}],"author":[{"embeddable":true,"href":"https:\/\/vocesparalelas.com.ar\/sitio\/wp-json\/wp\/v2\/users\/3"}],"replies":[{"embeddable":true,"href":"https:\/\/vocesparalelas.com.ar\/sitio\/wp-json\/wp\/v2\/comments?post=64500"}],"version-history":[{"count":3,"href":"https:\/\/vocesparalelas.com.ar\/sitio\/wp-json\/wp\/v2\/posts\/64500\/revisions"}],"predecessor-version":[{"id":64529,"href":"https:\/\/vocesparalelas.com.ar\/sitio\/wp-json\/wp\/v2\/posts\/64500\/revisions\/64529"}],"wp:featuredmedia":[{"embeddable":true,"href":"https:\/\/vocesparalelas.com.ar\/sitio\/wp-json\/wp\/v2\/media\/64503"}],"wp:attachment":[{"href":"https:\/\/vocesparalelas.com.ar\/sitio\/wp-json\/wp\/v2\/media?parent=64500"}],"wp:term":[{"taxonomy":"category","embeddable":true,"href":"https:\/\/vocesparalelas.com.ar\/sitio\/wp-json\/wp\/v2\/categories?post=64500"},{"taxonomy":"post_tag","embeddable":true,"href":"https:\/\/vocesparalelas.com.ar\/sitio\/wp-json\/wp\/v2\/tags?post=64500"}],"curies":[{"name":"wp","href":"https:\/\/api.w.org\/{rel}","templated":true}]}}