{"id":64487,"date":"2023-10-13T20:21:13","date_gmt":"2023-10-13T23:21:13","guid":{"rendered":"https:\/\/vocesparalelas.com.ar\/sitio\/?p=64487"},"modified":"2023-10-13T20:23:14","modified_gmt":"2023-10-13T23:23:14","slug":"puntos-de-observacion-del-eclipse-parcial-de-sol-en-san-juan","status":"publish","type":"post","link":"https:\/\/vocesparalelas.com.ar\/sitio\/puntos-de-observacion-del-eclipse-parcial-de-sol-en-san-juan\/","title":{"rendered":"Puntos de observaci\u00f3n del Eclipse Parcial de Sol en San Juan"},"content":{"rendered":"<p>El Ministerio de Turismo y Cultura del Gobierno de San Juan invita a participar de actividades que est\u00e1n enmarcadas en la Ruta del Cielo. Se trata de una serie de puntos estrat\u00e9gicos que cuenta con el equipamiento y medidas de seguridad necesarias. De esta forma, el p\u00fablico interesado pueden disfrutar de una experiencia inolvidable durante el fen\u00f3meno astron\u00f3mico que est\u00e1 previsto para esta semana.<\/p>\n<p>Esto es posible ya que\u00a0San Juan fue declarado Capital Nacional del Turismo Astron\u00f3mico por poseer un cielo privilegiado para la observaci\u00f3n astron\u00f3mica. Es por ello que, la Ruta del Cielo ofrece la posibilidad que los visitantes puedan apreciar el cielo con las principales constelaciones, planetas y astros a trav\u00e9s de sus miradores.<\/p>\n<p>En este marco, y tal como sucedi\u00f3 en los momentos iniciales del gran Eclipse del Sol que se pudo ver desde San Juan el 2 de Julio del 2019. El Domingo, 14 de Octubre puede observarse el eclipse de sol parcialmente cubierto por la luna en el 8% de su superficie.<\/p>\n<p>En San Juan, hay puntos especiales de observaci\u00f3n.\u00a0El comienzo es a las 15:46 y finalizando a las 17:21 hs., teniendo su pico m\u00e1ximo del eclipse a las 16:35 hs.<\/p>\n<p>Por \u00faltimo, es de suma importancia resaltar que, para observar este fen\u00f3meno, es obligatorio el uso de elementos adecuados para mirar al sol de forma segura: lentes para eclipse, cajas de proyecci\u00f3n o telescopios con filtro solar o h-alfa.<\/p>\n<p><img loading=\"lazy\" decoding=\"async\" class=\"alignnone size-large wp-image-22047\" src=\"https:\/\/vocesparalelas.com.ar\/sitio\/wp-content\/uploads\/2019\/07\/JACHAL-ECLIPSE-10-800x638.jpg\" alt=\"\" width=\"800\" height=\"638\" srcset=\"https:\/\/vocesparalelas.com.ar\/sitio\/wp-content\/uploads\/2019\/07\/JACHAL-ECLIPSE-10-800x638.jpg 800w, https:\/\/vocesparalelas.com.ar\/sitio\/wp-content\/uploads\/2019\/07\/JACHAL-ECLIPSE-10-300x239.jpg 300w, https:\/\/vocesparalelas.com.ar\/sitio\/wp-content\/uploads\/2019\/07\/JACHAL-ECLIPSE-10-768x613.jpg 768w, https:\/\/vocesparalelas.com.ar\/sitio\/wp-content\/uploads\/2019\/07\/JACHAL-ECLIPSE-10.jpg 1000w\" sizes=\"auto, (max-width: 800px) 100vw, 800px\" \/><\/p>\n<p><img loading=\"lazy\" decoding=\"async\" class=\"alignnone size-large wp-image-22365\" src=\"https:\/\/vocesparalelas.com.ar\/sitio\/wp-content\/uploads\/2019\/07\/Eclipse-Total-de-Sol-101-800x533.jpeg\" alt=\"\" width=\"800\" height=\"533\" srcset=\"https:\/\/vocesparalelas.com.ar\/sitio\/wp-content\/uploads\/2019\/07\/Eclipse-Total-de-Sol-101-800x533.jpeg 800w, https:\/\/vocesparalelas.com.ar\/sitio\/wp-content\/uploads\/2019\/07\/Eclipse-Total-de-Sol-101-300x200.jpeg 300w, https:\/\/vocesparalelas.com.ar\/sitio\/wp-content\/uploads\/2019\/07\/Eclipse-Total-de-Sol-101-768x512.jpeg 768w, https:\/\/vocesparalelas.com.ar\/sitio\/wp-content\/uploads\/2019\/07\/Eclipse-Total-de-Sol-101.jpeg 1024w\" sizes=\"auto, (max-width: 800px) 100vw, 800px\" \/><\/p>\n<p><span style=\"color: #ff6600;\"><b>Puntos de observaci\u00f3n<\/b><\/span><\/p>\n<p><span style=\"color: #ff6600;\"><b>Santuario Difunta Correa<strong>, Departamento<\/strong><\/b><\/span><\/p>\n<p>Desde las 15hs.; hay una experiencia de observaci\u00f3n del eclipse parcial de sol de la mano del astr\u00f3nomo Antonio Alejo. Tambi\u00e9n una caminata interpretativa por los miradores y degustaci\u00f3n de vinos en el Hotel Terraza.<\/p>\n<p>Reservas e informaci\u00f3n al 264 5660821<\/p>\n<p><strong><span style=\"color: #ff6600;\">Estaci\u00f3n de Altura Carlos U. Cesco<b>, Departamento Calingasta<\/b><\/span><\/strong><\/p>\n<p>En dicha estaci\u00f3n, ubicada en el Parque Nacional El Leoncito, se vive una experiencia de observaci\u00f3n diurna. Reservas e informaci\u00f3n en la web<\/p>\n<p><a href=\"http:\/\/www.cielodesanjuan.com\">http:\/\/www.cielodesanjuan.com<\/a><\/p>\n<p><span style=\"color: #ff6600;\"><b>Complejo Astron\u00f3mico El Leoncito \u00abCasleo\u00bb, Departamento Calingasta<\/b><\/span><\/p>\n<p>El complejo astron\u00f3mico est\u00e1 ubicado en el Parque Nacional El Leoncito y se puede disfrutar de una experiencia de observaci\u00f3n diurna.<\/p>\n<p>Reservas e informaci\u00f3n v\u00eda telef\u00f3nica al 264 585335 o por la web en<\/p>\n<p><a href=\"http:\/\/www.reservascasleo.com\">http:\/\/www.reservascasleo.com<\/a><\/p>\n<p>&nbsp;<\/p>\n<p><img loading=\"lazy\" decoding=\"async\" class=\"alignnone size-large wp-image-22365\" src=\"https:\/\/vocesparalelas.com.ar\/sitio\/wp-content\/uploads\/2019\/07\/Eclipse-Total-de-Sol-101-800x533.jpeg\" alt=\"\" width=\"800\" height=\"533\" srcset=\"https:\/\/vocesparalelas.com.ar\/sitio\/wp-content\/uploads\/2019\/07\/Eclipse-Total-de-Sol-101-800x533.jpeg 800w, https:\/\/vocesparalelas.com.ar\/sitio\/wp-content\/uploads\/2019\/07\/Eclipse-Total-de-Sol-101-300x200.jpeg 300w, https:\/\/vocesparalelas.com.ar\/sitio\/wp-content\/uploads\/2019\/07\/Eclipse-Total-de-Sol-101-768x512.jpeg 768w, https:\/\/vocesparalelas.com.ar\/sitio\/wp-content\/uploads\/2019\/07\/Eclipse-Total-de-Sol-101.jpeg 1024w\" sizes=\"auto, (max-width: 800px) 100vw, 800px\" \/><\/p>\n","protected":false},"excerpt":{"rendered":"<p>El Ministerio de Turismo y Cultura del Gobierno de San Juan invita a participar de actividades que est\u00e1n enmarcadas en<\/p>\n","protected":false},"author":3,"featured_media":22366,"comment_status":"closed","ping_status":"closed","sticky":false,"template":"","format":"standard","meta":{"_acf_changed":false,"_seopress_robots_primary_cat":"none","_seopress_titles_title":"","_seopress_titles_desc":"","_seopress_robots_index":"","colormag_page_container_layout":"default_layout","colormag_page_sidebar_layout":"default_layout","footnotes":""},"categories":[1],"tags":[],"class_list":["post-64487","post","type-post","status-publish","format-standard","has-post-thumbnail","hentry","category-destacadas"],"acf":[],"_links":{"self":[{"href":"https:\/\/vocesparalelas.com.ar\/sitio\/wp-json\/wp\/v2\/posts\/64487","targetHints":{"allow":["GET"]}}],"collection":[{"href":"https:\/\/vocesparalelas.com.ar\/sitio\/wp-json\/wp\/v2\/posts"}],"about":[{"href":"https:\/\/vocesparalelas.com.ar\/sitio\/wp-json\/wp\/v2\/types\/post"}],"author":[{"embeddable":true,"href":"https:\/\/vocesparalelas.com.ar\/sitio\/wp-json\/wp\/v2\/users\/3"}],"replies":[{"embeddable":true,"href":"https:\/\/vocesparalelas.com.ar\/sitio\/wp-json\/wp\/v2\/comments?post=64487"}],"version-history":[{"count":3,"href":"https:\/\/vocesparalelas.com.ar\/sitio\/wp-json\/wp\/v2\/posts\/64487\/revisions"}],"predecessor-version":[{"id":64492,"href":"https:\/\/vocesparalelas.com.ar\/sitio\/wp-json\/wp\/v2\/posts\/64487\/revisions\/64492"}],"wp:featuredmedia":[{"embeddable":true,"href":"https:\/\/vocesparalelas.com.ar\/sitio\/wp-json\/wp\/v2\/media\/22366"}],"wp:attachment":[{"href":"https:\/\/vocesparalelas.com.ar\/sitio\/wp-json\/wp\/v2\/media?parent=64487"}],"wp:term":[{"taxonomy":"category","embeddable":true,"href":"https:\/\/vocesparalelas.com.ar\/sitio\/wp-json\/wp\/v2\/categories?post=64487"},{"taxonomy":"post_tag","embeddable":true,"href":"https:\/\/vocesparalelas.com.ar\/sitio\/wp-json\/wp\/v2\/tags?post=64487"}],"curies":[{"name":"wp","href":"https:\/\/api.w.org\/{rel}","templated":true}]}}