{"id":64474,"date":"2023-10-13T11:42:57","date_gmt":"2023-10-13T14:42:57","guid":{"rendered":"https:\/\/vocesparalelas.com.ar\/sitio\/?p=64474"},"modified":"2023-10-15T00:21:19","modified_gmt":"2023-10-15T03:21:19","slug":"aumento-salarial-octubre-2023-del-127-para-los-empleados-publicos-de-san-juan","status":"publish","type":"post","link":"https:\/\/vocesparalelas.com.ar\/sitio\/aumento-salarial-octubre-2023-del-127-para-los-empleados-publicos-de-san-juan\/","title":{"rendered":"Aumento Salarial \u00abOctubre 2023\u00bb del 12,7% para los Empleados P\u00fablicos de San Juan"},"content":{"rendered":"<p>El Ministerio de Hacienda y Finanzas del Gobierno de San Juan informa que, en base a la publicaci\u00f3n del Instituto Nacional de Estad\u00edstica y Censos -INDEC &#8211;\u00a0 anunci\u00f3 que la inflaci\u00f3n de Septiembre 2023 alcanz\u00f3 un 12,7%, este incremento ha activado la cl\u00e1usula actualizando el salario de Octubre para los empleados p\u00fablicos.<\/p>\n<p>El aumento del 12,7% se encuentra en l\u00ednea con el acuerdo previo, que garantiza que los salarios de los trabajadores estatales permanezcan siempre 5 puntos por encima de la inflaci\u00f3n oficial publicada por el INDEC.<\/p>\n<p>Por ello, la ministra de Hacienda y Finanzas del Gobierno de San Juan, CPN Marisa L\u00f3pez, destac\u00f3 que \u00abgracias a esta cl\u00e1usula la actualizaci\u00f3n del salario es autom\u00e1tica para los trabajadores estatales de San Juan. El mismo, lo reciben el aumento en sus sueldos a partir de Octubre, en correspondencia con la inflaci\u00f3n registrada en Septiembre. Estamos trabajando en cumplimiento de lo establecido en los acuerdos salariales previos. Aunque esto implica una redistribuci\u00f3n de partidas, las finanzas de la provincia pueden afrontar este gasto, siempre con el objetivo de mantener el equilibrio fiscal\u00bb.<\/p>\n<p>Para el gobierno, el impacto financiero del aumento resulta en m\u00e1s de $25,000 millones para cubrir cada grilla salarial. Esto requerir\u00e1 una revisi\u00f3n de partidas presupuestarias.<\/p>\n<p>En el marco de los acuerdos salariales previos, se estableci\u00f3 que los sueldos de los trabajadores p\u00fablicos deben mantenerse 5 puntos por encima de la inflaci\u00f3n. Si la inflaci\u00f3n supera el acuerdo, se activa autom\u00e1ticamente un aumento sin necesidad de intervenci\u00f3n sindical.<\/p>\n<p>Este es el cuarto aumento autom\u00e1tico activado por la cl\u00e1usula de actualizaci\u00f3n 2023, despu\u00e9s de los aumentos en Enero, Febrero, Septiembre y, ahora, Octubre, debido a que la inflaci\u00f3n super\u00f3 los acuerdos firmados en paritarias. A esto se suman los acuerdos que los sindicatos hab\u00edan firmado en Marzo y Agosto. En total, si se tiene en cuenta el sueldo base de Diciembre 2022, los empleados estatales suman un aumento del 123% en Octubre y 10 aumentos en total.<\/p>\n<p><img loading=\"lazy\" decoding=\"async\" class=\"alignnone size-full wp-image-64478\" src=\"https:\/\/vocesparalelas.com.ar\/sitio\/wp-content\/uploads\/2023\/10\/AUMENTO.jpg\" alt=\"\" width=\"800\" height=\"327\" srcset=\"https:\/\/vocesparalelas.com.ar\/sitio\/wp-content\/uploads\/2023\/10\/AUMENTO.jpg 800w, https:\/\/vocesparalelas.com.ar\/sitio\/wp-content\/uploads\/2023\/10\/AUMENTO-300x123.jpg 300w, https:\/\/vocesparalelas.com.ar\/sitio\/wp-content\/uploads\/2023\/10\/AUMENTO-768x314.jpg 768w\" sizes=\"auto, (max-width: 800px) 100vw, 800px\" \/><\/p>\n<p><img loading=\"lazy\" decoding=\"async\" class=\"alignnone size-large wp-image-25616\" src=\"https:\/\/vocesparalelas.com.ar\/sitio\/wp-content\/uploads\/2019\/12\/GOBIERNO-BANDERA-01-800x533.jpg\" alt=\"\" width=\"800\" height=\"533\" srcset=\"https:\/\/vocesparalelas.com.ar\/sitio\/wp-content\/uploads\/2019\/12\/GOBIERNO-BANDERA-01.jpg 800w, https:\/\/vocesparalelas.com.ar\/sitio\/wp-content\/uploads\/2019\/12\/GOBIERNO-BANDERA-01-300x200.jpg 300w, https:\/\/vocesparalelas.com.ar\/sitio\/wp-content\/uploads\/2019\/12\/GOBIERNO-BANDERA-01-768x512.jpg 768w\" sizes=\"auto, (max-width: 800px) 100vw, 800px\" \/><\/p>\n","protected":false},"excerpt":{"rendered":"<p>El Ministerio de Hacienda y Finanzas del Gobierno de San Juan informa que, en base a la publicaci\u00f3n del Instituto<\/p>\n","protected":false},"author":3,"featured_media":30577,"comment_status":"closed","ping_status":"closed","sticky":false,"template":"","format":"standard","meta":{"_acf_changed":false,"_seopress_robots_primary_cat":"none","_seopress_titles_title":"","_seopress_titles_desc":"","_seopress_robots_index":"","colormag_page_container_layout":"default_layout","colormag_page_sidebar_layout":"default_layout","footnotes":""},"categories":[6],"tags":[],"class_list":["post-64474","post","type-post","status-publish","format-standard","has-post-thumbnail","hentry","category-eventos"],"acf":[],"_links":{"self":[{"href":"https:\/\/vocesparalelas.com.ar\/sitio\/wp-json\/wp\/v2\/posts\/64474","targetHints":{"allow":["GET"]}}],"collection":[{"href":"https:\/\/vocesparalelas.com.ar\/sitio\/wp-json\/wp\/v2\/posts"}],"about":[{"href":"https:\/\/vocesparalelas.com.ar\/sitio\/wp-json\/wp\/v2\/types\/post"}],"author":[{"embeddable":true,"href":"https:\/\/vocesparalelas.com.ar\/sitio\/wp-json\/wp\/v2\/users\/3"}],"replies":[{"embeddable":true,"href":"https:\/\/vocesparalelas.com.ar\/sitio\/wp-json\/wp\/v2\/comments?post=64474"}],"version-history":[{"count":5,"href":"https:\/\/vocesparalelas.com.ar\/sitio\/wp-json\/wp\/v2\/posts\/64474\/revisions"}],"predecessor-version":[{"id":64482,"href":"https:\/\/vocesparalelas.com.ar\/sitio\/wp-json\/wp\/v2\/posts\/64474\/revisions\/64482"}],"wp:featuredmedia":[{"embeddable":true,"href":"https:\/\/vocesparalelas.com.ar\/sitio\/wp-json\/wp\/v2\/media\/30577"}],"wp:attachment":[{"href":"https:\/\/vocesparalelas.com.ar\/sitio\/wp-json\/wp\/v2\/media?parent=64474"}],"wp:term":[{"taxonomy":"category","embeddable":true,"href":"https:\/\/vocesparalelas.com.ar\/sitio\/wp-json\/wp\/v2\/categories?post=64474"},{"taxonomy":"post_tag","embeddable":true,"href":"https:\/\/vocesparalelas.com.ar\/sitio\/wp-json\/wp\/v2\/tags?post=64474"}],"curies":[{"name":"wp","href":"https:\/\/api.w.org\/{rel}","templated":true}]}}