{"id":64468,"date":"2023-10-13T10:48:11","date_gmt":"2023-10-13T13:48:11","guid":{"rendered":"https:\/\/vocesparalelas.com.ar\/sitio\/?p=64468"},"modified":"2023-10-15T18:29:57","modified_gmt":"2023-10-15T21:29:57","slug":"plan-de-prevencion-del-cancer-de-mama-de-upcn-san-juan","status":"publish","type":"post","link":"https:\/\/vocesparalelas.com.ar\/sitio\/plan-de-prevencion-del-cancer-de-mama-de-upcn-san-juan\/","title":{"rendered":"Plan de \u00abPrevenci\u00f3n del C\u00e1ncer de Mama\u00bb de UPCN San Juan"},"content":{"rendered":"<p>UPCN San Juan invita a sus afiliados a sumarse al Plan de Prevenci\u00f3n del C\u00e1ncer de Mama del 17 al 20 de Octubre, con chequeos de prevenci\u00f3n en Cl\u00ednica La Pau, Gral. Paz 567 &#8211; E &#8211; Capital, entre Aberastain y Caseros.<\/p>\n<p>La convocatoria est\u00e1 destinada a los afiliados de UPCN con la cobertura del 100 % presentando el carnet. Adem\u00e1s, se realizan sorteos entre las asistentes.<\/p>\n<p><span style=\"color: #ff00ff;\"><strong>Inscripciones <\/strong><\/span><\/p>\n<ul>\n<li>Sede Central de UPCN, Sarmiento 461 &#8211; S &#8211; Capital4214511-4225265\/int. 33<\/li>\n<li>Cl\u00ednica La Pau al los tel\u00e9fonos\u00a0 264 458-4729 o 264 503-3415<\/li>\n<\/ul>\n<p><img loading=\"lazy\" decoding=\"async\" class=\"alignnone size-large wp-image-22945\" src=\"https:\/\/vocesparalelas.com.ar\/sitio\/wp-content\/uploads\/2019\/08\/UPCN-NENE-800x600.jpg\" alt=\"\" width=\"800\" height=\"600\" srcset=\"https:\/\/vocesparalelas.com.ar\/sitio\/wp-content\/uploads\/2019\/08\/UPCN-NENE-800x600.jpg 800w, https:\/\/vocesparalelas.com.ar\/sitio\/wp-content\/uploads\/2019\/08\/UPCN-NENE-300x225.jpg 300w, https:\/\/vocesparalelas.com.ar\/sitio\/wp-content\/uploads\/2019\/08\/UPCN-NENE-768x576.jpg 768w, https:\/\/vocesparalelas.com.ar\/sitio\/wp-content\/uploads\/2019\/08\/UPCN-NENE.jpg 1000w\" sizes=\"auto, (max-width: 800px) 100vw, 800px\" \/><\/p>\n","protected":false},"excerpt":{"rendered":"<p>UPCN San Juan invita a sus afiliados a sumarse al Plan de Prevenci\u00f3n del C\u00e1ncer de Mama del 17 al<\/p>\n","protected":false},"author":3,"featured_media":6226,"comment_status":"closed","ping_status":"closed","sticky":false,"template":"","format":"standard","meta":{"_acf_changed":false,"_seopress_robots_primary_cat":"none","_seopress_titles_title":"","_seopress_titles_desc":"","_seopress_robots_index":"","colormag_page_container_layout":"default_layout","colormag_page_sidebar_layout":"default_layout","footnotes":""},"categories":[2],"tags":[],"class_list":["post-64468","post","type-post","status-publish","format-standard","has-post-thumbnail","hentry","category-convocatorias"],"acf":[],"_links":{"self":[{"href":"https:\/\/vocesparalelas.com.ar\/sitio\/wp-json\/wp\/v2\/posts\/64468","targetHints":{"allow":["GET"]}}],"collection":[{"href":"https:\/\/vocesparalelas.com.ar\/sitio\/wp-json\/wp\/v2\/posts"}],"about":[{"href":"https:\/\/vocesparalelas.com.ar\/sitio\/wp-json\/wp\/v2\/types\/post"}],"author":[{"embeddable":true,"href":"https:\/\/vocesparalelas.com.ar\/sitio\/wp-json\/wp\/v2\/users\/3"}],"replies":[{"embeddable":true,"href":"https:\/\/vocesparalelas.com.ar\/sitio\/wp-json\/wp\/v2\/comments?post=64468"}],"version-history":[{"count":4,"href":"https:\/\/vocesparalelas.com.ar\/sitio\/wp-json\/wp\/v2\/posts\/64468\/revisions"}],"predecessor-version":[{"id":64569,"href":"https:\/\/vocesparalelas.com.ar\/sitio\/wp-json\/wp\/v2\/posts\/64468\/revisions\/64569"}],"wp:featuredmedia":[{"embeddable":true,"href":"https:\/\/vocesparalelas.com.ar\/sitio\/wp-json\/wp\/v2\/media\/6226"}],"wp:attachment":[{"href":"https:\/\/vocesparalelas.com.ar\/sitio\/wp-json\/wp\/v2\/media?parent=64468"}],"wp:term":[{"taxonomy":"category","embeddable":true,"href":"https:\/\/vocesparalelas.com.ar\/sitio\/wp-json\/wp\/v2\/categories?post=64468"},{"taxonomy":"post_tag","embeddable":true,"href":"https:\/\/vocesparalelas.com.ar\/sitio\/wp-json\/wp\/v2\/tags?post=64468"}],"curies":[{"name":"wp","href":"https:\/\/api.w.org\/{rel}","templated":true}]}}