{"id":64463,"date":"2023-10-12T22:06:27","date_gmt":"2023-10-13T01:06:27","guid":{"rendered":"https:\/\/vocesparalelas.com.ar\/sitio\/?p=64463"},"modified":"2023-10-13T01:07:42","modified_gmt":"2023-10-13T04:07:42","slug":"emergencia-habitacional-hidrica-publica-y-en-la-obra-publica-de-san-juan","status":"publish","type":"post","link":"https:\/\/vocesparalelas.com.ar\/sitio\/emergencia-habitacional-hidrica-publica-y-en-la-obra-publica-de-san-juan\/","title":{"rendered":"Emergencia Habitacional, H\u00eddrica, P\u00fablica y en la Obra P\u00fablica de San Juan"},"content":{"rendered":"<div class=\"itemFullText jbintrotext\">\n<p>La C\u00e1mara de Diputados de San Juan celebr\u00f3 este jueves 12 de octubre, la Octava Sesi\u00f3n del per\u00edodo ordinario en cuyo transcurso aprob\u00f3 sobre tablas un paquete de siete leyes, autor\u00eda del Frente Con Vos \u2013 Juntos por el Cambio que inclu\u00edan los estados de Emergencia Habitacional, H\u00eddrica, en Obras P\u00fablicas, en Servicios de Seguridad, P\u00fablica; la suspensi\u00f3n de desocupaci\u00f3n y desalojo; de regularizaci\u00f3n de obras subrepticias y de suspensi\u00f3n de hipotecas, que recibir\u00e1n una pr\u00f3rroga hasta el 31 de diciembre de 2024.<\/p>\n<\/div>\n<div class=\"itemFullText\">\n<p>La sesi\u00f3n fue conducida en forma alternada por el vicegobernador y presidente nato de la C\u00e1mara de Diputados, Roberto Gattoni y el vicepresidente primero del cuerpo, Eduardo Cabello.<\/p>\n<p>Es oportuno consignar que en el transcurso de la sesi\u00f3n fue tributado un homenaje al diputado Juan Jos\u00e9 Chica, recientemente fallecido y realiz\u00f3 el juramento de estilo y fue puesta en funciones la flamante legisladora Mariela Limerutti en reemplazo de Chica. (la informaci\u00f3n est\u00e1 publicada aparte).<\/p>\n<p><span style=\"color: #666699;\"><strong>Ley de Emergencia Habitacional<\/strong><\/span><\/p>\n<p>Fue el diputado Sergio Miodowsky titular del Interbloque Con Vos \u2013 Juntos por el Cambio, quien puso a consideraci\u00f3n del cuerpo y as\u00ed fue aprobado por unanimidad el proyecto de Ley por el que sustituye el art\u00edculo 2\u00b0 de la Ley N\u00b0 792-P, que dispone declarar el Estado de Emergencia Habitacional hasta el 31 de diciembre de 2024.<\/p>\n<p><span style=\"color: #666699;\"><strong>Pr\u00f3rroga de Emergencia en Servicios de Seguridad<\/strong><\/span><\/p>\n<p>En tanto que el legislador Carlos Quiroga, por el Interbloque Con Vos \u2013 Juntos por el Cambio, hizo lo propio con el proyecto de Ley por el que prorroga hasta el 31 de diciembre de 2024, los alcances de la Ley N\u00b0 969-P, que declara el estado de Emergencia en los Servicios de Seguridad.<\/p>\n<p><span style=\"color: #666699;\"><strong>Emergencia H\u00eddrica<\/strong><\/span><\/p>\n<p>M\u00e1s adelante, la diputada Nancy Pic\u00f3n, por el Interbloque Con Vos \u2013 Juntos por el Cambio, present\u00f3 los fundamentos del proyecto de Ley que sustituye el art\u00edculo 1\u00b0 de la Ley 2470-L, que dispone declarar el estado de Emergencia H\u00eddrica hasta el 31 de diciembre de 2024.<\/p>\n<p><span style=\"color: #666699;\"><strong>Pr\u00f3rroga de suspensi\u00f3n de desocupaci\u00f3n y desalojos<\/strong><\/span><\/p>\n<p>El legislador Gustavo Us\u00edn, del Interbloque Con Vos \u2013 Juntos por el Cambio tuvo a su cargo la fundamentaci\u00f3n del proyecto de Ley que prorroga los alcances de la Ley N\u00b0 1267-P, por la que son suspendidos hasta el 31 de diciembre de 2024, los procedimientos judiciales en que se tramitan homologaci\u00f3n de convenios, procesos sumarios y sumar\u00edsimos de desocupaci\u00f3n, desalojos, restituci\u00f3n de inmuebles de varios barrios Jard\u00edn del Milagro (Santa Luc\u00eda), Portal de los Andes I, II y III (Rivadavia); Solares de San Juan I, II, III, IV y V; Solares de Oto\u00f1o (Capital y Rivadavia) como as\u00ed tambi\u00e9n los construidos o financiados por la Cooperativa de Viviendas Gualcamayo Ltda., o SUMA Construcciones S.R.L. o MAPAL Emprendimientos Privados S.R.L.<\/p>\n<p><span style=\"color: #666699;\"><strong>Emergencia en la Obra P\u00fablica<\/strong><\/span><\/p>\n<p>Por otra parte, fue aprobado sobre tablas en forma un\u00e1nime el proyecto de Ley presentado por el Interbloque Con Vos \u2013 Juntos por el Cambio que propone sustituir el art\u00edculo 2\u00b0 de la Ley N\u00b0 2458-A, por la que prorroga la Emergencia en la Obra P\u00fablica hasta el 31 de diciembre de 2024.<\/p>\n<p>El miembro informante fue el diputado Juan Manuel Roca quien en los fundamentos se\u00f1al\u00f3 que \u201cdebido al contexto extremadamente cr\u00edtico en materia econ\u00f3mico y financiera que atraviesa nuestro pa\u00eds, cuyas consecuencias afectan directamente a la provincia de San Juan, y sobre todo a la obra p\u00fablica de la provincia, poniendo la actividad en estado de emergencia ante el riesgo de la discontinuidad de aquellas obras ya iniciadas, con un fuerte impacto en los aspectos sociales, econ\u00f3micos y productivos, y que los mismos no han variado las condiciones por las que en su momento se declar\u00f3 la Emergencia de Obra P\u00fablica en todo el \u00e1mbito de la provincia de San Juan, es que solicita se prorrogue dicha emergencia hasta el 31 de diciembre de 2024\u201d.<\/p>\n<p>En consecuencia, el art\u00edculo segundo quedar\u00e1 redactado de la siguiente manera \u201cla presente declaraci\u00f3n de Emergencia en materia de Obra P\u00fablica se extiende hasta el 31 de diciembre de 2024\u201d.<\/p>\n<p>Por su parte, la legisladora Celina Ramella solicit\u00f3 la palabra y afirm\u00f3 que \u201cpor supuesto que nuestro bloque va a acompa\u00f1ar este proyecto fundamentalmente porque las condiciones que llevaron a este cuerpo hace exactamente once meses a sancionarla no han cambiado, como ha manifestado el diputado Roca. Sabemos que es una herramienta muy importante, sobre todo porque desde nuestro gobierno siempre hemos propugnado para que no solamente el Estado tenga a cargo el tema de bajar el desempleo, sino tambi\u00e9n darle la posibilidad y sobre todo apoyarnos en las empresas privadas para conseguir un empleo digno para los trabajadores y la mejor herramienta que vimos en ese momento, fue justamente esta readecuaci\u00f3n de los contratos al momento de la obra p\u00fablica.<\/p>\n<p>Resulta sorpresivo y un poco incoherente que hace once meses que aquellos que rechazaron o que votaron en forma negativa a esta ley, hoy quieran prorrogarla. Al mismo tiempo lo celebro porque evidentemente se ha demostrado o se han disipado las dudas, las confusiones, la falta de certezas en ese momento y sobre todo se ha demostrado que nosotros legislamos con responsabilidad y no solo legislamos con responsabilidad, sino que tambi\u00e9n gobernamos con responsabilidad porque todo aquello que nosotros sancionamos en aquel momento, que se nos cuestion\u00f3 bastante, que se nos cuestion\u00f3 la forma, la cantidad de trabajo en aquel momento. Creo que queda demostrado cabalmente con la continuidad de las obras la responsabilidad con la que hacemos nuestro trabajo.<\/p>\n<p>Por eso, nuestro bloque por supuesto que vamos a acompa\u00f1ar, porque m\u00e1s all\u00e1 del color pol\u00edtico de quien tenga a su cargo la ejecuci\u00f3n de estas obras, lo que nosotros tenemos en cuenta es el bienestar de las sanjuaninas y los sanjuaninos.<\/p>\n<p>Continuar con la obra p\u00fablica as\u00ed como hace ya m\u00e1s veinte a\u00f1os venimos haciendo, como una forma tal como lo determinamos en el Acuerdo San Juan como una manera de coadyuvar tanto en el sector p\u00fablico como en el sector privado, adem\u00e1s de la obra p\u00fablica tambi\u00e9n de las empresas que conf\u00edan y apuestan en la obra p\u00fablica como un modo de vida y mucho m\u00e1s por aquellos trabajadores y sus familias que d\u00eda a d\u00eda, con fr\u00edo y calor, se levantan con\u00a0 el \u00fanico \u00e1nimo de llevar el sost\u00e9n a sus familias.<\/p>\n<p><span style=\"color: #666699;\"><strong>Pr\u00f3rroga de regularizaci\u00f3n de obras subrepticias<\/strong><\/span><\/p>\n<p>El diputado Enzo Cornejo del Frente Con Vos \u2013 Juntos por el Cambio, brind\u00f3 la fundamentaci\u00f3n del proyecto de Ley que prorroga hasta el 31 de diciembre de 2024, los alcances de la Ley N\u00b0 1254-P, que establece, en el \u00e1mbito de la provincia de San Juan, un r\u00e9gimen excepcional y temporario de regularizaci\u00f3n de obras subrepticias en contravenci\u00f3n al C\u00f3digo de Edificaci\u00f3n y dem\u00e1s normativa vigente.<\/p>\n<p><span style=\"color: #666699;\"><strong>Suspensi\u00f3n de ejecuci\u00f3n de hipotecas<\/strong><\/span><\/p>\n<p>La diputada Marcela Quiroga del Interbloque Con Vos \u2013 Juntos por el Cambio, tuvo la responsabilidad de ofrecer los fundamentos del proyecto de ley que prorroga los alcances de la Ley N\u00b0 1266-P, por la que son suspendidos, por emergencia social desde el 1 de enero de 2024 hasta el 31 de diciembre de 2024, los t\u00e9rminos procesales de todos los juicios que tengan por objeto la ejecuci\u00f3n de una hipoteca que no haya sido incluida en el fideicomiso establecido por Ley Nacional N\u00b0 25798 y adem\u00e1s se suspenden los procesos de ejecuci\u00f3n por cobro de honorarios, desde el 1 de enero de 2024 hasta el 31 de diciembre de 2024.<\/p>\n<p><span style=\"color: #666699;\"><strong>Pr\u00f3rroga de Emergencia P\u00fablica<\/strong><\/span><\/p>\n<p>Por \u00faltimo, el diputado Carlos Platero del Interbloque Con Vos \u2013 Juntos por el Cambio, brind\u00f3 la fundamentaci\u00f3n del proyecto de la Ley N| 783-P, por la que prorroga hasta el 31 de diciembre de 2024 la declaraci\u00f3n del estado de Emergencia P\u00fablica y adem\u00e1s\u00a0 suspende hasta el 31 de diciembre de 2024 los procesos de ejecuci\u00f3n de sentencia contra el Estado provincial y dem\u00e1s organismos comprendidos en la Ley.<\/p>\n<p><span style=\"color: #666699;\"><strong>Dictado de la Carrera de la Licenciatura en Archiv\u00edstica<\/strong><\/span><\/p>\n<p>Tras los argumentos presentados por el diputado Jos\u00e9 Luis Esteve, la C\u00e1mara de Diputados ratific\u00f3 el Acta Acuerdo celebrada entre el Ministerio de Gobierno de la Provincia de San Juan, representado por Alberto Valent\u00edn Hensel en su car\u00e1cter de\u00a0 ministro de Gobierno y la Confederaci\u00f3n General del Trabajo Delegaci\u00f3n San Juan, representada por Eduardo Cabello, en su car\u00e1cter de secretario general y por la Uni\u00f3n Judicial de San Juan, en car\u00e1cter de entidad sindical agremiada a la CGT, representada por su presidente, Julio Sebasti\u00e1n L\u00f3pez, suscripta el 27 de setiembre de 2022.<\/p>\n<p>El legislador se\u00f1al\u00f3 que este acuerdo tiene por objetivo implementar acciones que permitan el desarrollo del dictado de clases de la carrera Licenciatura en Archiv\u00edstica, con t\u00edtulo Intermedio de Tecnicatura Universitaria en Archiv\u00edstica, y de otras carreras que en el futuro se implementen por las partes intervinientes, en la Sede Central de la Confederaci\u00f3n General del Trabajo \u2014 Delegaci\u00f3n San Juan.<\/p>\n<p><span style=\"color: #666699;\"><strong>Convenio de cooperaci\u00f3n educativa<\/strong><\/span><\/p>\n<p>Tambi\u00e9n los legisladores aprobaron un convenio de Cooperaci\u00f3n Educativa, celebrado el 20 de octubre de 2021,\u00a0 entre el Ministerio de Educaci\u00f3n de la Naci\u00f3n, y el Ministerio de Educaci\u00f3n de la provincia de San Juan, por el cual tomando como eje central de la acci\u00f3n del Gobierno Nacional, el despliegue de pol\u00edticas p\u00fablicas federales, y en ese marco, a partir de la sanci\u00f3n de la Ley Nacional N\u00b0 27.591 del Presupuesto de Gastos y Recursos de la Administraci\u00f3n Nacional, para el Ejercicio Fiscal 2021, se ha consolidado un camino de recuperaci\u00f3n de la inversi\u00f3n educativa, en cumplimiento de la Ley Nacional N\u00b0 26.075. En esta oportunidad, habl\u00f3 el diputado Jorge Barifusa.<\/p>\n<p><span style=\"color: #666699;\"><strong>Convenio con Consejo Federal de Polic\u00eda Criminal<\/strong><\/span><\/p>\n<p>Luego, la diputada Florencia Pe\u00f1aloza expuso los fundamentos del convenio de Cooperaci\u00f3n y Asistencia T\u00e9cnica, entre el Consejo Federal de Polic\u00eda Criminal de los Ministerios P\u00fablicos de la Rep\u00fablica Argentina, y el Gobierno de la provincia de San Juan, y el secretario de Estado de Seguridad y Orden P\u00fablico.<\/p>\n<p>La Legislatura resolvi\u00f3 aprobar este acuerdo en que las partes se comprometen a desarrollar mecanismos y acciones de cooperaci\u00f3n mutua y asistencia t\u00e9cnica, a trav\u00e9s de la promoci\u00f3n de actividades conjuntas, conforme sus respectivas misiones y funciones, lo cual redundar\u00eda en fortalecimiento del sistema de seguridad y administraci\u00f3n de justicia.<\/p>\n<p><span style=\"color: #666699;\"><strong>Imposici\u00f3n de nombres a escuelas<\/strong><\/span><\/p>\n<p>Asimismo, ofreci\u00f3 conformidad con el despacho favorable a los siguientes proyectos de Ley que apuntan a la imposici\u00f3n de nombres en establecimientos escolares, que son los siguientes:<\/p>\n<p>Escuela Secundaria \u00abAngualasto\u00bb a la Escuela Secundaria \u00abAnt\u00e1rtida Argentina\u00bb, ubicada en el departamento Iglesia, dependiente de la Direcci\u00f3n de Educaci\u00f3n Secundaria Orientada y Art\u00edstica del Ministerio de Educaci\u00f3n de la provincia de San Juan.<\/p>\n<p>\u00abEl Jard\u00edn de Mimosaurio\u00bb a la Escuela de Nivel Inicial N\u00b0 13, ubicada en calle Eva Duarte de Per\u00f3n y Larralde sin n\u00famero, del departamento de Rivadavia. (Diputada Fernanda Paredes)<\/p>\n<p>\u201cDr. Antonio Washington Ch\u00e1vez \u00bb a la Escuela de Nivel Inicial N\u00b0 370, ubicada en calle Guillermo Rawson del departamento San Jos\u00e9 de J\u00e1chal. (Diputada Fernanda Paredes)<\/p>\n<p>\u00abHuellitas de Amor\u00bb a la Escuela de Nivel Inicial N\u00b0 81, ubicada en calle Rosario Quiroga y Soldado Argentino, barrio Lago de Ullum, Villa Aurora, departamento Ullum. (Diputada Fernanda Paredes)<\/p>\n<p>\u00abCielo Alto\u00bb a la Escuela de Nivel Inicial N\u00b0 80, ubicada en calle Mat\u00edas S\u00e1nchez sin n\u00famero, en el departamento Zonda.\u00a0 (Diputada Fernanda Paredes).<\/p>\n<p>Durante el tratamiento de estos temas estuvieron presentes docentes y directivos de los establecimientos.<\/p>\n<p><span style=\"color: #666699;\"><strong>Convenio para mejorar la gesti\u00f3n de los recursos h\u00eddricos<\/strong><\/span><\/p>\n<p>Tambi\u00e9n, con el aval de las respectivas comisiones legislativas, los legisladores abordar\u00e1n un proyecto de Ley\u00a0 y Mensaje remitido por el Poder Ejecutivo que propone ratificar un convenio celebrado entre las siguientes instituciones: el Ministerio de Ciencia, Tecnolog\u00eda e Innovaci\u00f3n (MINCYT), el Instituto Nacional de Tecnolog\u00eda Agropecuaria (INTA); la Universidad Nacional de San Juan (UNSJ); el Instituto Nacional del Agua (INA);\u00a0 la Comisi\u00f3n Nacional de Actividades Espaciales (CONAE), el Gobierno de la provincia de San Juan y la Fundaci\u00f3n Argeninta para la ejecuci\u00f3n del Proyecto Centro de Investigaci\u00f3n, Desarrollo e Innovaci\u00f3n para la Gesti\u00f3n Integral del Agua en el \u00c1rido (CIGIAA).<\/p>\n<p>El objeto de este Proyecto Centro de Investigaci\u00f3n, Desarrollo e Innovaci\u00f3n para la Gesti\u00f3n Integral del Agua en el \u00c1rido (CIGIAA), tiene como finalidad mejorar la gesti\u00f3n, maximizar la eficiencia y asegurar la sostenibilidad de los recursos h\u00eddricos a nivel de cuenca en el entorno socio-productivo de la provincia de San Juan con proyecci\u00f3n regional y dem\u00e1s objetivos previstos en el Proyecto.<\/p>\n<p><span style=\"color: #666699;\"><strong>Convenio con la Secretar\u00eda de Abordaje Integral<\/strong><\/span><\/p>\n<p>Fue aprobado adem\u00e1s un convenio celebrado entre la Secretaria de Abordaje Integral del Ministerio de Desarrollo Social de la Naci\u00f3n, y la Provincia de San Juan, suscripto el 25 de febrero de 2023.<\/p>\n<p>Cabe se\u00f1alar que el presente acuerdo fue suscripto en el marco de los lineamientos contenidos en el Programa de Integraci\u00f3n y Desarrollo Humano \u00abParticipar en Comunidad\u00bb y sus respectivos lineamientos generales, y lineamientos operativos, cuya autoridad de aplicaci\u00f3n es la Subsecretaria de Desarrollo Humano del Ministerio de Desarrollo Social de la Naci\u00f3n.<\/p>\n<p>En este sentido, las partes acuerdan el otorgamiento de un subsidio institucional por parte del Ministerio de Desarrollo Social de la Naci\u00f3n, para la implementaci\u00f3n del Proyecto: \u00abRefuncionalizaci\u00f3n Nuevo CIC \u2014 Barrio La Bebida en la Provincia de San Juan\u00bb, cuyo monto asciende a la suma de pesos ciento cuarenta y nueve millones ochocientos noventa y dos mil cuatrocientos dieciocho con 77\/100 ($149.892.418,77), el que ser\u00e1 transferido en un \u00fanico desembolso.<\/p>\n<p><span style=\"color: #666699;\"><strong>Bien Integrante del Patrimonio Cultural la Fideer\u00eda Yanz\u00f3n<\/strong><\/span><\/p>\n<p>Tambi\u00e9n result\u00f3 aprobado un proyecto de Ley por el cual declara Bien Integrante del Patrimonio Cultural de la Provincia, dentro de los alcances de la Ley N\u00b0 571-F, a los galpones 1, 2 y 3 del edificio de la antigua Fideer\u00eda Yanz\u00f3n, ubicada en calle Mariano Moreno 98 Oeste, esquina Entre R\u00edos, departamento Capital de San Juan, design\u00e1ndolo \u00abSitio Hist\u00f3rico\u00bb encuadrado en el Art\u00edculo 4\u00b0, inciso B), apartado 1).<\/p>\n<p>Cabe se\u00f1alar que esta construcci\u00f3n lleva como nombre el apellido de una familia tradicional de San Juan, que si bien en sus or\u00edgenes ingleses \u2014Jameson- el uso y la tradici\u00f3n lo espa\u00f1olizaron en Yanz\u00f3n.<\/p>\n<p><span style=\"color: #666699;\"><strong>Creaci\u00f3n de un Banco Descentralizado de ayudas t\u00e9cnicas<\/strong><\/span><\/p>\n<p>La C\u00e1mara de Diputados ratific\u00f3 un convenio firmado entre la Agencia Nacional de Discapacidad y el Ministerio de Desarrollo Humano y Promoci\u00f3n Social de nuestra provincia.<\/p>\n<p>El objeto de este acuerdo consiste en la asignaci\u00f3n de Fondos por parte de la Agencia, derivados del FONADIS a este Ministerio con el fin de financiar la creaci\u00f3n de un Banco Descentralizado de ayudas t\u00e9cnicas en el marco del Programa Banco Descentralizado de Ayudas T\u00e9cnicas.<\/p>\n<p><span style=\"color: #666699;\"><strong>Donaci\u00f3n de una aeronave al Centro de Aviaci\u00f3n Civil San Juan<\/strong><\/span><\/p>\n<p>El cuerpo parlamentario consider\u00f3 y ofreci\u00f3 acuerdo al proyecto de Ley presentado por el Poder Ejecutivo que propone donar con cargo, al Centro de Aviaci\u00f3n Civil San Juan, la aeronave, propiedad de la provincia de San Juan, individualizada como avi\u00f3n Piper \u00abSeneca\u00bb.<\/p>\n<p>Cabe se\u00f1alar que el cargo impuesto a la presente donaci\u00f3n, consiste en la obligaci\u00f3n del Centro de Aviaci\u00f3n Civil San Juan, de:<\/p>\n<p>a) destinar la aeronave para ser utilizada en procedimientos de instrucci\u00f3n de vuelo de pilotos actuales y futuros, en el \u00e1mbito de esa instituci\u00f3n; y<\/p>\n<p>b) poner a disposici\u00f3n del Estado Provincial, sin costo, el uso de dicho avi\u00f3n, cuando circunstancias de necesidad y\/o cat\u00e1strofe sanitaria, clim\u00e1tica, agropecuaria, o de otra \u00edndole, que sean producidas por fen\u00f3menos naturales y\/o humanos, as\u00ed lo exijan.<\/p>\n<p>Durante el tratamiento estuvo presente el reconocido y experimentado piloto Walter Gallardo.<\/p>\n<p><span style=\"color: #666699;\"><strong>Convenio con la Secretar\u00eda de Pol\u00edtica Social<\/strong><\/span><\/p>\n<p>Tambi\u00e9n result\u00f3 aprobado un Convenio entre la Secretar\u00eda de Pol\u00edtica Social del Ministerio de Desarrollo Social de la Naci\u00f3n y el Ministerio de Desarrollo Humano y Promoci\u00f3n Social de la Provincia de San Juan, el que tiene por objeto el otorgamiento de un subsidio institucional con car\u00e1cter de no reintegrable en el marco de la Resoluci\u00f3n N\u00b0 553\/2020, para la implementaci\u00f3n del proyecto de \u00abSubsidio de Emergencia Habitacional de San Juan\u00bb y cuyo objetivo es brindar asistencia a la poblaci\u00f3n de la Provincia de San Juan, que se encuentre en situaci\u00f3n de emergencia social por su condici\u00f3n de vulnerabilidad, ratificado por Decreto Provincial, el que en copia certificada forma parte integrante de la presente ley.<\/p>\n<p><span style=\"color: #666699;\"><strong>Resoluci\u00f3n para la exploraci\u00f3n \u201cEl Relincho\u201d<\/strong><\/span><\/p>\n<p>El cuerpo parlamentario dio acuerdo a \u00a0un proyecto de Ley por el cual se ratifica la Resoluci\u00f3n N\u00b0 193-IPEEM-2023 de fecha 27 de julio del 2023, que acepta la Oferta de Trabajo y Econ\u00f3mica efectuada por la Empresa Golden Mining S.A. para la exploraci\u00f3n con opci\u00f3n a explotaci\u00f3n de la manifestaci\u00f3n de descubrimiento que tramita por expediente N\u00b0 1126-000085-2023, del I.P.E.E.M. denominada \u00abEL RELINCHO\u00bb, ubicada en el departamento Ullum, provincia de San Juan.<\/p>\n<p><span style=\"color: #666699;\"><strong>Adhesi\u00f3n a la Ley Nacional de Guardavidas<\/strong><\/span><\/p>\n<p>Fue aprobado por unanimidad el proyecto de Ley, autor\u00eda del diputado Eduardo Cabello y la diputada Celina Ramella, que tiene por finalidad adherir al r\u00e9gimen de la Ley Nacional N \u00b0 27.155, que regula el ejercicio profesional de Guardavidas y su Decreto Reglamentario N\u00b0 260\/2021, brindando pautas para el ejercicio de la profesi\u00f3n de guardavidas y la prevenci\u00f3n de los siniestros en los ambientes acu\u00e1ticos en el territorio nacional.<\/p>\n<p>Cabe destacar que la Ley Nacional, manifiesta desde el Estado, la intenci\u00f3n de resguardar la vida de los ciudadanos, proporcion\u00e1ndoles, a quienes cumplen la importante tarea de velar por nuestra seguridad en aquellos espacios de esparcimiento, recreaci\u00f3n, deportes o descanso, un marco legal para garantizar el correcto desempe\u00f1o de su tarea.<\/p>\n<p>Una considerable delegaci\u00f3n de guardavidas estuvo presente durante el tratamiento del proyecto de ley y agradeci\u00f3 efusivamente la aprobaci\u00f3n.<\/p>\n<p><span style=\"color: #666699;\"><strong>Traslado de un Juez<\/strong><\/span><\/p>\n<p>La diputada Celina Ramella fundament\u00f3 la Comunicaci\u00f3n Oficial presentada por el Consejo de la Magistratura que result\u00f3 aprobada por la que da cuenta del acta del 2 de octubre de 2023, por la que propone al Poder Legislativo el traslado del abogado Carlos Adri\u00e1n Cuevas al cargo vacante de Juez de Paz Letrado del departamento Angaco.<\/p>\n<p><span style=\"color: #666699;\"><strong>Renuncia de una Jueza<\/strong><\/span><\/p>\n<p>Por su parte, el legislador Juan Carlos Abarca fue el miembro informante de la Comunicaci\u00f3n Oficial del Poder Judicial que acept\u00f3 la renuncia de la abogada Beatriz Rosa Gallo, al cargo de Jueza de Paz Letrada.<\/p>\n<p><span style=\"color: #666699;\"><strong>Modificaci\u00f3n Ley del ejercicio de la Abogac\u00eda<\/strong><\/span><\/p>\n<p>La diputada Celina Ramella puso a consideraci\u00f3n del cuerpo el proyecto de Ley que propone la modificaci\u00f3n del art\u00edculo 50\u00b0 de la Ley N\u00b0 127-A, Ley Org\u00e1nica del Ejercicio de la Abogac\u00eda, que result\u00f3 aprobada por unanimidad.<\/p>\n<p><span style=\"color: #666699;\"><strong>Resoluciones<\/strong><\/span><\/p>\n<p>Por otra parte, el cuerpo Legislativo resolvi\u00f3 declarar de inter\u00e9s:<\/p>\n<ul>\n<li><strong><span style=\"color: #666699;\">Educativo, social y cultural,<\/span> <\/strong>el II Congreso Internacional de Educaci\u00f3n y Nuevas Realidades en el Aula, que se lleva a cabo el 9 y 10 de noviembre del a\u00f1o 2023, en el Centro de Convenciones Guillermo Barrena Guzm\u00e1n, Centro Cultural Conte Grand y Conectar Lab.; Organizado por ISFD-Instituto Superior de Formaci\u00f3n Docente- ISPE Domingo Faustino Sarmiento. (Diputado Enzo Cornejo)<\/li>\n<li><strong><span style=\"color: #666699;\">Educativo y cultural<\/span><\/strong> los 25 a\u00f1os del Nivel Secundario del Colegio Parroquial de Santa Lucia. (Diputados Carlos Jaime y Juan Manuel Roca)<\/li>\n<li><strong><span style=\"color: #666699;\">Social y cultural,<\/span><\/strong> el libro titulado \u00ab100 historias: Sanjuaninos en la pandemia de coronavirus\u00bb; escrito por Pablo Zama. (Diputado Carlos Platero)<\/li>\n<li><strong><span style=\"color: #666699;\">Social, educativo y sanitario,<\/span><\/strong> el Congreso Internacional de Pie y Tobillo Foot &amp; Ankle que se lleva a cabo los d\u00edas 23 y 24 de noviembre del corriente a\u00f1o en el auditorio Eloy P Camus del Centro C\u00edvico de San Juan. (Diputado Gustavo Rodr\u00edguez);<\/li>\n<li><strong><span style=\"color: #666699;\">Legislativo, educativo y cultural<\/span><\/strong> a las, \u00abXXXIV Jornadas Argentinas de Taquigraf\u00eda Parlamentaria\u00bb, a realizarse en la provincia de San Juan, durante los d\u00edas 10, 11 y 12 de noviembre del corriente a\u00f1o. (Diputado Gustavo Rodr\u00edguez);<\/li>\n<li><strong><span style=\"color: #666699;\">Educativo, social y econ\u00f3mico<\/span><\/strong> el XXIII Seminario Internacional sobre Tributaci\u00f3n Local, organizado por el Consejo Profesional de Ciencias Econ\u00f3micas de la provincia de San Juan, conjuntamente con la Facultad de Derecho de la Universidad Nacional de Lomas de Zamora, la Facultad de Ciencias Jur\u00eddicas de la Universidad del Salvador, el Departamento de Derecho de la Universidad Nacional del Sur y la Fundaci\u00f3n de Estudios e Investigaciones Tributarias, a realizarse los d\u00edas 2 y 3 de noviembre del\u00a0 corriente a\u00f1o en la Ciudad de San Juan. (Diputado Rodolfo Jalife);<\/li>\n<li><strong><span style=\"color: #666699;\">Social, educativo y cultural<\/span><\/strong> las \u00ab1\u00b0 Jornadas Provinciales de Educaci\u00f3n Art\u00edstica y el 8\u00b0 Encuentro Nacional de M\u00fasica y Educaci\u00f3n del MOMUSI\u00bb, organizado por el Instituto Superior de Formaci\u00f3n Docente de la Escuela Normal Superior \u00abGral. San Mart\u00edn\u00bb, Ministerio de Educaci\u00f3n y el Departamento de M\u00fasica de la Facultad de Filosof\u00eda, Humanidades y Artes de la Universidad Nacional de San Juan, a realizarse el 19 y 20 de octubre del corriente a\u00f1o. (Diputada Marcela Monti);<\/li>\n<li><strong><span style=\"color: #666699;\">Educativo y cultural<\/span><\/strong> el proyecto pedag\u00f3gico \u00abBeethoven en la Escuela\u00bb, cuya presentaci\u00f3n se realiza los d\u00edas 22 de noviembre \u00abD\u00eda de la M\u00fasica\u00bb en el Patin\u00f3dromo del Parque de Mayo y 27 de noviembre en la Plaza Seca del Centro C\u00edvico. (Diputada Graciela Seva);<\/li>\n<li><strong><span style=\"color: #666699;\">Social y sanitario<\/span><\/strong> la actividad de concientizaci\u00f3n denominada \u00abBarrileteada por las Enfermedades Poco Frecuentes\u00bb, organizado por la Municipalidad de la Capital de San Juan, que se lleva a cabo el d\u00eda 27 de octubre del corriente a\u00f1o en el Museo de la Memoria Urbana. (Diputada Fernanda Paredes);<\/li>\n<li><strong><span style=\"color: #666699;\">Social, cultural y educativo<\/span><\/strong> la XXI Jornada Provincial de J\u00f3venes Profesionales en Ciencias Econ\u00f3micas bajo el lema \u00abInspirando el cambio: Profesionales en Evoluci\u00f3n\u00bb, organizada por la Comisi\u00f3n de J\u00f3venes Profesionales del Consejo de Ciencias Econ\u00f3micas a realizarse el d\u00eda 20 de octubre en la provincia de San Juan. (Diputado Gast\u00f3n Berenguer);<\/li>\n<li><strong><span style=\"color: #666699;\">Social y educativo<\/span> <\/strong>la actividad acad\u00e9mica \u201cModelo de las Naciones Unidas\u201d organizado por el Club de Ciencias Sociales de la Escuela Industrial D.F. Sarmiento, que se lleva a cabo los d\u00edas 26, 27 y 28 de octubre del corriente a\u00f1o. (Diputada Fernanda Paredes);<\/li>\n<li><span style=\"color: #666699;\"><strong>Educativo y cultural<\/strong><\/span> al ENABI II (Segundo Encuentro Nacional de Bibliotecarios), \u00abDe la escritura cuniforme a la inteligencia artificial\u00bb, organizado por el Colegio Profesional de Bibliotecarios de San Juan y el Instituto Superior T\u00e9cnico Escuela de Bibliotecolog\u00eda Dr. Mariano Moreno, a realizarse los d\u00edas 09 y 10 de noviembre del corriente a\u00f1o, en el Sal\u00f3n Auditorio Gobernador Eloy P. Camus de la ciudad de San Juan. (Diputados Leonardo Gioja, Juan Carlos Gioja y diputada Graciela Seva);<\/li>\n<li><strong><span style=\"color: #666699;\">Cultural, social y educativo<\/span><\/strong> a la Primera Edici\u00f3n del Festival Regional de Teatro de M\u00fasica que se realiza en la Provincia los d\u00edas 13 y 14 de Octubre de 2023 en Conectar LAB San Juan. (Diputado Sergio Miodowsky y diputada Nancy Pic\u00f3n);<\/li>\n<li><strong><span style=\"color: #666699;\">Social y cultural<\/span><\/strong> el evento \u201cCaminando por la libertad\u201d que se realiza el 14 de octubre. (Diputado Eduardo Cabello) y<\/li>\n<li><strong><span style=\"color: #666699;\">\u00a0Social y cultural<\/span><\/strong> la campa\u00f1a \u201cSan Juan, Jes\u00fas te ama\u201d, a llevarse a cabo los d\u00edas 9 a 15 de octubre en el complejo La Superiora, del Departamento Rawson. (Diputado Eduardo Cabello).<\/li>\n<\/ul>\n<p><span style=\"color: #666699;\"><strong>Comunicaci\u00f3n<\/strong><\/span><\/p>\n<p>Asimismo, fue aprobado un proyecto de Comunicaci\u00f3n presentado por el legislador Marcelo Mallea, que solicita al Poder Ejecutivo a trav\u00e9s del Ministerio de Gobierno y la Direcci\u00f3n de Coordinaci\u00f3n de Red Tulum de la provincia de San Juan, la construcci\u00f3n de una Estaci\u00f3n de Trasbordo y la implementaci\u00f3n de recorridos internos en el departamento Angaco.<\/p>\n<p><span style=\"color: #666699;\"><strong>Repudio a los ataques de Hamas a Israel<\/strong><\/span><\/p>\n<p>El cuerpo parlamentario otorg\u00f3 acuerdo a un proyecto autor\u00eda de la diputada Fernanda Paredes que declara su \u201cenerg\u00e9tico repudio ante los violentos ataques armados perpetrados contra el Estado de Israel por parte del grupo terrorista Hamas. \u00c9sta C\u00e1mara de Diputados manifiesta su pesar por las p\u00e9rdidas de las vidas humanas y se solidariza con las v\u00edctimas y sus familiares. Asimismo, apelamos a una pronta resoluci\u00f3n del conflicto mediante el uso del di\u00e1logo, la paz y respeto ineludible de los derechos humanos, garantiz\u00e1ndose la protecci\u00f3n de la poblaci\u00f3n civil\u201d.<\/p>\n<p>Finalmente, el vicegobernador y presidente nato de la C\u00e1mara de Diputados, Roberto Gattoni ofreci\u00f3 un saludo a todas las madres legislativas, diputadas y sanjuaninas en general para que el pr\u00f3ximo domingo 15 de octubre celebren junto a sus hijos un Feliz D\u00eda de la Madre.<\/p>\n<\/div>\n<figure id=\"attachment_37951\" aria-describedby=\"caption-attachment-37951\" style=\"width: 800px\" class=\"wp-caption alignnone\"><img loading=\"lazy\" decoding=\"async\" class=\"size-full wp-image-37951\" src=\"https:\/\/vocesparalelas.com.ar\/sitio\/wp-content\/uploads\/2021\/05\/CAMARA-EDIFICIO.jpg\" alt=\"\" width=\"800\" height=\"515\" srcset=\"https:\/\/vocesparalelas.com.ar\/sitio\/wp-content\/uploads\/2021\/05\/CAMARA-EDIFICIO.jpg 800w, https:\/\/vocesparalelas.com.ar\/sitio\/wp-content\/uploads\/2021\/05\/CAMARA-EDIFICIO-300x193.jpg 300w, https:\/\/vocesparalelas.com.ar\/sitio\/wp-content\/uploads\/2021\/05\/CAMARA-EDIFICIO-768x494.jpg 768w\" sizes=\"auto, (max-width: 800px) 100vw, 800px\" \/><figcaption id=\"caption-attachment-37951\" class=\"wp-caption-text\">Legislatura Provincial de San Juan<\/figcaption><\/figure>\n","protected":false},"excerpt":{"rendered":"<p>La C\u00e1mara de Diputados de San Juan celebr\u00f3 este jueves 12 de octubre, la Octava Sesi\u00f3n del per\u00edodo ordinario en<\/p>\n","protected":false},"author":3,"featured_media":64466,"comment_status":"closed","ping_status":"closed","sticky":false,"template":"","format":"standard","meta":{"_acf_changed":false,"_seopress_robots_primary_cat":"none","_seopress_titles_title":"","_seopress_titles_desc":"","_seopress_robots_index":"","colormag_page_container_layout":"default_layout","colormag_page_sidebar_layout":"default_layout","footnotes":""},"categories":[1],"tags":[],"class_list":["post-64463","post","type-post","status-publish","format-standard","has-post-thumbnail","hentry","category-destacadas"],"acf":[],"_links":{"self":[{"href":"https:\/\/vocesparalelas.com.ar\/sitio\/wp-json\/wp\/v2\/posts\/64463","targetHints":{"allow":["GET"]}}],"collection":[{"href":"https:\/\/vocesparalelas.com.ar\/sitio\/wp-json\/wp\/v2\/posts"}],"about":[{"href":"https:\/\/vocesparalelas.com.ar\/sitio\/wp-json\/wp\/v2\/types\/post"}],"author":[{"embeddable":true,"href":"https:\/\/vocesparalelas.com.ar\/sitio\/wp-json\/wp\/v2\/users\/3"}],"replies":[{"embeddable":true,"href":"https:\/\/vocesparalelas.com.ar\/sitio\/wp-json\/wp\/v2\/comments?post=64463"}],"version-history":[{"count":1,"href":"https:\/\/vocesparalelas.com.ar\/sitio\/wp-json\/wp\/v2\/posts\/64463\/revisions"}],"predecessor-version":[{"id":64467,"href":"https:\/\/vocesparalelas.com.ar\/sitio\/wp-json\/wp\/v2\/posts\/64463\/revisions\/64467"}],"wp:featuredmedia":[{"embeddable":true,"href":"https:\/\/vocesparalelas.com.ar\/sitio\/wp-json\/wp\/v2\/media\/64466"}],"wp:attachment":[{"href":"https:\/\/vocesparalelas.com.ar\/sitio\/wp-json\/wp\/v2\/media?parent=64463"}],"wp:term":[{"taxonomy":"category","embeddable":true,"href":"https:\/\/vocesparalelas.com.ar\/sitio\/wp-json\/wp\/v2\/categories?post=64463"},{"taxonomy":"post_tag","embeddable":true,"href":"https:\/\/vocesparalelas.com.ar\/sitio\/wp-json\/wp\/v2\/tags?post=64463"}],"curies":[{"name":"wp","href":"https:\/\/api.w.org\/{rel}","templated":true}]}}