{"id":64458,"date":"2023-10-12T21:57:53","date_gmt":"2023-10-13T00:57:53","guid":{"rendered":"https:\/\/vocesparalelas.com.ar\/sitio\/?p=64458"},"modified":"2023-10-13T00:58:08","modified_gmt":"2023-10-13T03:58:08","slug":"asumio-la-diputada-lic-mariela-limerutti-en-la-camara-de-diputados-de-san-juan","status":"publish","type":"post","link":"https:\/\/vocesparalelas.com.ar\/sitio\/asumio-la-diputada-lic-mariela-limerutti-en-la-camara-de-diputados-de-san-juan\/","title":{"rendered":"Asumi\u00f3 la Diputada Lic. Mariela Limerutti en la C\u00e1mara de Diputados de San Juan"},"content":{"rendered":"<div class=\"itemFullText jbintrotext\">\n<p>Tras el homenaje que realiz\u00f3 el cuerpo legislativo al fallecido diputado Juan Jos\u00e9 Chica durante el comienzo de la Octava Sesi\u00f3n Ordinaria, y luego de un cuarto intermedio en cuyo transcurso la C\u00e1mara de Diputados se constituy\u00f3 en comisi\u00f3n y fue junto a los presidentes de los bloques legislativos y los integrantes de la comisi\u00f3n de Peticiones y Poderes con quienes analiz\u00f3 y finalmente aprob\u00f3 tanto el curr\u00edculum vitae como la trayectoria\u00a0 de Mariela del Carmen Limerutti, para su asunci\u00f3n como diputada provincial.<\/p>\n<\/div>\n<div class=\"itemFullText\">\n<p>Una vez finalizado el cuarto intermedio, hizo uso de la palabra el diputado Silvio Atencio hizo uso de la palabra para dar lectura al art\u00edculo 8\u00b0 del Reglamento Interno de la C\u00e1mara de Diputados que se\u00f1ala que \u00aben caso de vacancia, el Presidente lo comunicar\u00e1 inmediatamente a la Junta Electoral provincial, quien informar\u00e1 el suplente de acuerdo a lo dispuesto por el art\u00edculo 134\u00b0 de la Constituci\u00f3n Provincial y se incorporar\u00e1 en la sesi\u00f3n siguiente a la presentaci\u00f3n de sus diplomas, cuya validez juzgar\u00e1 el cuerpo en la misma sesi\u00f3n\u00bb.<\/p>\n<p>A continuaci\u00f3n, el presidente nato de la C\u00e1mara de Diputados, Roberto Gattoni, invit\u00f3 a Mariela Limerutti al estado de presidencia para tomarle\u00a0el juramento de estilo como legisladora y lo hizo bajo la f\u00f3rmula de \u00abDios, la Patria y los Santos Evangelios\u00bb, tras lo cual fue invitada a ocupar su banca.<\/p>\n<p>Por \u00faltimo, ya desde su banca jur\u00f3 como flamante integrante de la Sala Juzgadora, a los fines de la tramitaci\u00f3n del Juicio Pol\u00edtico.<\/p>\n<\/div>\n<div class=\"clear\">\n<figure id=\"attachment_37951\" aria-describedby=\"caption-attachment-37951\" style=\"width: 800px\" class=\"wp-caption alignnone\"><img loading=\"lazy\" decoding=\"async\" class=\"size-full wp-image-37951\" src=\"https:\/\/vocesparalelas.com.ar\/sitio\/wp-content\/uploads\/2021\/05\/CAMARA-EDIFICIO.jpg\" alt=\"\" width=\"800\" height=\"515\" srcset=\"https:\/\/vocesparalelas.com.ar\/sitio\/wp-content\/uploads\/2021\/05\/CAMARA-EDIFICIO.jpg 800w, https:\/\/vocesparalelas.com.ar\/sitio\/wp-content\/uploads\/2021\/05\/CAMARA-EDIFICIO-300x193.jpg 300w, https:\/\/vocesparalelas.com.ar\/sitio\/wp-content\/uploads\/2021\/05\/CAMARA-EDIFICIO-768x494.jpg 768w\" sizes=\"auto, (max-width: 800px) 100vw, 800px\" \/><figcaption id=\"caption-attachment-37951\" class=\"wp-caption-text\">Legislatura Provincial de San Juan<\/figcaption><\/figure>\n<\/div>\n","protected":false},"excerpt":{"rendered":"<p>Tras el homenaje que realiz\u00f3 el cuerpo legislativo al fallecido diputado Juan Jos\u00e9 Chica durante el comienzo de la Octava<\/p>\n","protected":false},"author":3,"featured_media":64461,"comment_status":"closed","ping_status":"closed","sticky":false,"template":"","format":"standard","meta":{"_acf_changed":false,"_seopress_robots_primary_cat":"none","_seopress_titles_title":"","_seopress_titles_desc":"","_seopress_robots_index":"","colormag_page_container_layout":"default_layout","colormag_page_sidebar_layout":"default_layout","footnotes":""},"categories":[1],"tags":[],"class_list":["post-64458","post","type-post","status-publish","format-standard","has-post-thumbnail","hentry","category-destacadas"],"acf":[],"_links":{"self":[{"href":"https:\/\/vocesparalelas.com.ar\/sitio\/wp-json\/wp\/v2\/posts\/64458","targetHints":{"allow":["GET"]}}],"collection":[{"href":"https:\/\/vocesparalelas.com.ar\/sitio\/wp-json\/wp\/v2\/posts"}],"about":[{"href":"https:\/\/vocesparalelas.com.ar\/sitio\/wp-json\/wp\/v2\/types\/post"}],"author":[{"embeddable":true,"href":"https:\/\/vocesparalelas.com.ar\/sitio\/wp-json\/wp\/v2\/users\/3"}],"replies":[{"embeddable":true,"href":"https:\/\/vocesparalelas.com.ar\/sitio\/wp-json\/wp\/v2\/comments?post=64458"}],"version-history":[{"count":1,"href":"https:\/\/vocesparalelas.com.ar\/sitio\/wp-json\/wp\/v2\/posts\/64458\/revisions"}],"predecessor-version":[{"id":64462,"href":"https:\/\/vocesparalelas.com.ar\/sitio\/wp-json\/wp\/v2\/posts\/64458\/revisions\/64462"}],"wp:featuredmedia":[{"embeddable":true,"href":"https:\/\/vocesparalelas.com.ar\/sitio\/wp-json\/wp\/v2\/media\/64461"}],"wp:attachment":[{"href":"https:\/\/vocesparalelas.com.ar\/sitio\/wp-json\/wp\/v2\/media?parent=64458"}],"wp:term":[{"taxonomy":"category","embeddable":true,"href":"https:\/\/vocesparalelas.com.ar\/sitio\/wp-json\/wp\/v2\/categories?post=64458"},{"taxonomy":"post_tag","embeddable":true,"href":"https:\/\/vocesparalelas.com.ar\/sitio\/wp-json\/wp\/v2\/tags?post=64458"}],"curies":[{"name":"wp","href":"https:\/\/api.w.org\/{rel}","templated":true}]}}