{"id":64452,"date":"2023-10-12T21:51:50","date_gmt":"2023-10-13T00:51:50","guid":{"rendered":"https:\/\/vocesparalelas.com.ar\/sitio\/?p=64452"},"modified":"2023-10-13T00:52:07","modified_gmt":"2023-10-13T03:52:07","slug":"homenaje-al-diputado-fallecido-juan-jose-chica-en-la-camara-de-diputados-de-san-juan","status":"publish","type":"post","link":"https:\/\/vocesparalelas.com.ar\/sitio\/homenaje-al-diputado-fallecido-juan-jose-chica-en-la-camara-de-diputados-de-san-juan\/","title":{"rendered":"Homenaje al Diputado fallecido Juan Jos\u00e9 Chica en la C\u00e1mara de Diputados de San Juan"},"content":{"rendered":"<div class=\"itemFullText jbintrotext\">\n<p>Durante el comienzo de la Octava Sesi\u00f3n del per\u00edodo ordinario que arranc\u00f3 a las 9.48 horas de la ma\u00f1ana, la Legislatura realiz\u00f3 un homenaje en memoria del diputado recientemente fallecido Juan Jos\u00e9 Chica.<\/p>\n<\/div>\n<div class=\"itemFullText\">\n<p>\u00a0La sesi\u00f3n estuvo encabezada por el vicegobernador y presidente nato de la C\u00e1mara de Diputados, Roberto Gattoni, quien solicit\u00f3 al cuerpo presente hacer un minuto de silencio. Estuvo presente en la ocasi\u00f3n su hijo Jorge Chica, toda su familia y amigos.<\/p>\n<p><img loading=\"lazy\" decoding=\"async\" class=\"alignnone size-full wp-image-64456\" src=\"https:\/\/vocesparalelas.com.ar\/sitio\/wp-content\/uploads\/2023\/10\/CDSJ-SILENCIO-01.jpg\" alt=\"\" width=\"800\" height=\"502\" srcset=\"https:\/\/vocesparalelas.com.ar\/sitio\/wp-content\/uploads\/2023\/10\/CDSJ-SILENCIO-01.jpg 800w, https:\/\/vocesparalelas.com.ar\/sitio\/wp-content\/uploads\/2023\/10\/CDSJ-SILENCIO-01-300x188.jpg 300w, https:\/\/vocesparalelas.com.ar\/sitio\/wp-content\/uploads\/2023\/10\/CDSJ-SILENCIO-01-768x482.jpg 768w\" sizes=\"auto, (max-width: 800px) 100vw, 800px\" \/><\/p>\n<p>Luego, la diputada Florencia Pe\u00f1aloza pidi\u00f3 la palabra para referirse al legislador y expres\u00f3 \u201cen honor al cari\u00f1o y a la huella que dej\u00f3 Juan Jos\u00e9 en este recinto quiero primero darle mis condolencias a su familia y amigos pero sobre todo reconocer, como dijo ese d\u00eda el gobernador de la provincia, la huella que lo va mantener vivo en esta provincia\u201d.<\/p>\n<p>Seguidamente, dijo que \u201cJuan Jos\u00e9 fue de esos hombres y mujeres de la historia de nuestro San Juan que desde lo pol\u00edtico, lo deportivo y lo sindical nos ha marcado la historia y nos va a marcar la ra\u00edz y el camino a lo largo de nuestras vidas. Los que estamos ac\u00e1, nuestros hijos, nuestros padres, nuestros abuelos que, de alguna u otra manera han sido capaces y han podido tener algunos derechos, esos derechos laborales que tanto hemos luchado, ven\u00edan de la mano de hombres como Juan Jos\u00e9. Entonces creo que es digno de reconocerlo en este recinto por todas esas luchas sindicales, pol\u00edticas, sociales y sobre todo el compromiso humano de hacerlo por todo nosotros. Por la solidaridad para su pueblo y para sus trabajadores que hoy lo van a mantener vivo en la historia de San Juan y la historia sin duda de la Argentina. Mis condolencias a Coqui y a toda su familia y el reconocimiento para Juan Jos\u00e9\u201d.<\/p>\n<p>Despu\u00e9s, la legisladora Graciela Seva se dirigi\u00f3 \u00a0tambi\u00e9n al cuerpo y a su familia presente y dijo que \u201csiento que Juan Jos\u00e9 como dijo la diputada Pe\u00f1aloza ha dejado una huella. Hasta que su salud le permiti\u00f3 hemos compartido en este recinto, en este cuerpo legislativo, reuniones, conversaciones que permit\u00edan el abrazo fraterno de Juan Jos\u00e9. Talvez una sonrisa, una sugerencia, un consejo, como no nos va a dejar una huella. Hay que rendir homenaje a nuestro compa\u00f1ero porque para nosotros, los justicialistas, Juan Jos\u00e9 marc\u00f3 huella, fue amigo, compa\u00f1ero y fue un hombre de bien, de esos que dejan la vida al servicio de una causa. Juan dej\u00f3 la vida al servicio de la causa justicialista, y acompa\u00f1o a sus compa\u00f1eros, a los trabajadores, porque \u00e9l fue un laburante sin descanso hasta sus \u00faltimos d\u00edas\u201d.<\/p>\n<p>A continuaci\u00f3n, sostuvo que \u201chablar de Juan Jos\u00e9 Chica es hablar de un hombre con fuertes convicciones, mucho compromiso y dedicada su vida a lo que \u00e9l estaba convencido y a sus pasiones que ten\u00edan que ver con el deporte. Esa pasi\u00f3n que ten\u00eda por el f\u00fatbol, por el ciclismo, y tambi\u00e9n como hombre pol\u00edtico, porque tambi\u00e9n tuvo un rol preponderante cuando le toc\u00f3 estar sentado en bancas nacionales como diputado, y tambi\u00e9n como diputado provincial. Hablo de estas sentidas palabras porque tuve mucho tiempo el placer de compartir con Juan la vida del trabajo. Fui testigo de cuando se puso a la cabeza la lucha de los trabajadores en aquellos momentos espantosos que pas\u00f3 San Juan con la pol\u00edtica de privatizaciones y nos toc\u00f3 en servicios el\u00e9ctricos. Juan luch\u00f3 con nosotros, pudo sacarnos adelante a 700 trabajadores en la \u00e9poca m\u00e1s espantosa que le toc\u00f3 vivir sobre todo al Sindicato de Luz y Fuerza. No fue menor que durante 35 a\u00f1os Juan Jos\u00e9 estuviera legitimado en el sindicato m\u00e1s importante que tiene la Argentina y San Juan. Tambi\u00e9n quiero destacar que, hace muy poco tiempo hacia el principio del 2023, \u00a0dej\u00f3 ese legado a una mujer, porque toda la vida reconoci\u00f3 el trabajo de las mujeres. Reconoci\u00f3 a la mujer que se desempe\u00f1aba en la pol\u00edtica. Fue una persona que acompa\u00f1\u00f3 a los trabajadores pero no desde el sill\u00f3n, tengo presente verlo cuando recorr\u00eda la empresa y sab\u00eda cu\u00e1les eran las necesidades de los trabajadores, quienes ten\u00edan problemas y quienes no\u201d.<\/p>\n<p>Para concluir, la diputada Seva manifest\u00f3 \u201ccreo que el justicialismo, el sindicalismo sanjuanino, ha perdido uno de los hombres de bien, por eso mi peque\u00f1o homenaje y decirles que sin dudas va dejar una huella, va quedar en la historia y simplemente un adi\u00f3s, un hasta siempre se\u00f1or diputado Juan Jos\u00e9 Chica\u201d.<\/p>\n<p>A su turno, el diputado Horacio Quiroga habl\u00f3 en el mismo sentido y se\u00f1al\u00f3 que \u201ccon tanta justicia y claridad est\u00e1n remarcando que el compa\u00f1ero Juan Jos\u00e9 ha dejado huellas, le pido dos minutos para manifestarme orgulloso como ciudadano sanjuanino y argentino de haber tenido la posibilidad de conocer a un sindicalista de la envergadura de Juan Jos\u00e9 Chica\u201d.<\/p>\n<p>\u201cSeguramente todos quienes estamos presente aqu\u00ed vamos a dar fe que uno puede desaparecer de la vida terrenal pero si ha encarnado con su vida las ideas que le han dado orientaci\u00f3n de sentido a su proceder dif\u00edcilmente muera. No muere, es una semillla, es un testimonio, para que germine en mil futuras flores, porque un hombre que ha tenido la multidimensionalidad e incidencia desde su genuino hacer, desde su simpleza y sus contundentes convicciones, se transforme para muchos de nosotros que, no siendo del partido Justicialista, lo hemos venido a conocer en su compromiso de lucha. Luego, Dios ha querido que tuviese la oportunidad de conocerlo personalmente y ah\u00ed tambi\u00e9n descubr\u00ed a un sabio compa\u00f1ero que hablaba m\u00e1s con la mirada y con el testimonio de vida que tra\u00eda sobre sus hombres hasta estos d\u00edas que en la verbalizaci\u00f3n de alguna u otra cosa\u201d, expres\u00f3 Horacio Quiroga.<\/p>\n<p>Posteriormente, cerr\u00f3 su discurso \u201cquiero poner de relieve que personalmente y en nombre del bloque Frente Grande Unidad Ciudadana a este hombre de la pol\u00edtica, a este sindicalista comprometido con los trabajadores, a ese peque\u00f1o gigante, nosotros le rendimos homenaje por las convicciones ideol\u00f3gicas y pol\u00edticas que reci\u00e9n Graciela pon\u00eda de relieve, en el sentido de estar m\u00e1s de tres d\u00e9cadas al frente de un Sindicato como Luz y Fuerza que tiene una historia combativa que enorgullece las mejores p\u00e1ginas de la historia pol\u00edtica y cultural de San Juan y este pa\u00eds\u201d.<\/p>\n<p>Tambi\u00e9n, habl\u00f3 el legislador Edgardo Sancassani quien manifest\u00f3 en lo personal y en nombre del bloque lo siguiente \u201cquiero darle mis condolencias y rendirle homenaje a Juan Jos\u00e9 Chica que lo conoc\u00ed hace cuarenta a\u00f1os desde los albores de la democracia que sin duda uno eligi\u00f3 de vocaci\u00f3n la actividad pol\u00edtica. Hay un paralelismo entre \u00e9l, nada m\u00e1s que la dedicaci\u00f3n m\u00eda fue pura y exclusivamente la actividad partidaria, la militancia, y cumplir funciones del Estado pero Juan Jos\u00e9 no solamente particip\u00f3 en la vida pol\u00edtica sino esencialmente en la vida deportiva de la provincia de San Juan, que es donde creo yo que dej\u00f3 sus marcas m\u00e1s profundas. En cuanto al ciclismo, dedic\u00f3 muchos a\u00f1os, llev\u00f3 a estar en los primeros lugares, no solamente de Argentina sino del mundo, a la provincia de San Juan. La vuelta de San Juan ha sido importante en el mundo y estar a las alturas de las circunstancias, pero tambi\u00e9n en la parte del f\u00fatbol como presidente del Club San Mart\u00edn, fue un dirigente completo\u201d.<\/p>\n<p>M\u00e1s adelante, el diputado Sergio Miodowsky, como presidente del interbloque Con Vos y Junto por el Cambio acompa\u00f1\u00f3 a Jorge Chica en el dolor y sostuvo que \u201cJuan Jos\u00e9 Chica fue un gran diputado, un gran dirigente sindical, deportivo y en esta casa que es de pluralidad de ideas siempre posibilit\u00f3 el intercambio coherente, respetuoso, sincero de ideas, m\u00e1s all\u00e1 de pertenecer a distintos espacios pol\u00edticos, creo que ha sembrado un legado en todos nosotros, en todos quienes lo conocimos. Dio mucho por San Juan, dio mucho por el deporte, por los trabajadores y creo que eso es lo que queda en las personas cuando no estamos\u201d.<\/p>\n<p>Por otra parte, el legislador Eduardo Cabello expres\u00f3 emocionado que \u201cno es f\u00e1cil referirse a la partida de un amigo. He escuchado atentamente lo que ha dicho cada diputado preopinante y uno se llena de satisfacci\u00f3n, de orgullo de venir de una rama del peronismo, del justicialismo, que nos ense\u00f1\u00f3 a vivir una calidad de vida diferente. Nosotros somos una raza rara, nos unimos como familia, nuestros hijos han pasado la mayor\u00eda los cumplea\u00f1os, los festejos, quiz\u00e1s hasta la noche buena las pasaban en el sindicato, ten\u00eda que laburar. Me es dif\u00edcil, no pude estar por el trabajo el d\u00eda que lo despidieron. La verdad que no ten\u00eda pensado hacer esto porque sab\u00eda que me iba a emocionar. Juan debe ser de los \u00faltimos del sindicalismo que marc\u00f3, que dej\u00f3 huellas. Fue un tutor, fue una persona que a pesar de pensar diferente a vos era muy solidario. Una persona que nunca te cerr\u00f3 las puertas sin haberte escuchado, que daba el consejo. Yo soy parte de una l\u00ednea que hombres como \u00e9l, aprendimos esas cosas que ellos hicieron grande, que no solamente trabajaron para donde le toc\u00f3 servir al justicialismo que fue el sindicalismo sino para la sociedad toda. Juan en su visi\u00f3n y capacidad debe ser el \u00fanico dirigente sindical que le abri\u00f3 las puertas a toda la sociedad sanjuanina con todo lo que \u00e9l hizo a trav\u00e9s de su querido Luz y Fuerza\u201d.<\/p>\n<p>\u201c\u00c9l de nosotros no se va ir nunca, \u00e9l con nosotros va estar siempre, y el d\u00eda martes, en el d\u00eda de la Lealtad, nosotros vamos a honrar su memoria poni\u00e9ndole su nombre a un sal\u00f3n de la CGT que permanezca en la historia. Esa apertura que tuvo Juan nos ha permitido a muchos aprender y caminar en esa cultura del trabajo y en esa cultura social. La huella que \u00e9l ha dejado dice todas las palabras que nosotros no vamos a poder realmente decir, el tiempo nos va a mostrar con respecto a todo lo del sindicalismo a trav\u00e9s de Juan Jos\u00e9 Chica pudo hacer en San Juan\u201d concluy\u00f3 Eduardo Cabello.<\/p>\n<p>Por \u00faltimo, el diputado Juan Carlos Abarca manifest\u00f3 que \u201cquiero comenzar diciendo que me toc\u00f3 despedir a ese compa\u00f1ero, a ese amigo, desde ac\u00e1, desde su Casa que es la Legislatura provincial, que fue parte de su casa. \u00c9l siempre ten\u00eda el coraz\u00f3n puesto lo que fue el deporte, lo que fue el gremio pero en esta partida estaba participando de forma activa ac\u00e1 junto a nosotros. Era parte de nuestro bloque Justicialista. Juan Jos\u00e9 fue en la parte gremial, sindical, en la parte pol\u00edtica y deportiva, un gran hombre. Un hombre que dijeron ac\u00e1 que ha dejado grandes huellas en todas estas \u00e1reas pero tambi\u00e9n ha dejado un legado muy importante, ha dejado a su familia, a sus hijos que hoy nos acompa\u00f1an. Juan Jos\u00e9 Chica seguir\u00e1 viviendo en el coraz\u00f3n de muchos sanjuaninos porque siempre ha extendido la mano, porque siempre estuvo al lado de cada uno que lo necesitaban. Siempre estuvo presente de una manera u otra. Vamos a estar record\u00e1ndolo siempre entre nosotros y muchos sanjuaninos lo tendr\u00e1n presente en sus corazones. Hasta siempre Juan Jos\u00e9\u201d.<\/p>\n<p>Para finalizar, el vicegobernador Gattoni propuso realizar un fuerte aplauso de pie para concluir el homenaje.<\/p>\n<\/div>\n<figure id=\"attachment_37951\" aria-describedby=\"caption-attachment-37951\" style=\"width: 800px\" class=\"wp-caption alignnone\"><img loading=\"lazy\" decoding=\"async\" class=\"size-full wp-image-37951\" src=\"https:\/\/vocesparalelas.com.ar\/sitio\/wp-content\/uploads\/2021\/05\/CAMARA-EDIFICIO.jpg\" alt=\"\" width=\"800\" height=\"515\" srcset=\"https:\/\/vocesparalelas.com.ar\/sitio\/wp-content\/uploads\/2021\/05\/CAMARA-EDIFICIO.jpg 800w, https:\/\/vocesparalelas.com.ar\/sitio\/wp-content\/uploads\/2021\/05\/CAMARA-EDIFICIO-300x193.jpg 300w, https:\/\/vocesparalelas.com.ar\/sitio\/wp-content\/uploads\/2021\/05\/CAMARA-EDIFICIO-768x494.jpg 768w\" sizes=\"auto, (max-width: 800px) 100vw, 800px\" \/><figcaption id=\"caption-attachment-37951\" class=\"wp-caption-text\">Legislatura Provincial de San Juan<\/figcaption><\/figure>\n","protected":false},"excerpt":{"rendered":"<p>Durante el comienzo de la Octava Sesi\u00f3n del per\u00edodo ordinario que arranc\u00f3 a las 9.48 horas de la ma\u00f1ana, la<\/p>\n","protected":false},"author":3,"featured_media":64455,"comment_status":"closed","ping_status":"closed","sticky":false,"template":"","format":"standard","meta":{"_acf_changed":false,"_seopress_robots_primary_cat":"none","_seopress_titles_title":"","_seopress_titles_desc":"","_seopress_robots_index":"","colormag_page_container_layout":"default_layout","colormag_page_sidebar_layout":"default_layout","footnotes":""},"categories":[1],"tags":[],"class_list":["post-64452","post","type-post","status-publish","format-standard","has-post-thumbnail","hentry","category-destacadas"],"acf":[],"_links":{"self":[{"href":"https:\/\/vocesparalelas.com.ar\/sitio\/wp-json\/wp\/v2\/posts\/64452","targetHints":{"allow":["GET"]}}],"collection":[{"href":"https:\/\/vocesparalelas.com.ar\/sitio\/wp-json\/wp\/v2\/posts"}],"about":[{"href":"https:\/\/vocesparalelas.com.ar\/sitio\/wp-json\/wp\/v2\/types\/post"}],"author":[{"embeddable":true,"href":"https:\/\/vocesparalelas.com.ar\/sitio\/wp-json\/wp\/v2\/users\/3"}],"replies":[{"embeddable":true,"href":"https:\/\/vocesparalelas.com.ar\/sitio\/wp-json\/wp\/v2\/comments?post=64452"}],"version-history":[{"count":1,"href":"https:\/\/vocesparalelas.com.ar\/sitio\/wp-json\/wp\/v2\/posts\/64452\/revisions"}],"predecessor-version":[{"id":64457,"href":"https:\/\/vocesparalelas.com.ar\/sitio\/wp-json\/wp\/v2\/posts\/64452\/revisions\/64457"}],"wp:featuredmedia":[{"embeddable":true,"href":"https:\/\/vocesparalelas.com.ar\/sitio\/wp-json\/wp\/v2\/media\/64455"}],"wp:attachment":[{"href":"https:\/\/vocesparalelas.com.ar\/sitio\/wp-json\/wp\/v2\/media?parent=64452"}],"wp:term":[{"taxonomy":"category","embeddable":true,"href":"https:\/\/vocesparalelas.com.ar\/sitio\/wp-json\/wp\/v2\/categories?post=64452"},{"taxonomy":"post_tag","embeddable":true,"href":"https:\/\/vocesparalelas.com.ar\/sitio\/wp-json\/wp\/v2\/tags?post=64452"}],"curies":[{"name":"wp","href":"https:\/\/api.w.org\/{rel}","templated":true}]}}