{"id":64433,"date":"2023-10-12T21:09:24","date_gmt":"2023-10-13T00:09:24","guid":{"rendered":"https:\/\/vocesparalelas.com.ar\/sitio\/?p=64433"},"modified":"2023-10-14T00:15:27","modified_gmt":"2023-10-14T03:15:27","slug":"frecuencias-de-transporte-publico-para-el-fin-de-semana-en-san-juan","status":"publish","type":"post","link":"https:\/\/vocesparalelas.com.ar\/sitio\/frecuencias-de-transporte-publico-para-el-fin-de-semana-en-san-juan\/","title":{"rendered":"Frecuencias de transporte p\u00fablico para el fin de semana en San Juan"},"content":{"rendered":"<p>El Ministerio de Gobierno de San Juan, a trav\u00e9s de la Coordinaci\u00f3n de RedTulum, dio detalles de qu\u00e9 manera y con qu\u00e9 frecuencias funcionar\u00e1 el transporte p\u00fablico de pasajeros durante el pr\u00f3ximo fin de semana largo.<\/p>\n<ul>\n<li>Viernes, 13 de Octubre, la frecuencia del transporte p\u00fablico provincial es con horarios de feriado y refuerzos.<\/li>\n<li>S\u00e1bado, 14 y el Domingo, 15 de Octubre, las frecuencias funcionan con horarios normales durante el fin de semana.<\/li>\n<li>Lunes, 16 de Octubre la frecuencia es con horarios de feriado por el \u201cD\u00eda del Respeto a la Diversidad Cultural\u201d.<\/li>\n<\/ul>\n<p>Recuerda que puedes conocer los horarios de tu l\u00ednea de preferencia ingresando a la App de RedTulum.<\/p>\n<p><a href=\"https:\/\/www.redtulum.gob.ar\/app\">https:\/\/www.redtulum.gob.ar\/app<\/a><\/p>\n","protected":false},"excerpt":{"rendered":"<p>El Ministerio de Gobierno de San Juan, a trav\u00e9s de la Coordinaci\u00f3n de RedTulum, dio detalles de qu\u00e9 manera y<\/p>\n","protected":false},"author":3,"featured_media":48167,"comment_status":"closed","ping_status":"closed","sticky":false,"template":"","format":"standard","meta":{"_acf_changed":false,"_seopress_robots_primary_cat":"none","_seopress_titles_title":"","_seopress_titles_desc":"","_seopress_robots_index":"","colormag_page_container_layout":"default_layout","colormag_page_sidebar_layout":"default_layout","footnotes":""},"categories":[6],"tags":[],"class_list":["post-64433","post","type-post","status-publish","format-standard","has-post-thumbnail","hentry","category-eventos"],"acf":[],"_links":{"self":[{"href":"https:\/\/vocesparalelas.com.ar\/sitio\/wp-json\/wp\/v2\/posts\/64433","targetHints":{"allow":["GET"]}}],"collection":[{"href":"https:\/\/vocesparalelas.com.ar\/sitio\/wp-json\/wp\/v2\/posts"}],"about":[{"href":"https:\/\/vocesparalelas.com.ar\/sitio\/wp-json\/wp\/v2\/types\/post"}],"author":[{"embeddable":true,"href":"https:\/\/vocesparalelas.com.ar\/sitio\/wp-json\/wp\/v2\/users\/3"}],"replies":[{"embeddable":true,"href":"https:\/\/vocesparalelas.com.ar\/sitio\/wp-json\/wp\/v2\/comments?post=64433"}],"version-history":[{"count":1,"href":"https:\/\/vocesparalelas.com.ar\/sitio\/wp-json\/wp\/v2\/posts\/64433\/revisions"}],"predecessor-version":[{"id":64436,"href":"https:\/\/vocesparalelas.com.ar\/sitio\/wp-json\/wp\/v2\/posts\/64433\/revisions\/64436"}],"wp:featuredmedia":[{"embeddable":true,"href":"https:\/\/vocesparalelas.com.ar\/sitio\/wp-json\/wp\/v2\/media\/48167"}],"wp:attachment":[{"href":"https:\/\/vocesparalelas.com.ar\/sitio\/wp-json\/wp\/v2\/media?parent=64433"}],"wp:term":[{"taxonomy":"category","embeddable":true,"href":"https:\/\/vocesparalelas.com.ar\/sitio\/wp-json\/wp\/v2\/categories?post=64433"},{"taxonomy":"post_tag","embeddable":true,"href":"https:\/\/vocesparalelas.com.ar\/sitio\/wp-json\/wp\/v2\/tags?post=64433"}],"curies":[{"name":"wp","href":"https:\/\/api.w.org\/{rel}","templated":true}]}}