{"id":64420,"date":"2023-10-12T21:10:16","date_gmt":"2023-10-13T00:10:16","guid":{"rendered":"https:\/\/vocesparalelas.com.ar\/sitio\/?p=64420"},"modified":"2023-10-14T00:16:06","modified_gmt":"2023-10-14T03:16:06","slug":"concurso-diseno-de-identidad-visual-del-cigiaa-de-la-unsj","status":"publish","type":"post","link":"https:\/\/vocesparalelas.com.ar\/sitio\/concurso-diseno-de-identidad-visual-del-cigiaa-de-la-unsj\/","title":{"rendered":"Concurso \u00abDise\u00f1o de Identidad Visual\u00bb del CIGIAA de la UNSJ"},"content":{"rendered":"<p>La Secretar\u00eda de Ciencia y T\u00e9cnica de la Universidad Nacional de San Juan\u00a0 llama a Concurso para el Dise\u00f1o de Identidad Visual, Isologo, del \u201cCentro de Investigaci\u00f3n, Desarrollo e Innovaci\u00f3n para la Gesti\u00f3n Integral del Agua en el \u00c1rido\u201d &#8211; CIGIAA.<\/p>\n<p>El concurso est\u00e1 abierto desde el 18 de Octubre al 3 de Noviembre de 2023. Los trabajos deben entregarse en Mesa de Entradas y Salidas del Rectorado, Mitre 396 &#8211; E &#8211; Capital, de 8 a 12 hs.<\/p>\n<p>El Premio Ganador es de $200.000 &#8211; doscientos mil pesos, aportado por partes iguales por la UNSJ y el INTA.<\/p>\n<p>La convocatoria est\u00e1 dirigida a estudiantes, docentes y profesionales egresados de las carreras de Dise\u00f1o, Artes Visuales, y Comunicaci\u00f3n de la UNSJ.<\/p>\n<p><span style=\"color: #ff9900;\"><strong>Requisitos en Archivos Adjuntos<\/strong><\/span><\/p>\n<p><a href=\"https:\/\/vocesparalelas.com.ar\/sitio\/wp-content\/uploads\/2023\/10\/UNSJ-BasesConcursoLo_7683_036.pdf\">UNSJ-BasesConcursoLo_7683_036<\/a><\/p>\n<p><a href=\"https:\/\/vocesparalelas.com.ar\/sitio\/wp-content\/uploads\/2023\/10\/UNSJ-DECLARACINJURAD_7683_137.pdf\">UNSJ-DECLARACINJURAD_7683_137<\/a><\/p>\n<p><a href=\"https:\/\/vocesparalelas.com.ar\/sitio\/wp-content\/uploads\/2023\/10\/UNSJ-DECLARACINJURAD_7683_238.pdf\">UNSJ-DECLARACINJURAD_7683_238<\/a><\/p>\n<p><a href=\"https:\/\/vocesparalelas.com.ar\/sitio\/wp-content\/uploads\/2023\/10\/ProyectoCIGIAAp_7683_339.pdf\">ProyectoCIGIAAp_7683_339<\/a><\/p>\n<p><img loading=\"lazy\" decoding=\"async\" class=\"alignnone size-full wp-image-54097\" src=\"https:\/\/vocesparalelas.com.ar\/sitio\/wp-content\/uploads\/2022\/11\/UNSJ-EDIFICIO.jpg\" alt=\"\" width=\"800\" height=\"600\" srcset=\"https:\/\/vocesparalelas.com.ar\/sitio\/wp-content\/uploads\/2022\/11\/UNSJ-EDIFICIO.jpg 800w, https:\/\/vocesparalelas.com.ar\/sitio\/wp-content\/uploads\/2022\/11\/UNSJ-EDIFICIO-300x225.jpg 300w, https:\/\/vocesparalelas.com.ar\/sitio\/wp-content\/uploads\/2022\/11\/UNSJ-EDIFICIO-768x576.jpg 768w\" sizes=\"auto, (max-width: 800px) 100vw, 800px\" \/><\/p>\n<p><strong><span style=\"color: #ff9900;\">Aporte de Voces Paralelas<\/span><\/strong><\/p>\n<p>El CIGIAA es un centro interinstitucional dependiente de la UNSJ, el INTA, el INA, la CONAE y el Gobierno de San Juan.<\/p>\n<p>&nbsp;<\/p>\n<p>&nbsp;<\/p>\n","protected":false},"excerpt":{"rendered":"<p>La Secretar\u00eda de Ciencia y T\u00e9cnica de la Universidad Nacional de San Juan\u00a0 llama a Concurso para el Dise\u00f1o de<\/p>\n","protected":false},"author":3,"featured_media":43958,"comment_status":"closed","ping_status":"closed","sticky":false,"template":"","format":"standard","meta":{"_acf_changed":false,"_seopress_robots_primary_cat":"none","_seopress_titles_title":"","_seopress_titles_desc":"","_seopress_robots_index":"","colormag_page_container_layout":"default_layout","colormag_page_sidebar_layout":"default_layout","footnotes":""},"categories":[8],"tags":[],"class_list":["post-64420","post","type-post","status-publish","format-standard","has-post-thumbnail","hentry","category-concursos"],"acf":[],"_links":{"self":[{"href":"https:\/\/vocesparalelas.com.ar\/sitio\/wp-json\/wp\/v2\/posts\/64420","targetHints":{"allow":["GET"]}}],"collection":[{"href":"https:\/\/vocesparalelas.com.ar\/sitio\/wp-json\/wp\/v2\/posts"}],"about":[{"href":"https:\/\/vocesparalelas.com.ar\/sitio\/wp-json\/wp\/v2\/types\/post"}],"author":[{"embeddable":true,"href":"https:\/\/vocesparalelas.com.ar\/sitio\/wp-json\/wp\/v2\/users\/3"}],"replies":[{"embeddable":true,"href":"https:\/\/vocesparalelas.com.ar\/sitio\/wp-json\/wp\/v2\/comments?post=64420"}],"version-history":[{"count":3,"href":"https:\/\/vocesparalelas.com.ar\/sitio\/wp-json\/wp\/v2\/posts\/64420\/revisions"}],"predecessor-version":[{"id":64432,"href":"https:\/\/vocesparalelas.com.ar\/sitio\/wp-json\/wp\/v2\/posts\/64420\/revisions\/64432"}],"wp:featuredmedia":[{"embeddable":true,"href":"https:\/\/vocesparalelas.com.ar\/sitio\/wp-json\/wp\/v2\/media\/43958"}],"wp:attachment":[{"href":"https:\/\/vocesparalelas.com.ar\/sitio\/wp-json\/wp\/v2\/media?parent=64420"}],"wp:term":[{"taxonomy":"category","embeddable":true,"href":"https:\/\/vocesparalelas.com.ar\/sitio\/wp-json\/wp\/v2\/categories?post=64420"},{"taxonomy":"post_tag","embeddable":true,"href":"https:\/\/vocesparalelas.com.ar\/sitio\/wp-json\/wp\/v2\/tags?post=64420"}],"curies":[{"name":"wp","href":"https:\/\/api.w.org\/{rel}","templated":true}]}}