{"id":64379,"date":"2023-10-11T23:20:19","date_gmt":"2023-10-12T02:20:19","guid":{"rendered":"https:\/\/vocesparalelas.com.ar\/sitio\/?p=64379"},"modified":"2023-10-14T01:04:34","modified_gmt":"2023-10-14T04:04:34","slug":"50-aniversario-de-la-unsj-construyendo-san-juan","status":"publish","type":"post","link":"https:\/\/vocesparalelas.com.ar\/sitio\/50-aniversario-de-la-unsj-construyendo-san-juan\/","title":{"rendered":"50\u00b0 Aniversario de la UNSJ construyendo San Juan"},"content":{"rendered":"<p>La Universidad Nacional de San Juan festej\u00f3 el 50\u00b0 Aniversario de existencia porque su historia permite que el 10 de Mayo de 1973 se crea por el Decreto. Desde ese momento comienza el organigrama institucional que se logra con la creaci\u00f3n de las Unidades Acad\u00e9micas con su estructura que con el tiempo fue se pens\u00f3 en la creaci\u00f3n de los Institutos Preuniversitarios como una Universidad P\u00fablica.<\/p>\n<p>Todo este proceso finaliz\u00f3 el 10 de Octubre de 1973, fij\u00e1ndose como el D\u00eda de la Universidad Nacional de San Juan y que durante todos los a\u00f1os se conmemora con distintos actos como la entrega de T\u00edtulo a los nuevos profesionales en cada una de las Unidades Acad\u00e9micas como el cambio de los cuerpos de la Bandera Argentina, el honor a los mejores promedios y que que representan a la UNSJ.<\/p>\n<p>Por ello, el 10 de Octubre de 1923 la Universidad Nacional de San Juan festej\u00f3 su 50\u00b0 Aniversario y la comisi\u00f3n designada realiz\u00f3 el acto central en el Hall del Edificio Central donde reuni\u00f3 a la comunidad universitaria.<\/p>\n<p>En la previa, Voces Paralelas desarroll\u00f3 una entrevista Period\u00edstica al Vicegobernador de San Juan, CPN Roberto Gattoni, quien destac\u00f3 la importancia de los aportes de la Universidad de San Juan al crecimiento de la provincia.<\/p>\n<p><iframe loading=\"lazy\" title=\"UNSJ VICEGOBERNADOR CPN ROBERTO GATTONI\" width=\"800\" height=\"450\" src=\"https:\/\/www.youtube.com\/embed\/oh8TqOU53kg?feature=oembed\" frameborder=\"0\" allow=\"accelerometer; autoplay; clipboard-write; encrypted-media; gyroscope; picture-in-picture; web-share\" allowfullscreen><\/iframe><\/p>\n<p>Luego, el Gobernador de San Juan, Dr. Sergio U\u00f1ac, quien destac\u00f3 el trabajo conjunto que realizan con la UNSJ. Adem\u00e1s, hizo declaraciones sobre la llegada del candidato a Presidente, Dr. Sergio a San Juan pero m\u00e1s tarde se anunci\u00f3 que por problema de agenda se suspendi\u00f3 su llegada.<\/p>\n<p>&nbsp;<\/p>\n<p><iframe loading=\"lazy\" title=\"UNSJ GOBERNADOR DR SERGIO U\u00d1AC\" width=\"800\" height=\"450\" src=\"https:\/\/www.youtube.com\/embed\/aF_ei66zqDw?feature=oembed\" frameborder=\"0\" allow=\"accelerometer; autoplay; clipboard-write; encrypted-media; gyroscope; picture-in-picture; web-share\" allowfullscreen><\/iframe><\/p>\n<p>&nbsp;<\/p>\n<p>Finalmente, el Rector de la UNSJ, Ing. Tadeo Berenguer, destac\u00f3 que la Universidad p\u00fablica sigue trabajando para fortalecerla y aquellas debilidades se deben transformar en fortalezas para estar al servicio de la construcci\u00f3n de San Juan.<\/p>\n<p><iframe loading=\"lazy\" title=\"UNSJ RECTOR ING TADEO BERENGUER\" width=\"800\" height=\"450\" src=\"https:\/\/www.youtube.com\/embed\/VPiZp8GR46Y?feature=oembed\" frameborder=\"0\" allow=\"accelerometer; autoplay; clipboard-write; encrypted-media; gyroscope; picture-in-picture; web-share\" allowfullscreen><\/iframe><\/p>\n<p>El acto comenz\u00f3 con la entrada de los cuerpos de la Bandera Argentina de las Unidades Acad\u00e9micas y de los Institutos Preuniversitarios para luego entonar el Himno Nacional de San Juan.<\/p>\n<p><iframe loading=\"lazy\" title=\"UNSJ HIMNO NACIONAL ARGENTINO\" width=\"800\" height=\"450\" src=\"https:\/\/www.youtube.com\/embed\/UthQ7RvLLL0?feature=oembed\" frameborder=\"0\" allow=\"accelerometer; autoplay; clipboard-write; encrypted-media; gyroscope; picture-in-picture; web-share\" allowfullscreen><\/iframe><\/p>\n<p>Luego, los cuepos de bandera se retiraron bajo el aplauso de los presentes para iniciar la presentaci\u00f3n del Cuarteto de Cuerdas \u00abTulum\u00bb, integrados por Profesores del Departamento de M\u00fasica de la Facultad de Filosof\u00eda, Humanidades y Artes de la UNSJ.<\/p>\n<p><iframe loading=\"lazy\" title=\"UNSJ CUARTETO DE CUERDA TULUM\" width=\"800\" height=\"450\" src=\"https:\/\/www.youtube.com\/embed\/C8voGdwB7iM?feature=oembed\" frameborder=\"0\" allow=\"accelerometer; autoplay; clipboard-write; encrypted-media; gyroscope; picture-in-picture; web-share\" allowfullscreen><\/iframe><\/p>\n<p>Seguidamente, el Rector de la UNSJ, Ing. Tadeo Berenguer, la Vicerrectora, Dra. Anal\u00eda Ponce, el Gobernador de San Juan, Dr. Sergio U\u00f1ac, el Vicegobernador, CPN Roberto Gattoni , Ex rectores de la UNSJ, Ing. Benjam\u00edn Kuchen\u00a0 e Ing.\u00a0 Tulio Del Bono y otras autoridades descubrieron la placa testigo del 50\u00b0 Aniversario de la Universidad Nacional de San Juan.<\/p>\n<p><img loading=\"lazy\" decoding=\"async\" class=\"alignnone size-full wp-image-64395\" src=\"https:\/\/vocesparalelas.com.ar\/sitio\/wp-content\/uploads\/2023\/10\/UNSJ-50-ACTO-10.jpg\" alt=\"\" width=\"800\" height=\"533\" srcset=\"https:\/\/vocesparalelas.com.ar\/sitio\/wp-content\/uploads\/2023\/10\/UNSJ-50-ACTO-10.jpg 800w, https:\/\/vocesparalelas.com.ar\/sitio\/wp-content\/uploads\/2023\/10\/UNSJ-50-ACTO-10-300x200.jpg 300w, https:\/\/vocesparalelas.com.ar\/sitio\/wp-content\/uploads\/2023\/10\/UNSJ-50-ACTO-10-768x512.jpg 768w\" sizes=\"auto, (max-width: 800px) 100vw, 800px\" \/><\/p>\n<p>A continuaci\u00f3n, se entregaron placas por el Gobierno de San Juan, la Municipalidad de Rivadavia y otros entreg\u00f3 una placa recordatoria.<\/p>\n<figure id=\"attachment_64397\" aria-describedby=\"caption-attachment-64397\" style=\"width: 800px\" class=\"wp-caption alignnone\"><img loading=\"lazy\" decoding=\"async\" class=\"wp-image-64397 size-full\" src=\"https:\/\/vocesparalelas.com.ar\/sitio\/wp-content\/uploads\/2023\/10\/UNSJ-50-ACTO-12.jpg\" alt=\"\" width=\"800\" height=\"533\" srcset=\"https:\/\/vocesparalelas.com.ar\/sitio\/wp-content\/uploads\/2023\/10\/UNSJ-50-ACTO-12.jpg 800w, https:\/\/vocesparalelas.com.ar\/sitio\/wp-content\/uploads\/2023\/10\/UNSJ-50-ACTO-12-300x200.jpg 300w, https:\/\/vocesparalelas.com.ar\/sitio\/wp-content\/uploads\/2023\/10\/UNSJ-50-ACTO-12-768x512.jpg 768w\" sizes=\"auto, (max-width: 800px) 100vw, 800px\" \/><figcaption id=\"caption-attachment-64397\" class=\"wp-caption-text\">El Rector de la UNSJ, Ing. Tadeo Berenguer y la Vicerrectora, Dra. Anal\u00eda Ponce junto al Gobernador de San Juan, Dr. Sergio U\u00f1ac, el Vicegobernador, CPN Roberto Gattoni, la Ministra de Educaci\u00f3n, Lic. Cecilia Trincado y el Ministro de la Corte de Justicia de San Juan, Dr. Marcelo Lima<\/figcaption><\/figure>\n<p>&nbsp;<\/p>\n<figure id=\"attachment_64396\" aria-describedby=\"caption-attachment-64396\" style=\"width: 800px\" class=\"wp-caption alignnone\"><img loading=\"lazy\" decoding=\"async\" class=\"wp-image-64396 size-full\" src=\"https:\/\/vocesparalelas.com.ar\/sitio\/wp-content\/uploads\/2023\/10\/UNSJ-50-ACTO-11.jpg\" alt=\"\" width=\"800\" height=\"533\" srcset=\"https:\/\/vocesparalelas.com.ar\/sitio\/wp-content\/uploads\/2023\/10\/UNSJ-50-ACTO-11.jpg 800w, https:\/\/vocesparalelas.com.ar\/sitio\/wp-content\/uploads\/2023\/10\/UNSJ-50-ACTO-11-300x200.jpg 300w, https:\/\/vocesparalelas.com.ar\/sitio\/wp-content\/uploads\/2023\/10\/UNSJ-50-ACTO-11-768x512.jpg 768w\" sizes=\"auto, (max-width: 800px) 100vw, 800px\" \/><figcaption id=\"caption-attachment-64396\" class=\"wp-caption-text\">El Rector de la UNSJ, Ing. Tadeo Berenguer y la Vicerrectora, Dra. Anal\u00eda Ponce junto al Presidente del Consejo Deliberante de la Municipalidad de Rivadavia.<\/figcaption><\/figure>\n<p>Adem\u00e1s, se descubrieron las placas el Rector de la UNSJ, Ing. Tadeo Berenguer y la Vicerrectora, Dra. Anal\u00eda Ponce junto a cada autoridad de las Unidades Acad\u00e9micas que ser\u00e1n colocadas en el lugar privilegiado.<\/p>\n<figure id=\"attachment_64407\" aria-describedby=\"caption-attachment-64407\" style=\"width: 800px\" class=\"wp-caption alignnone\"><img loading=\"lazy\" decoding=\"async\" class=\"size-full wp-image-64407\" src=\"https:\/\/vocesparalelas.com.ar\/sitio\/wp-content\/uploads\/2023\/10\/UNSJ-50-ACTO-17.jpg\" alt=\"\" width=\"800\" height=\"533\" srcset=\"https:\/\/vocesparalelas.com.ar\/sitio\/wp-content\/uploads\/2023\/10\/UNSJ-50-ACTO-17.jpg 800w, https:\/\/vocesparalelas.com.ar\/sitio\/wp-content\/uploads\/2023\/10\/UNSJ-50-ACTO-17-300x200.jpg 300w, https:\/\/vocesparalelas.com.ar\/sitio\/wp-content\/uploads\/2023\/10\/UNSJ-50-ACTO-17-768x512.jpg 768w\" sizes=\"auto, (max-width: 800px) 100vw, 800px\" \/><figcaption id=\"caption-attachment-64407\" class=\"wp-caption-text\">El Rector de la UNSJ, Ing. Tadeo Berenguer y la Vicerrectora, Dra. Anal\u00eda Ponce junto a la Vicedecana a cargo del Decanato de la FCEFN de la UNSJ, Dra. Natalia N\u00fa\u00f1ez<\/figcaption><\/figure>\n<p>&nbsp;<\/p>\n<p>&nbsp;<\/p>\n<figure id=\"attachment_64405\" aria-describedby=\"caption-attachment-64405\" style=\"width: 800px\" class=\"wp-caption alignnone\"><img loading=\"lazy\" decoding=\"async\" class=\"size-full wp-image-64405\" src=\"https:\/\/vocesparalelas.com.ar\/sitio\/wp-content\/uploads\/2023\/10\/UNSJ-50-ACTO-16.jpg\" alt=\"\" width=\"800\" height=\"533\" srcset=\"https:\/\/vocesparalelas.com.ar\/sitio\/wp-content\/uploads\/2023\/10\/UNSJ-50-ACTO-16.jpg 800w, https:\/\/vocesparalelas.com.ar\/sitio\/wp-content\/uploads\/2023\/10\/UNSJ-50-ACTO-16-300x200.jpg 300w, https:\/\/vocesparalelas.com.ar\/sitio\/wp-content\/uploads\/2023\/10\/UNSJ-50-ACTO-16-768x512.jpg 768w\" sizes=\"auto, (max-width: 800px) 100vw, 800px\" \/><figcaption id=\"caption-attachment-64405\" class=\"wp-caption-text\">El Rector de la UNSJ, Ing. Tadeo Berenguer y la Vicerrectora, Dra. Anal\u00eda Ponce junto a la Vicedecana de la FAUD de la UNSJ, Esp. D.I.G. Natalia Sevilla P\u00f3sleman<\/figcaption><\/figure>\n<p>&nbsp;<\/p>\n<figure id=\"attachment_64412\" aria-describedby=\"caption-attachment-64412\" style=\"width: 800px\" class=\"wp-caption alignnone\"><img loading=\"lazy\" decoding=\"async\" class=\"size-full wp-image-64412\" src=\"https:\/\/vocesparalelas.com.ar\/sitio\/wp-content\/uploads\/2023\/10\/UNSJ-50-ACTO-19-1.jpg\" alt=\"\" width=\"800\" height=\"533\" srcset=\"https:\/\/vocesparalelas.com.ar\/sitio\/wp-content\/uploads\/2023\/10\/UNSJ-50-ACTO-19-1.jpg 800w, https:\/\/vocesparalelas.com.ar\/sitio\/wp-content\/uploads\/2023\/10\/UNSJ-50-ACTO-19-1-300x200.jpg 300w, https:\/\/vocesparalelas.com.ar\/sitio\/wp-content\/uploads\/2023\/10\/UNSJ-50-ACTO-19-1-768x512.jpg 768w\" sizes=\"auto, (max-width: 800px) 100vw, 800px\" \/><figcaption id=\"caption-attachment-64412\" class=\"wp-caption-text\">El Rector de la UNSJ, Ing. Tadeo Berenguer y la Vicerrectora, Dra. Anal\u00eda Ponce junto al Decano de la FACSO de la UNSJ, Dr. Marcelo Lucero<\/figcaption><\/figure>\n<p>&nbsp;<\/p>\n<figure id=\"attachment_64414\" aria-describedby=\"caption-attachment-64414\" style=\"width: 800px\" class=\"wp-caption alignnone\"><img loading=\"lazy\" decoding=\"async\" class=\"size-full wp-image-64414\" src=\"https:\/\/vocesparalelas.com.ar\/sitio\/wp-content\/uploads\/2023\/10\/UNSJ-50-ACTO-21.jpg\" alt=\"\" width=\"800\" height=\"533\" srcset=\"https:\/\/vocesparalelas.com.ar\/sitio\/wp-content\/uploads\/2023\/10\/UNSJ-50-ACTO-21.jpg 800w, https:\/\/vocesparalelas.com.ar\/sitio\/wp-content\/uploads\/2023\/10\/UNSJ-50-ACTO-21-300x200.jpg 300w, https:\/\/vocesparalelas.com.ar\/sitio\/wp-content\/uploads\/2023\/10\/UNSJ-50-ACTO-21-768x512.jpg 768w\" sizes=\"auto, (max-width: 800px) 100vw, 800px\" \/><figcaption id=\"caption-attachment-64414\" class=\"wp-caption-text\">El Rector de la UNSJ, Ing. Tadeo Berenguer y la Vicerrectora, Dra. Anal\u00eda Ponce junto al al Director de la EUCS de la UNSJ, Lic. \u00c1ngel Pinto<\/figcaption><\/figure>\n<p>Un momento emotivo fue cuando el Rector de la UNSJ, Ing. Tadeo Berenguer, pronunci\u00f3 el discurso del cincuentenario con mirada en defensa de la Universidad P\u00fablica.<\/p>\n<figure id=\"attachment_64398\" aria-describedby=\"caption-attachment-64398\" style=\"width: 800px\" class=\"wp-caption alignnone\"><img loading=\"lazy\" decoding=\"async\" class=\"wp-image-64398 size-full\" src=\"https:\/\/vocesparalelas.com.ar\/sitio\/wp-content\/uploads\/2023\/10\/UNSJ-50-ACTO-14.jpg\" alt=\"\" width=\"800\" height=\"533\" srcset=\"https:\/\/vocesparalelas.com.ar\/sitio\/wp-content\/uploads\/2023\/10\/UNSJ-50-ACTO-14.jpg 800w, https:\/\/vocesparalelas.com.ar\/sitio\/wp-content\/uploads\/2023\/10\/UNSJ-50-ACTO-14-300x200.jpg 300w, https:\/\/vocesparalelas.com.ar\/sitio\/wp-content\/uploads\/2023\/10\/UNSJ-50-ACTO-14-768x512.jpg 768w\" sizes=\"auto, (max-width: 800px) 100vw, 800px\" \/><figcaption id=\"caption-attachment-64398\" class=\"wp-caption-text\">Rector de la UNSJ, Ing. Tadeo Berenguer<\/figcaption><\/figure>\n<p>&nbsp;<\/p>\n<p><iframe loading=\"lazy\" title=\"UNSJ RECTOR ING TADEO BERENGUER\" width=\"800\" height=\"450\" src=\"https:\/\/www.youtube.com\/embed\/AJqEJNu6teo?feature=oembed\" frameborder=\"0\" allow=\"accelerometer; autoplay; clipboard-write; encrypted-media; gyroscope; picture-in-picture; web-share\" allowfullscreen><\/iframe><\/p>\n<p>Para cerrar el acto, el cuarteto de saxofones de la UNSJ, dio el color de los vientos del cincuentenario de la Universidad Nacional de San Juan.<\/p>\n<p><iframe loading=\"lazy\" title=\"UNSJ CUARTETO SAXOFONES UNSJ\" width=\"800\" height=\"450\" src=\"https:\/\/www.youtube.com\/embed\/aJdJooC063s?feature=oembed\" frameborder=\"0\" allow=\"accelerometer; autoplay; clipboard-write; encrypted-media; gyroscope; picture-in-picture; web-share\" allowfullscreen><\/iframe><\/p>\n<p><img loading=\"lazy\" decoding=\"async\" class=\"alignnone size-full wp-image-64401\" src=\"https:\/\/vocesparalelas.com.ar\/sitio\/wp-content\/uploads\/2023\/10\/UNSJ-50-ACTO-15.jpg\" alt=\"\" width=\"800\" height=\"533\" srcset=\"https:\/\/vocesparalelas.com.ar\/sitio\/wp-content\/uploads\/2023\/10\/UNSJ-50-ACTO-15.jpg 800w, https:\/\/vocesparalelas.com.ar\/sitio\/wp-content\/uploads\/2023\/10\/UNSJ-50-ACTO-15-300x200.jpg 300w, https:\/\/vocesparalelas.com.ar\/sitio\/wp-content\/uploads\/2023\/10\/UNSJ-50-ACTO-15-768x512.jpg 768w\" sizes=\"auto, (max-width: 800px) 100vw, 800px\" \/><\/p>\n<p>&nbsp;<\/p>\n<p>Luego, de encuentros, de melancol\u00edas, de brindis y de grandes recuerdos en homenaje de cada uno de los integrantes de la comunidad universitaria que construye San Juan<\/p>\n<figure id=\"attachment_64386\" aria-describedby=\"caption-attachment-64386\" style=\"width: 800px\" class=\"wp-caption alignnone\"><img loading=\"lazy\" decoding=\"async\" class=\"size-full wp-image-64386\" src=\"https:\/\/vocesparalelas.com.ar\/sitio\/wp-content\/uploads\/2023\/10\/UNSJ-50-ACTO-09.jpg\" alt=\"\" width=\"800\" height=\"533\" srcset=\"https:\/\/vocesparalelas.com.ar\/sitio\/wp-content\/uploads\/2023\/10\/UNSJ-50-ACTO-09.jpg 800w, https:\/\/vocesparalelas.com.ar\/sitio\/wp-content\/uploads\/2023\/10\/UNSJ-50-ACTO-09-300x200.jpg 300w, https:\/\/vocesparalelas.com.ar\/sitio\/wp-content\/uploads\/2023\/10\/UNSJ-50-ACTO-09-768x512.jpg 768w\" sizes=\"auto, (max-width: 800px) 100vw, 800px\" \/><figcaption id=\"caption-attachment-64386\" class=\"wp-caption-text\">Ex rectores de la UNSJ, Ing. Benjam\u00edn Kuchen\u00a0 e Ing.\u00a0 Tulio Del Bono junto al Rector, Ing. Tadeo Berenguer<\/figcaption><\/figure>\n<p>&nbsp;<\/p>\n<figure id=\"attachment_64391\" aria-describedby=\"caption-attachment-64391\" style=\"width: 800px\" class=\"wp-caption alignnone\"><img loading=\"lazy\" decoding=\"async\" class=\"size-full wp-image-64391\" src=\"https:\/\/vocesparalelas.com.ar\/sitio\/wp-content\/uploads\/2023\/10\/UNSJ-50-ACTO-06-1.jpg\" alt=\"\" width=\"800\" height=\"533\" srcset=\"https:\/\/vocesparalelas.com.ar\/sitio\/wp-content\/uploads\/2023\/10\/UNSJ-50-ACTO-06-1.jpg 800w, https:\/\/vocesparalelas.com.ar\/sitio\/wp-content\/uploads\/2023\/10\/UNSJ-50-ACTO-06-1-300x200.jpg 300w, https:\/\/vocesparalelas.com.ar\/sitio\/wp-content\/uploads\/2023\/10\/UNSJ-50-ACTO-06-1-768x512.jpg 768w\" sizes=\"auto, (max-width: 800px) 100vw, 800px\" \/><figcaption id=\"caption-attachment-64391\" class=\"wp-caption-text\">El Rector de la UNSJ, Ing. Tadeo Berenguer y la Vicerrectora, Dra. Anal\u00eda Ponce junto al equipo de conducci\u00f3n de la FI de la UNSJ<\/figcaption><\/figure>\n<p>&nbsp;<\/p>\n<figure id=\"attachment_64390\" aria-describedby=\"caption-attachment-64390\" style=\"width: 800px\" class=\"wp-caption alignnone\"><img loading=\"lazy\" decoding=\"async\" class=\"size-full wp-image-64390\" src=\"https:\/\/vocesparalelas.com.ar\/sitio\/wp-content\/uploads\/2023\/10\/UNSJ-50-ACTO-05-1.jpg\" alt=\"\" width=\"800\" height=\"533\" srcset=\"https:\/\/vocesparalelas.com.ar\/sitio\/wp-content\/uploads\/2023\/10\/UNSJ-50-ACTO-05-1.jpg 800w, https:\/\/vocesparalelas.com.ar\/sitio\/wp-content\/uploads\/2023\/10\/UNSJ-50-ACTO-05-1-300x200.jpg 300w, https:\/\/vocesparalelas.com.ar\/sitio\/wp-content\/uploads\/2023\/10\/UNSJ-50-ACTO-05-1-768x512.jpg 768w\" sizes=\"auto, (max-width: 800px) 100vw, 800px\" \/><figcaption id=\"caption-attachment-64390\" class=\"wp-caption-text\">El Rector de la UNSJ, Ing. Tadeo Berenguer y la Vicerrectora, Dra. Anal\u00eda Ponce junto al equipo de conducci\u00f3n de la FFHA de la UNSJ.<\/figcaption><\/figure>\n<p>&nbsp;<\/p>\n<figure id=\"attachment_64409\" aria-describedby=\"caption-attachment-64409\" style=\"width: 800px\" class=\"wp-caption alignnone\"><img loading=\"lazy\" decoding=\"async\" class=\"size-full wp-image-64409\" src=\"https:\/\/vocesparalelas.com.ar\/sitio\/wp-content\/uploads\/2023\/10\/UNSJ-50-ACTO-18.jpg\" alt=\"\" width=\"800\" height=\"533\" srcset=\"https:\/\/vocesparalelas.com.ar\/sitio\/wp-content\/uploads\/2023\/10\/UNSJ-50-ACTO-18.jpg 800w, https:\/\/vocesparalelas.com.ar\/sitio\/wp-content\/uploads\/2023\/10\/UNSJ-50-ACTO-18-300x200.jpg 300w, https:\/\/vocesparalelas.com.ar\/sitio\/wp-content\/uploads\/2023\/10\/UNSJ-50-ACTO-18-768x512.jpg 768w\" sizes=\"auto, (max-width: 800px) 100vw, 800px\" \/><figcaption id=\"caption-attachment-64409\" class=\"wp-caption-text\">El Rector de la UNSJ, Ing. Tadeo Berenguer y la Vicerrectora, Dra. Anal\u00eda Ponce junto a los Directivos de los IPU de la UNSJ.<\/figcaption><\/figure>\n<ul>\n<li>Escuela Industrial Domingo F. Sarmiento<\/li>\n<li>Escuela de Comercio Lib. Gral. San Mart\u00edn<\/li>\n<li>Colegio Central Universitario \u00abDr. Mariano Moreno\u00bb<\/li>\n<\/ul>\n<p><img loading=\"lazy\" decoding=\"async\" class=\"alignnone size-full wp-image-64399\" src=\"https:\/\/vocesparalelas.com.ar\/sitio\/wp-content\/uploads\/2023\/10\/UNSJ-50-EDIFICIO.jpg\" alt=\"\" width=\"800\" height=\"533\" srcset=\"https:\/\/vocesparalelas.com.ar\/sitio\/wp-content\/uploads\/2023\/10\/UNSJ-50-EDIFICIO.jpg 800w, https:\/\/vocesparalelas.com.ar\/sitio\/wp-content\/uploads\/2023\/10\/UNSJ-50-EDIFICIO-300x200.jpg 300w, https:\/\/vocesparalelas.com.ar\/sitio\/wp-content\/uploads\/2023\/10\/UNSJ-50-EDIFICIO-768x512.jpg 768w\" sizes=\"auto, (max-width: 800px) 100vw, 800px\" \/><\/p>\n<p>&nbsp;<\/p>\n<p>&nbsp;<\/p>\n<p>&nbsp;<\/p>\n<p>&nbsp;<\/p>\n","protected":false},"excerpt":{"rendered":"<p>La Universidad Nacional de San Juan festej\u00f3 el 50\u00b0 Aniversario de existencia porque su historia permite que el 10 de<\/p>\n","protected":false},"author":3,"featured_media":64395,"comment_status":"closed","ping_status":"closed","sticky":false,"template":"","format":"standard","meta":{"_acf_changed":false,"_seopress_robots_primary_cat":"none","_seopress_titles_title":"","_seopress_titles_desc":"","_seopress_robots_index":"","colormag_page_container_layout":"default_layout","colormag_page_sidebar_layout":"default_layout","footnotes":""},"categories":[11,7],"tags":[],"class_list":["post-64379","post","type-post","status-publish","format-standard","has-post-thumbnail","hentry","category-sociales","category-videos"],"acf":[],"_links":{"self":[{"href":"https:\/\/vocesparalelas.com.ar\/sitio\/wp-json\/wp\/v2\/posts\/64379","targetHints":{"allow":["GET"]}}],"collection":[{"href":"https:\/\/vocesparalelas.com.ar\/sitio\/wp-json\/wp\/v2\/posts"}],"about":[{"href":"https:\/\/vocesparalelas.com.ar\/sitio\/wp-json\/wp\/v2\/types\/post"}],"author":[{"embeddable":true,"href":"https:\/\/vocesparalelas.com.ar\/sitio\/wp-json\/wp\/v2\/users\/3"}],"replies":[{"embeddable":true,"href":"https:\/\/vocesparalelas.com.ar\/sitio\/wp-json\/wp\/v2\/comments?post=64379"}],"version-history":[{"count":4,"href":"https:\/\/vocesparalelas.com.ar\/sitio\/wp-json\/wp\/v2\/posts\/64379\/revisions"}],"predecessor-version":[{"id":64415,"href":"https:\/\/vocesparalelas.com.ar\/sitio\/wp-json\/wp\/v2\/posts\/64379\/revisions\/64415"}],"wp:featuredmedia":[{"embeddable":true,"href":"https:\/\/vocesparalelas.com.ar\/sitio\/wp-json\/wp\/v2\/media\/64395"}],"wp:attachment":[{"href":"https:\/\/vocesparalelas.com.ar\/sitio\/wp-json\/wp\/v2\/media?parent=64379"}],"wp:term":[{"taxonomy":"category","embeddable":true,"href":"https:\/\/vocesparalelas.com.ar\/sitio\/wp-json\/wp\/v2\/categories?post=64379"},{"taxonomy":"post_tag","embeddable":true,"href":"https:\/\/vocesparalelas.com.ar\/sitio\/wp-json\/wp\/v2\/tags?post=64379"}],"curies":[{"name":"wp","href":"https:\/\/api.w.org\/{rel}","templated":true}]}}