{"id":64367,"date":"2023-10-11T23:09:28","date_gmt":"2023-10-12T02:09:28","guid":{"rendered":"https:\/\/vocesparalelas.com.ar\/sitio\/?p=64367"},"modified":"2023-10-11T23:09:28","modified_gmt":"2023-10-12T02:09:28","slug":"se-desarrolla-la-octava-sesion-del-periodo-ordinario-de-la-camara-de-diputados-de-san-juan","status":"publish","type":"post","link":"https:\/\/vocesparalelas.com.ar\/sitio\/se-desarrolla-la-octava-sesion-del-periodo-ordinario-de-la-camara-de-diputados-de-san-juan\/","title":{"rendered":"Se desarrolla la Octava Sesi\u00f3n del per\u00edodo ordinario de la C\u00e1mara de Diputados de San Juan"},"content":{"rendered":"<div class=\"itemFullText jbintrotext\">\n<p>La C\u00e1mara de Diputado de San Juan celebra la Octava Sesi\u00f3n del per\u00edodo ordinario el Jueves, 12 de Octubre de 2023 a partir de las 9 horas.<\/p>\n<\/div>\n<div class=\"itemFullText\">\n<p>En la ocasi\u00f3n, se aborda como segundo punto del Orden del D\u00eda, la Comunicaci\u00f3n Oficial remitida por el Tribunal Electoral de la provincia de San Juan por la que notifica los candidatos a cubrir la vacancia producida en la C\u00e1mara de Diputados por el fallecimiento del legislador Juan Jos\u00e9 Chica que, en este caso concreto, tiene lugar el juramento y posterior asunci\u00f3n de la ciudadana Lic. Mariela Del Carmen Limerutti, quien integra el lugar n\u00famero 13 en el listado de candidatos a diputados proporcionales de las elecciones Primarias Abiertas Simult\u00e1neas y Obligatorias (P.A.S.O.) del 31 de Marzo de 2019.<\/p>\n<p>Es oportuno consignar que es tributado, a modo de homenaje, un minuto de silencio por el fallecimiento del diputado Juan Jos\u00e9 Chica y est\u00e1 previsto que asistan su hijo, Jorge Chica, actual secretario de Estado de Deportes junto a su mam\u00e1 y esposa del fallecido, Beatriz Mu\u00f1oz.<\/p>\n<p>Asimismo, el cuerpo legislativo somete a votaci\u00f3n una Acta Acuerdo que implementa acciones para el desarrollo del dictado de clases de la carrera Licenciatura en Archiv\u00edstica en la Sede Central de la Confederaci\u00f3n General del Trabajo \u2014 Delegaci\u00f3n San Juan.<\/p>\n<p>Tambi\u00e9n trata seis convenios que proponen la implementaci\u00f3n de pol\u00edticas p\u00fablicas federales a partir de la sanci\u00f3n de la Ley Nacional N\u00b0 27.591 del Presupuesto de Gastos y Recursos de la Administraci\u00f3n Nacional; desarrollar mecanismos y acciones de cooperaci\u00f3n mutua y asistencia t\u00e9cnica con el Consejo Federal de Polic\u00eda Criminal; la ejecuci\u00f3n del Proyecto Centro de Investigaci\u00f3n, Desarrollo e Innovaci\u00f3n para la Gesti\u00f3n Integral del Agua en el \u00c1rido; otorgar un subsidio institucional para la implementaci\u00f3n del Proyecto: \u00abRefuncionalizaci\u00f3n Nuevo CIC \u2014 Barrio La Bebida en la Provincia de San Juan\u00bb; financiar la creaci\u00f3n de un Banco Descentralizado de ayudas t\u00e9cnicas; y por \u00faltimo, implementar el proyecto de \u00abSubsidio de Emergencia Habitacional de San Juan\u00bb.<\/p>\n<p>Por otra parte, la Legislatura aborda cinco proyectos de Ley que proponen la imposici\u00f3n de nombres a diversas instituciones educativas de los departamentos Iglesia, Rivadavia, J\u00e1chal, Ullum y Zonda.<\/p>\n<p>Adem\u00e1s, la C\u00e1mara somete a votaci\u00f3n cuatro proyectos de Ley que proponen: declarar Bien Integrante del Patrimonio Cultural a la Fideer\u00eda Yanz\u00f3n; donar una aeronave al Centro de Aviaci\u00f3n Civil San Juan; adherir a la Ley Nacional de Guardavidas; y aprobar la resoluci\u00f3n para la exploraci\u00f3n \u201cEl Relincho\u201d en el departamento Ullum.<\/p>\n<p>Tambi\u00e9n, sobre tablas los legisladores tratan diversos proyectos de Ley que proponen modificar la Ley de Emergencia Habitacional; la Ley de Emergencia H\u00eddrica; la Ley de Emergencia en Obras P\u00fablicas; y la pr\u00f3rroga de la Ley de Emergencia en Servicios de Seguridad; la Ley de Suspensi\u00f3n de desocupaci\u00f3n y desalojo; la Ley de Regularizaci\u00f3n de obras subrepticias; la Ley de Emergencia P\u00fablica; y la Ley de Suspensi\u00f3n de ejecuci\u00f3n de hipotecas.<\/p>\n<p><span style=\"color: #800080;\"><strong>Dictado de la Carrera de la Licenciatura en Archiv\u00edstica<\/strong><\/span><\/p>\n<p>Con despacho favorable de las respectivas comisiones, puede ser considerado un proyecto de Ley remitido por el Poder Ejecutivo, que propone aprobar el Acta Acuerdo celebrada entre el Ministerio de Gobierno de la Provincia de San Juan, representado por Dr. Alberto Valent\u00edn Hensel en su car\u00e1cter de\u00a0 ministro de Gobierno y la Confederaci\u00f3n General del Trabajo Delegaci\u00f3n San Juan, representada por Eduardo Cabello, en su car\u00e1cter de secretario general y por la Uni\u00f3n Judicial de San Juan, en car\u00e1cter de entidad sindical agremiada a la CGT, representada por su presidente, Julio Sebasti\u00e1n L\u00f3pez, suscripta el 27 de Setiembre de 2022.<\/p>\n<p>El presente acuerdo tiene por objetivo implementar acciones que permitan el desarrollo del dictado de clases de la carrera Licenciatura en Archiv\u00edstica, con t\u00edtulo Intermedio de Tecnicatura Universitaria en Archiv\u00edstica, y de otras carreras que en el futuro se implementen por las partes intervinientes, en la Sede Central de la Confederaci\u00f3n General del Trabajo \u2014 Delegaci\u00f3n San Juan.<\/p>\n<p><span style=\"color: #800080;\"><strong>Convenio de cooperaci\u00f3n educativa<\/strong><\/span><\/p>\n<p>Tambi\u00e9n con el aval de las correspondientes comisiones, los legisladores pueden considerar un proyecto de Ley del Poder Ejecutivo que propone ratificar un convenio de Cooperaci\u00f3n Educativa, celebrado el 20 de Octubre de 2021,\u00a0 entre el Ministerio de Educaci\u00f3n de la Naci\u00f3n, y el Ministerio de Educaci\u00f3n de la provincia de San Juan, por el cual tomando como eje central de la acci\u00f3n del Gobierno Nacional, el despliegue de pol\u00edticas p\u00fablicas federales, y en ese marco, a partir de la sanci\u00f3n de la Ley Nacional N\u00b0 27.591 del Presupuesto de Gastos y Recursos de la Administraci\u00f3n Nacional, para el Ejercicio Fiscal 2021, se ha consolidado un camino de recuperaci\u00f3n de la inversi\u00f3n educativa, en cumplimiento de la Ley Nacional N\u00b0 26.075.<\/p>\n<p><span style=\"color: #800080;\"><strong>Convenio con Consejo Federal de Polic\u00eda Criminal<\/strong><\/span><\/p>\n<p>Con el despacho favorable de las respectivas comisiones, pueden ser analizado un Proyecto de Ley y Mensaje remitido por el Poder Ejecutivo que propone la aprobaci\u00f3n de un convenio de Cooperaci\u00f3n y Asistencia T\u00e9cnica, entre el Consejo Federal de Polic\u00eda Criminal de los Ministerios P\u00fablicos de la Rep\u00fablica Argentina, y el Gobierno de la provincia de San Juan, y el secretario de Estado de Seguridad y Orden P\u00fablico.<\/p>\n<p>Cabe se\u00f1alar que, a partir del referido acuerdo, las partes se comprometen a desarrollar mecanismos y acciones de cooperaci\u00f3n mutua y asistencia t\u00e9cnica, a trav\u00e9s de la promoci\u00f3n de actividades conjuntas, conforme sus respectivas misiones y funciones, lo cual redundar\u00eda en fortalecimiento del sistema de seguridad y administraci\u00f3n de justicia.<\/p>\n<p><span style=\"color: #800080;\"><strong>Imposici\u00f3n de nombres a escuelas<\/strong><\/span><\/p>\n<p>Asimismo, ofreci\u00f3 conformidad con el despacho favorable a los siguientes proyectos de Ley que apuntan a la imposici\u00f3n de nombres en establecimientos escolares, que son los siguientes:<\/p>\n<ul>\n<li>Escuela Secundaria \u00abAngualasto\u00bb a la Escuela Secundaria \u00abAnt\u00e1rtida Argentina\u00bb, ubicada en el departamento Iglesia, dependiente de la Direcci\u00f3n de Educaci\u00f3n Secundaria Orientada y Art\u00edstica del Ministerio de Educaci\u00f3n de la provincia de San Juan.<\/li>\n<li>\u00abEl Jard\u00edn de Mimosaurio\u00bb a la Escuela de Nivel Inicial N\u00b0 13, ubicada en calle Eva Duarte de Per\u00f3n y Larralde sin n\u00famero, del departamento de Rivadavia. (Diputada Fernanda Paredes)<\/li>\n<li>\u201cDr. Antonio Washington Ch\u00e1vez \u00bb a la Escuela de Nivel Inicial N\u00b0 370, ubicada en calle Guillermo Rawson del departamento San Jos\u00e9 de J\u00e1chal.\u00a0(Diputada Fernanda Paredes)<\/li>\n<li>\u00abHuellitas de Amor\u00bb a la Escuela de Nivel Inicial N\u00b0 81, ubicada en calle Rosario Quiroga y Soldado Argentino, barrio Lago de Ullum, Villa Aurora, departamento Ullum.\u00a0(Diputada Fernanda Paredes)<\/li>\n<li>\u00abCielo Alto\u00bb a la Escuela de Nivel Inicial N\u00b0 80, ubicada en calle Mat\u00edas S\u00e1nchez sin n\u00famero, en el departamento Zonda.\u00a0\u00a0(Diputada Fernanda Paredes)<\/li>\n<\/ul>\n<p><span style=\"color: #800080;\"><strong>\u00a0Convenio para mejorar la gesti\u00f3n de los recursos h\u00eddricos<\/strong><\/span><\/p>\n<p>Tambi\u00e9n, con el aval de las respectivas comisiones legislativas, los legisladores abordar\u00e1n un proyecto de Ley\u00a0 y Mensaje remitido por el Poder Ejecutivo que propone ratificar un convenio celebrado entre las siguientes instituciones: el Ministerio de Ciencia, Tecnolog\u00eda e Innovaci\u00f3n &#8211; MINCYT -, el Instituto Nacional de Tecnolog\u00eda Agropecuaria &#8211; INTA -; la Universidad Nacional de San Juan &#8211; UNSJ -; el Instituto Nacional del Agua &#8211; INA -;\u00a0 la Comisi\u00f3n Nacional de Actividades Espaciales &#8211; CONAE -, el Gobierno de la provincia de San Juan y la Fundaci\u00f3n Argeninta para la ejecuci\u00f3n del Proyecto Centro de Investigaci\u00f3n, Desarrollo e Innovaci\u00f3n para la Gesti\u00f3n Integral del Agua en el \u00c1rido\u00a0 -CIGIAA.<\/p>\n<p>El objeto de este Proyecto Centro de Investigaci\u00f3n, Desarrollo e Innovaci\u00f3n para la Gesti\u00f3n Integral del Agua en el \u00c1rido &#8211; CIGIAA -, tiene como finalidad mejorar la gesti\u00f3n, maximizar la eficiencia y asegurar la sostenibilidad de los recursos h\u00eddricos a nivel de cuenca en el entorno socio-productivo de la provincia de San Juan con proyecci\u00f3n regional y dem\u00e1s objetivos previstos en el Proyecto.<\/p>\n<p><span style=\"color: #800080;\"><strong>Convenio con la Secretar\u00eda de Abordaje Integral<\/strong><\/span><\/p>\n<p>Con conformidad de las comisiones, llega al recinto el proyecto de Ley que propone aprobar un convenio celebrado entre la Secretaria de Abordaje Integral del Ministerio de Desarrollo Social de la Naci\u00f3n, y la Provincia de San Juan, suscripto el 25 de febrero de 2023.<\/p>\n<p>Cabe se\u00f1alar que el presente acuerdo fue suscripto en el marco de los lineamientos contenidos en el Programa de Integraci\u00f3n y Desarrollo Humano \u00abParticipar en Comunidad\u00bb y sus respectivos lineamientos generales, y lineamientos operativos, cuya autoridad de aplicaci\u00f3n es la Subsecretaria de Desarrollo Humano del Ministerio de Desarrollo Social de la Naci\u00f3n.<\/p>\n<p>En este sentido, las partes acuerdan el otorgamiento de un subsidio institucional por parte del Ministerio de Desarrollo Social de la Naci\u00f3n, para la implementaci\u00f3n del Proyecto: \u00abRefuncionalizaci\u00f3n Nuevo CIC \u2014 Barrio La Bebida en la Provincia de San Juan\u00bb, cuyo monto asciende a la suma de pesos ciento cuarenta y nueve millones ochocientos noventa y dos mil cuatrocientos dieciocho con 77\/100 ($149.892.418,77), el que ser\u00e1 transferido en un \u00fanico desembolso.<\/p>\n<p><span style=\"color: #800080;\"><strong>Bien Integrante del Patrimonio Cultural la Fideer\u00eda Yanz\u00f3n<\/strong><\/span><\/p>\n<p>Tambi\u00e9n con despacho favorable llega al tratamiento un proyecto de Ley por el cual declara Bien Integrante del Patrimonio Cultural de la Provincia, dentro de los alcances de la Ley N\u00b0 571-F, a los galpones 1, 2 y 3 del edificio de la antigua Fideer\u00eda Yanz\u00f3n, ubicada en calle Mariano Moreno 98 Oeste, esquina Entre R\u00edos, departamento Capital de San Juan, design\u00e1ndolo \u00abSitio Hist\u00f3rico\u00bb encuadrado en el Art\u00edculo 4\u00b0, inciso B), apartado 1).<\/p>\n<p>Cabe se\u00f1alar que esta construcci\u00f3n lleva como nombre el apellido de una familia tradicional de San Juan, que si bien en sus or\u00edgenes ingleses \u2014Jameson- el uso y la tradici\u00f3n lo espa\u00f1olizaron en Yanz\u00f3n.<\/p>\n<p><span style=\"color: #800080;\"><strong>Creaci\u00f3n de un Banco Descentralizado de ayudas t\u00e9cnicas<\/strong><\/span><\/p>\n<p>Con despacho favorable de las respectivas comisiones podr\u00e1n considerar un proyecto de Ley que propone ratificar un convenio firmado entre la Agencia Nacional de Discapacidad y el Ministerio de Desarrollo Humano y Promoci\u00f3n Social de nuestra provincia.<\/p>\n<p>El objeto de este acuerdo consiste en la asignaci\u00f3n de Fondos por parte de la Agencia, derivados del FONADIS a este Ministerio con el fin de financiar la creaci\u00f3n de un Banco Descentralizado de ayudas t\u00e9cnicas en el marco del Programa Banco Descentralizado de Ayudas T\u00e9cnicas.<\/p>\n<p><span style=\"color: #800080;\"><strong>Donaci\u00f3n de una aeronave al Centro de Aviaci\u00f3n Civil San Juan<\/strong><\/span><\/p>\n<p>Tambi\u00e9n, con el aval de las comisiones el cuerpo parlamentario considerar\u00e1 un proyecto de Ley presentado por el Poder Ejecutivo que propone donar con cargo, al Centro de Aviaci\u00f3n Civil San Juan, la aeronave, propiedad de la provincia de San Juan, individualizada como avi\u00f3n Piper \u00abSeneca\u00bb.<\/p>\n<p>Cabe se\u00f1alar que el cargo impuesto a la presente donaci\u00f3n, consiste en la obligaci\u00f3n del Centro de Aviaci\u00f3n Civil San Juan, de:<\/p>\n<p>a) destinar la aeronave para ser utilizada en procedimientos de instrucci\u00f3n de vuelo de pilotos actuales y futuros, en el \u00e1mbito de esa instituci\u00f3n; y<\/p>\n<p>b) poner a disposici\u00f3n del Estado Provincial, sin costo, el uso de dicho avi\u00f3n, cuando circunstancias de necesidad y\/o cat\u00e1strofe sanitaria, clim\u00e1tica, agropecuaria, o de otra \u00edndole, que sean producidas por fen\u00f3menos naturales y\/o humanos, as\u00ed lo exijan.<\/p>\n<p><span style=\"color: #800080;\"><strong>Convenio con la Secretar\u00eda de Pol\u00edtica Social<\/strong><\/span><\/p>\n<p>Con el apoyo de las comisiones, es el turno del proyecto de Ley que propone aprobar un Convenio entre la Secretar\u00eda de Pol\u00edtica Social del Ministerio de Desarrollo Social de la Naci\u00f3n y el Ministerio de Desarrollo Humano y Promoci\u00f3n Social de la Provincia de San Juan, el que tiene por objeto el otorgamiento de un subsidio institucional con car\u00e1cter de no reintegrable en el marco de la Resoluci\u00f3n N\u00b0 553\/2020, para la implementaci\u00f3n del proyecto de \u00abSubsidio de Emergencia Habitacional de San Juan\u00bb y cuyo objetivo es brindar asistencia a la poblaci\u00f3n de la Provincia de San Juan, que se encuentre en situaci\u00f3n de emergencia social por su condici\u00f3n de vulnerabilidad, ratificado por Decreto Provincial, el que en copia certificada forma parte integrante de la presente ley.<\/p>\n<p><span style=\"color: #800080;\"><strong>Resoluci\u00f3n para la exploraci\u00f3n \u201cEl Relincho\u201d<\/strong><\/span><\/p>\n<p>Con despacho favorable de las comisiones es considerado un proyecto de Ley por el cual se ratifica la Resoluci\u00f3n N\u00b0 193-IPEEM-2023 de fecha 27 de julio del 2023, que acepta la Oferta de Trabajo y Econ\u00f3mica efectuada por la Empresa Golden Mining S.A. para la exploraci\u00f3n con opci\u00f3n a explotaci\u00f3n de la manifestaci\u00f3n de descubrimiento que tramita por expediente N\u00b0 1126-000085-2023, del I.P.E.E.M. denominada \u00abEL RELINCHO\u00bb, ubicada en el departamento Ullum, provincia de San Juan.<\/p>\n<p><span style=\"color: #800080;\"><strong>Adhesi\u00f3n a la Ley Nacional de Guardavidas<\/strong><\/span><\/p>\n<p>Tambi\u00e9n con el aval de las respectivas comisiones, el cuerpo legislativo somete a votaci\u00f3n un proyecto de Ley, presentado por el diputado Eduardo Cabello y la diputada Celina Ramella, que tiene por finalidad adherir al r\u00e9gimen de la Ley Nacional N \u00b0 27.155, que regula el ejercicio profesional de Guardavidas y su Decreto Reglamentario N\u00b0 260\/2021, brindando pautas para el ejercicio de la profesi\u00f3n de guardavidas y la prevenci\u00f3n de los siniestros en los ambientes acu\u00e1ticos en el territorio nacional.<\/p>\n<p>Cabe destacar que la Ley Nacional, manifiesta desde el Estado, la intenci\u00f3n de resguardar la vida de los ciudadanos, proporcion\u00e1ndoles, a quienes cumplen la importante tarea de velar por nuestra seguridad en aquellos espacios de esparcimiento, recreaci\u00f3n, deportes o descanso, un marco legal para garantizar el correcto desempe\u00f1o de su tarea.<\/p>\n<p><span style=\"color: #800080;\"><strong>Temas a considerar sobre tablas<\/strong><\/span><\/p>\n<p>Los diputados presentes en la reuni\u00f3n de Labor Parlamentaria, tuvieron a su cargo la definici\u00f3n de algunos de los puntos que son considerados sobre tablas en el transcurso de la Octava Sesi\u00f3n del per\u00edodo ordinario y que son los siguientes:<\/p>\n<p><span style=\"color: #800080;\"><strong>Traslado de un Juez<\/strong><\/span><\/p>\n<p>La Comunicaci\u00f3n Oficial presentada por el Consejo de la Magistratura por la que da cuenta del acta del 2 de octubre de 2023, por la que propone al Poder Legislativo el traslado del abogado Carlos Adri\u00e1n Cuevas al cargo vacante de Juez de Paz Letrado del departamento Angaco.<\/p>\n<p><span style=\"color: #800080;\"><strong>Renuncia de una Jueza<\/strong><\/span><\/p>\n<p>Por otra parte, tambi\u00e9n, a trav\u00e9s de una Comunicaci\u00f3n Oficial del Poder Judicial es informada la renuncia de la abogada Beatriz Rosa Gallo, al cargo de Jueza de Paz Letrada.<\/p>\n<p><span style=\"color: #800080;\"><strong>Modificaci\u00f3n Ley del ejercicio de la Abogac\u00eda<\/strong><\/span><\/p>\n<p>A instancias del bloque Justicialista, ser\u00e1 presentado el proyecto de Ley de autor\u00eda de la diputada Celina Ramella que propone la modificaci\u00f3n del art\u00edculo 50\u00b0 de la Ley N\u00b0 127-A, Ley Org\u00e1nica del Ejercicio de la Abogac\u00eda.<\/p>\n<p><span style=\"color: #800080;\"><strong>Ley de Emergencia Habitacional<\/strong><\/span><\/p>\n<p>Por iniciativa del Interbloque, conformado por los bloques Actuar, PRO-Juntos por el Cambio y Producci\u00f3n y Trabajo, es presentado el proyecto de Ley por el que sustituye el art\u00edculo 2\u00b0 de la Ley N\u00b0 792-P, que dispone el Estado de Emergencia Habitacional.<\/p>\n<p><span style=\"color: #800080;\"><strong>Pr\u00f3rroga de Emergencia en Servicios de Seguridad<\/strong><\/span><\/p>\n<p>Tambi\u00e9n por parte del Interbloque ser\u00e1 presentado el proyecto de Ley por el que prorroga la Ley N\u00b0 969-P, que declara el estado de Emergencia en los Servicios de Seguridad.<\/p>\n<p><span style=\"color: #800080;\"><strong>Emergencia H\u00eddrica<\/strong><\/span><\/p>\n<p>Asimismo, el Interbloque presenta el proyecto de Ley por el que sustituye el art\u00edculo 1\u00b0 de la Ley 2470-L, que declara el estado de Emergencia H\u00eddrica.<\/p>\n<p><span style=\"color: #800080;\"><strong>Pr\u00f3rroga de suspensi\u00f3n de desocupaci\u00f3n y desalojos<\/strong><\/span><\/p>\n<p>Tambi\u00e9n, a instancias del Interbloque es presentado un proyecto de Ley que prorroga la Ley N\u00b0 1267-P, por la que son suspendidos los procedimientos judiciales sobre desocupaci\u00f3n, desalojos, restituci\u00f3n de inmuebles de varios barrios de la provincia, como as\u00ed tambi\u00e9n los construidos o financiados por la Cooperativa de Viviendas Gualcamayo Ltda., o SUMA Construcciones S.R.L. o MAPAL Emprendimientos Privados S.R.L.<\/p>\n<p><span style=\"color: #800080;\"><strong>Emergencia en Obras P\u00fablicas<\/strong><\/span><\/p>\n<p>Por otra parte, el Interbloque presenta un proyecto de Ley que propone sustituir el art\u00edculo 2\u00b0 de la Ley N\u00b0 2458-A, que declara la Emergencia en materia de un<\/p>\n<p><span style=\"color: #800080;\"><strong>Pr\u00f3rroga de regularizaci\u00f3n de obras subrepticias<\/strong><\/span><\/p>\n<p>Adem\u00e1s, el Interbloque presenta un proyecto de Ley por el que prorroga la Ley N\u00b0 1254-P, por la que establece, en el \u00e1mbito de la provincia de San Juan, un r\u00e9gimen excepcional y temporario de regularizaci\u00f3n de obras subrepticias en contravenci\u00f3n al C\u00f3digo de Edificaci\u00f3n y dem\u00e1s normativa vigente.<\/p>\n<p><span style=\"color: #800080;\"><strong>Suspensi\u00f3n de ejecuci\u00f3n de hipotecas<\/strong><\/span><\/p>\n<p>El Interbloque integrado por Actuar, PRO- Juntos por el Cambio y Producci\u00f3n y Trabajo, presenta un proyecto de Ley por el que prorroga la Ley N\u00b0 1266-P, por la que son suspendidos, por emergencia social, los t\u00e9rminos procesales de los juicios cuyo objeto sea la ejecuci\u00f3n de una hipoteca, no incluida en el fideicomiso establecido por Ley Nacional N\u00b0 25798.<\/p>\n<p><span style=\"color: #800080;\"><strong>Pr\u00f3rroga de Emergencia P\u00fablica<\/strong><\/span><\/p>\n<p>Asimismo, el Interbloque presentar\u00e1 un proyecto de Ley por el que prorroga los t\u00e9rminos de la Ley N\u00b0 783-P, de Emergencia P\u00fablica.<\/p>\n<p><span style=\"color: #800080;\"><strong>Proyectos de Resoluci\u00f3n<\/strong><\/span><\/p>\n<p>Por otra parte, el cuerpo Legislativo deber\u00e1 considerar los siguientes proyectos de Resoluci\u00f3n que proponen declarar de inter\u00e9s:<\/p>\n<ul>\n<li><span style=\"color: #800080;\"><strong>Educativo, social y cultural,<\/strong><\/span> el II Congreso Internacional de Educaci\u00f3n y Nuevas Realidades en el Aula, que se lleva a cabo el 9 y 10 de noviembre del a\u00f1o 2023, en el Centro de Convenciones Guillermo Barrena Guzm\u00e1n, Centro Cultural Conte Grand y Conectar Lab.; Organizado por ISFD-Instituto Superior de Formaci\u00f3n Docente- ISPE Domingo Faustino Sarmiento. (Diputado Enzo Cornejo)<\/li>\n<li><strong><span style=\"color: #800080;\">Educativo y cultural<\/span><\/strong>los 25 a\u00f1os del Nivel Secundario del Colegio Parroquial de Santa Lucia. (Diputados Carlos Jaime y Juan Manuel Roca)<\/li>\n<li><strong><span style=\"color: #800080;\">Social y cultural,<\/span><\/strong>el libro titulado \u00ab100 historias: Sanjuaninos en la pandemia de coronavirus\u00bb; escrito por Pablo Zama. (Diputado Carlos Platero)<\/li>\n<li><strong><span style=\"color: #800080;\">Social, educativo y sanitario,<\/span><\/strong> el Congreso Internacional de Pie y Tobillo Foot &amp; Ankle que se lleva a cabo los d\u00edas 23 y 24 de noviembre del corriente a\u00f1o en el auditorio Eloy P Camus del Centro C\u00edvico de San Juan. (Diputado Gustavo Rodr\u00edguez)<\/li>\n<li><strong><span style=\"color: #800080;\">Legislativo, educativo y cultural<\/span><\/strong> a las, \u00abXXXIV Jornadas Argentinas de Taquigraf\u00eda Parlamentaria\u00bb, a realizarse en la provincia de San Juan, durante los d\u00edas 10, 11 y 12 de noviembre del corriente a\u00f1o. (Diputado Gustavo Rodr\u00edguez)<\/li>\n<li><strong><span style=\"color: #800080;\">Educativo, social y econ\u00f3mico<\/span><\/strong> el XXIII Seminario Internacional sobre Tributaci\u00f3n Local, organizado por el Consejo Profesional de Ciencias Econ\u00f3micas de la provincia de San Juan, conjuntamente con la Facultad de Derecho de la Universidad Nacional de Lomas de Zamora, la Facultad de Ciencias Jur\u00eddicas de la Universidad del Salvador, el Departamento de Derecho de la Universidad Nacional del Sur y la Fundaci\u00f3n de Estudios e Investigaciones Tributarias, a realizarse los d\u00edas 2 y 3 de noviembre del \u00a0corriente a\u00f1o en la Ciudad de San Juan. (Diputado Rodolfo Jalife)<\/li>\n<li><span style=\"color: #800080;\"><strong>Social, educativo y cultural<\/strong><\/span> las \u00ab1\u00b0 Jornadas Provinciales de Educaci\u00f3n Art\u00edstica y el 8\u00b0 Encuentro Nacional de M\u00fasica y Educaci\u00f3n del MOMUSI\u00bb, organizado por el Instituto Superior de Formaci\u00f3n Docente de la Escuela Normal Superior \u00abGral. San Mart\u00edn\u00bb, Ministerio de Educaci\u00f3n y el Departamento de M\u00fasica de la Facultad de Filosof\u00eda, Humanidades y Artes de la Universidad Nacional de San Juan, a realizarse el 19 y 20 de octubre del corriente a\u00f1o. (Diputada Marcela Monti)<\/li>\n<li><strong><span style=\"color: #800080;\">Educativo y cultural<\/span><\/strong> el proyecto pedag\u00f3gico \u00abBeethoven en la Escuela\u00bb, cuya presentaci\u00f3n se realiza los d\u00edas 22 de noviembre \u00abD\u00eda de la M\u00fasica\u00bb en el Patin\u00f3dromo del Parque de Mayo y 27 de noviembre en la Plaza Seca del Centro C\u00edvico. (Diputada Graciela Seva)<\/li>\n<li><strong><span style=\"color: #800080;\">Social y sanitario<\/span><\/strong> la actividad de concientizaci\u00f3n denominada \u00abBarrileteada por las Enfermedades Poco Frecuentes\u00bb, organizado por la Municipalidad de la Capital de San Juan, que se lleva a cabo el d\u00eda 27 de octubre del corriente a\u00f1o en el Museo de la Memoria Urbana. (Diputada Fernanda Paredes)<\/li>\n<li><strong><span style=\"color: #800080;\">Social, cultural y educativo<\/span><\/strong> la XXI Jornada Provincial de J\u00f3venes Profesionales en Ciencias Econ\u00f3micas bajo el lema \u00abInspirando el cambio: Profesionales en Evoluci\u00f3n\u00bb, organizada por la Comisi\u00f3n de J\u00f3venes Profesionales del Consejo de Ciencias Econ\u00f3micas a realizarse el d\u00eda 20 de octubre en la provincia de San Juan. (Diputado Gast\u00f3n Berenguer)<\/li>\n<li><strong><span style=\"color: #800080;\">Social y educativo la actividad<\/span><\/strong>acad\u00e9mica \u201cModelo de las Naciones Unidas\u201d organizado por el Club de Ciencias Sociales de la Escuela Industrial D.F. Sarmiento, que se lleva a cabo los d\u00edas 26, 27 y 28 de octubre del corriente a\u00f1o. (Diputada Fernanda Paredes)<\/li>\n<li><strong><span style=\"color: #800080;\">Educativo y cultural<\/span><\/strong> al ENABI II (Segundo Encuentro Nacional de Bibliotecarios), \u00abDe la escritura cuniforme a la inteligencia artificial\u00bb, organizado por el Colegio Profesional de Bibliotecarios de San Juan y el Instituto Superior T\u00e9cnico Escuela de Bibliotecolog\u00eda Dr. Mariano Moreno, a realizarse los d\u00edas 09 y 10 de noviembre del corriente a\u00f1o, en el Sal\u00f3n Auditorio Gobernador Eloy P. Camus de la Ciudad Capital de San Juan. (Diputados Leonardo Gioja, Juan Carlos Gioja y diputada Graciela Seva)<\/li>\n<li><strong><span style=\"color: #800080;\">Cultural, social y educativo<\/span><\/strong>a la Primera Edici\u00f3n del Festival Regional de Teatro de M\u00fasica que se realiza en la Provincia los d\u00edas 13 y 14 de Octubre de 2023 en Conectar LAB San Juan. (Diputado Sergio Miodowsky y diputada Nancy Pic\u00f3n)<\/li>\n<li><strong><span style=\"color: #800080;\">Social y cultural<\/span><\/strong> el evento \u201cCaminando por la libertad\u201d que se realiza el 14 de octubre. (Diputado Eduardo Cabello)<\/li>\n<li><span style=\"color: #800080;\"><strong>Social y cultural<\/strong><\/span>la campa\u00f1a \u201cSan Juan, Jes\u00fas te ama\u201d, a llevarse a cabo los d\u00edas 9 a 15 de octubre en el complejo La Superiora, del Departamento Rawson. (Diputado Eduardo Cabello)<\/li>\n<\/ul>\n<p>Y, por \u00faltimo, la Legislatura resolver\u00e1 si otorga acuerdo a un proyecto de autor\u00eda de la diputada Fernanda Paredes que declara su \u201cenerg\u00e9tico repudio ante los violentos ataques armados perpetrados contra el Estado de Israel por parte del grupo terrorista Hamas. \u00c9sta C\u00e1mara de Diputados manifiesta su pesar por las p\u00e9rdidas de las vidas humanas y se solidariza con las v\u00edctimas y sus familiares. Asimismo, apelamos a una pronta resoluci\u00f3n del conflicto mediante el uso del di\u00e1logo, la paz y respeto ineludible de los derechos humanos, garantiz\u00e1ndose la protecci\u00f3n de la poblaci\u00f3n civil\u201d.<\/p>\n<p><span style=\"color: #800080;\"><strong>Proyectos de Comunicaci\u00f3n<\/strong><\/span><\/p>\n<p>En la ocasi\u00f3n, tambi\u00e9n deben someter a votaci\u00f3n el siguiente proyecto de Comunicaci\u00f3n de autor\u00eda del diputado Marcelo Mallea, que solicita al Poder Ejecutivo:<\/p>\n<ul>\n<li>A trav\u00e9s del Ministerio de Gobierno y la Direcci\u00f3n de Coordinaci\u00f3n de Red Tulum de la provincia de San Juan, la construcci\u00f3n de una Estaci\u00f3n de Trasbordo y la implementaci\u00f3n de recorridos internos en el Departamento Angaco.<\/li>\n<\/ul>\n<p><strong style=\"color: #800080;\">Asuntos entrados y derivaci\u00f3n a Comisiones<\/strong><\/p>\n<p>En la oportunidad, ingresan para su tratamiento en las correspondientes comisiones las siguientes comunicaciones oficiales:<\/p>\n<ul>\n<li>Mensaje N\u00b0 76, por el que se remiten copias certificadas de la Rendici\u00f3n de Cuentas Integral sobre el estado y evoluci\u00f3n del Fondo de Reserva Antic\u00edclico, presentada por el Banco San Juan S.A. como agente financiero. (Autor\u00eda Poder Ejecutivo- Comisi\u00f3n: Hacienda y Presupuesto).<\/li>\n<li>Mensaje N\u00b0 77, por el que se aprueba el acta compromiso de afectaci\u00f3n de recursos para la<\/li>\n<li>investigaci\u00f3n criminal suscripta entre el Sr. Fiscal General de la Corte de Justicia de San Juan, la Secretar\u00eda de Estado de Seguridad y Orden P\u00fablico y el Jefe de Polic\u00eda de la Provincia. (Autor\u00eda Poder Ejecutivo- Comisiones: Legislaci\u00f3n y Asuntos Constitucionales y Justicia y Seguridad).<\/li>\n<li>Mensaje N\u00b0 78, por el que se aprueba el Convenio y Anexos, suscripto entre el Gobierno de la Provincia de San Juan y los Municipios de Albard\u00f3n, Caucete y Sarmiento. (Autor\u00eda Poder Ejecutivo- Comisi\u00f3n: Legislaci\u00f3n y Asuntos Constitucionales y Obras y Servicios P\u00fablicos).<\/li>\n<li>Mensaje N\u00b0 79, por el que se aprueba el Convenio Marco de Asistencia y Cooperaci\u00f3n suscripto entre la Secretar\u00eda de Estado y de Seguridad y Orden P\u00fablico y la Federaci\u00f3n Gaucha Sanjuanina. (Poder Ejecutivo- Comisi\u00f3n: Legislaci\u00f3n y Asuntos Constitucionales y Justicia y Seguridad).<\/li>\n<li>Mensaje N\u00b0 80, por el que se aprueba el convenio de colaboraci\u00f3n suscripto entre la Direcci\u00f3n Nacional de Vialidad y el Gobierno de la Provincia de San Juan. (Autor\u00eda Poder Ejecutivo- Comisi\u00f3n: Legislaci\u00f3n y Asuntos Constitucionales y Educaci\u00f3n, Cultura, Ciencia y T\u00e9cnica).<\/li>\n<li>mensaje N\u00b0 81, por el que se aprueba el Convenio Marco de Asistencia y Cooperaci\u00f3n suscripto entre el Ministerio de Obras y Servicios P\u00fablicos, el Comit\u00e9 de Administraci\u00f3n del fideicomiso \u00abFondo Fiduciario de Infraestructura Fase 6- Veladero, el Ministerio de Miner\u00eda y Minera Andina del Sol S.R.L. (Autor\u00eda Poder Ejecutivo- Comisi\u00f3n: Legislaci\u00f3n y Asuntos Constitucionales; Miner\u00eda; y Hacienda y Presupuesto).<\/li>\n<li>Mensaje N\u00b0 82, por el que se aprueba el Convenio Marco de Colaboraci\u00f3n suscripto entre el Ministerio de Obras y Servicios P\u00fablicos y la Secretar\u00eda de Estado de Ambiente y Desarrollo Sustentable. (Autor\u00eda Poder Ejecutivo- Comisi\u00f3n: Legislaci\u00f3n y Asuntos Constitucionales; y Turismo, Ambiente y Desarrollo Sostenible).<\/li>\n<li>Mensaje N\u00b0 83, por el que se aprueba el convenio de sede pre Cosqu\u00edn suscripto entre el Ministerio de Turismo y Cultura de la provincia de San Juan y la comisi\u00f3n municipal de Folklore de Cosqu\u00edn. (Autor\u00eda Poder Ejecutivo- Comisi\u00f3n: Legislaci\u00f3n y Asuntos Constitucionales; Educaci\u00f3n, Cultura, Ciencia y T\u00e9cnica).<\/li>\n<li>Mensaje N\u00b0 84, por el que se incorporan al padr\u00f3n general de veteranos de guerra de Malvinas, a las personas enumeradas en el proyecto. (Autor\u00eda Poder Ejecutivo- Comisi\u00f3n: Legislaci\u00f3n y Asuntos Constitucionales; Miner\u00eda; y Hacienda y Presupuesto).<\/li>\n<li>Nota presentada por la Universidad Cat\u00f3lica de Cuyo por la que da a conocer el nombre de la alumna egresada de la carrera de Abogac\u00eda, conforme art\u00edculo 10 de la Ley N\u00b0 868-F. (Comisi\u00f3n: Educaci\u00f3n, Cultura, Ciencia y T\u00e9cnica).<\/li>\n<\/ul>\n<p>Tambi\u00e9n, la C\u00e1mara toma conocimiento de las siguientes comunicaciones particulares:<\/p>\n<ul>\n<li>Presentada por la presidenta del Colegio de Fonoaudi\u00f3logos de la Provincia por la que solicita que la Provincia se adhiera a la Ley Nacional N\u00b0 27568, Ejercicio profesional de la fonoaudiolog\u00eda.<\/li>\n<li>Presentada por la presidenta del Colegio de Fonoaudi\u00f3logos de la Provincia por la que solicita que se declare de inter\u00e9s la \u00abCampa\u00f1a m\u00e1s fonos m\u00e1s salud\u00bb.<\/li>\n<li>Presentada por el Secretario de Asuntos Estudiantiles de la Facultad de Ciencias Exactas, F\u00edsicas y Naturales de la Universidad Nacional de San Juan, por la que solicita que se declare de inter\u00e9s el Hackat\u00f3n Internacional NASA Space Apps Challenge 2023.<\/li>\n<li>Presentada por la Secretaria General de la Uni\u00f3n Docentes Argentinos (UDA), por la que remite n\u00f3mina de la Comisi\u00f3n Directiva, Seccional San Juan.<\/li>\n<\/ul>\n<p>Adem\u00e1s, toman estado parlamentario los siguientes proyectos de Ley de autor\u00eda de diputados que proponen:<\/p>\n<ul>\n<li>Declarar bien integrante del Patrimonio Cultural y Natural de la Provincia al edificio de la C\u00e1mara de Diputados. (Autor\u00eda diputado Rub\u00e9n Carri\u00f3n- Comisi\u00f3n: Legislaci\u00f3n y Asuntos Constitucionales; y Educaci\u00f3n, Cultura, Ciencia y T\u00e9cnica).<\/li>\n<li>Imponer a la Escuela de Educaci\u00f3n Inicial N\u00b0 44 el nombre de Estrellita de Colores. (Autor\u00eda diputado Andr\u00e9s Chanampa- Comisi\u00f3n: \u00a0Educaci\u00f3n, Cultura, Ciencia; y Peticiones y Poderes.)<\/li>\n<li>Imponer el nombre de Hebe Almeida de Gargiulo a la escuela de educaci\u00f3n inicial N\u00b0 49, del Departamento Chimbas. (Autor\u00eda diputado Andr\u00e9s Chanampa- Comisi\u00f3n: Educaci\u00f3n, Cultura, Ciencia y T\u00e9cnica; y Peticiones y Poderes).<\/li>\n<\/ul>\n<p>Y, por \u00faltimo, ingresan a comisiones para su tratamiento los siguientes proyectos de Resoluci\u00f3n que proponen declarar de inter\u00e9s:<\/p>\n<ul>\n<li><strong><span style=\"color: #800080;\">Educativo, Cultural y Social<\/span><\/strong> el Programa Marco Institucional: \u00abNi\u00f1as, Mujeres Y Stem: Fomentando La Equidad Y El Talento Cient\u00edfico \u2014 Tecnol\u00f3gico\u00bb \u2014 Facultad De Ciencias Exactas, F\u00edsicas Y Naturales &#8211; Departamento de Geolog\u00eda \u2014 Universidad Nacional de San Juan. (Autor\u00eda diputada Nancy Pic\u00f3n- Comisi\u00f3n: Educaci\u00f3n, Cultura, Ciencia y T\u00e9cnica).<\/li>\n<li><strong><span style=\"color: #800080;\">Art\u00edstico, cultural, social, tur\u00edstico y educativo<\/span><\/strong>al \u00abFestival Tango San Juan\u00bb, que tendr\u00e1 lugar en nuestra provincia del 07 al 11 de diciembre de 2023. (Autor\u00eda diputada Celina Ramella- Comisi\u00f3n: Educaci\u00f3n, Cultura, Ciencia y T\u00e9cnica).<\/li>\n<li><strong><span style=\"color: #800080;\">Legislativo, social, cultural, tur\u00edstico y deportivo<\/span><\/strong> a la Vig\u00e9sima Edici\u00f3n del Gran Premio Argentino Hist\u00f3rico de Automovilismo organizada por el Autom\u00f3vil Club Argentino (A.C.A) ; y las Etapas 4\u00b0 Y 5\u00b0 de la Vig\u00e9sima Edici\u00f3n del Gran Premio Argentino Hist\u00f3rico de Automovilismo organizada por el Autom\u00f3vil Club Argentino (A.C.A.) que se llevar\u00e1n a cabo los d\u00edas 5 y 6 de octubre del a\u00f1o 2023 en la Provincia de San Juan.- (Autor\u00eda diputado Enzo Cornejo- Comisi\u00f3n: Salud y Deporte)<\/li>\n<\/ul>\n<p>Para finalizar, toma estado parlamentario un proyecto de Resoluci\u00f3n de autor\u00eda del diputado Rodolfo Jalife que propone designar al Titular de Vocal\u00eda N\u00b0 IV del Tribunal de Cuentas de la Provincia de San Juan, a los efectos de dar cumplimiento a lo establecido en el art\u00edculo N\u00b0 120 de la Ley 1.100-E, quien tiene intervenci\u00f3n en la Cuenta General del Ejercicio 2.023 de este Organismo. (Comisi\u00f3n de Hacienda y Presupuesto).<\/p>\n<\/div>\n<p>&nbsp;<\/p>\n","protected":false},"excerpt":{"rendered":"<p>La C\u00e1mara de Diputado de San Juan celebra la Octava Sesi\u00f3n del per\u00edodo ordinario el Jueves, 12 de Octubre de<\/p>\n","protected":false},"author":3,"featured_media":37951,"comment_status":"closed","ping_status":"closed","sticky":false,"template":"","format":"standard","meta":{"_acf_changed":false,"_seopress_robots_primary_cat":"none","_seopress_titles_title":"","_seopress_titles_desc":"","_seopress_robots_index":"","colormag_page_container_layout":"default_layout","colormag_page_sidebar_layout":"default_layout","footnotes":""},"categories":[1],"tags":[],"class_list":["post-64367","post","type-post","status-publish","format-standard","has-post-thumbnail","hentry","category-destacadas"],"acf":[],"_links":{"self":[{"href":"https:\/\/vocesparalelas.com.ar\/sitio\/wp-json\/wp\/v2\/posts\/64367","targetHints":{"allow":["GET"]}}],"collection":[{"href":"https:\/\/vocesparalelas.com.ar\/sitio\/wp-json\/wp\/v2\/posts"}],"about":[{"href":"https:\/\/vocesparalelas.com.ar\/sitio\/wp-json\/wp\/v2\/types\/post"}],"author":[{"embeddable":true,"href":"https:\/\/vocesparalelas.com.ar\/sitio\/wp-json\/wp\/v2\/users\/3"}],"replies":[{"embeddable":true,"href":"https:\/\/vocesparalelas.com.ar\/sitio\/wp-json\/wp\/v2\/comments?post=64367"}],"version-history":[{"count":1,"href":"https:\/\/vocesparalelas.com.ar\/sitio\/wp-json\/wp\/v2\/posts\/64367\/revisions"}],"predecessor-version":[{"id":64370,"href":"https:\/\/vocesparalelas.com.ar\/sitio\/wp-json\/wp\/v2\/posts\/64367\/revisions\/64370"}],"wp:featuredmedia":[{"embeddable":true,"href":"https:\/\/vocesparalelas.com.ar\/sitio\/wp-json\/wp\/v2\/media\/37951"}],"wp:attachment":[{"href":"https:\/\/vocesparalelas.com.ar\/sitio\/wp-json\/wp\/v2\/media?parent=64367"}],"wp:term":[{"taxonomy":"category","embeddable":true,"href":"https:\/\/vocesparalelas.com.ar\/sitio\/wp-json\/wp\/v2\/categories?post=64367"},{"taxonomy":"post_tag","embeddable":true,"href":"https:\/\/vocesparalelas.com.ar\/sitio\/wp-json\/wp\/v2\/tags?post=64367"}],"curies":[{"name":"wp","href":"https:\/\/api.w.org\/{rel}","templated":true}]}}