{"id":64362,"date":"2023-10-11T21:58:53","date_gmt":"2023-10-12T00:58:53","guid":{"rendered":"https:\/\/vocesparalelas.com.ar\/sitio\/?p=64362"},"modified":"2023-10-13T11:21:33","modified_gmt":"2023-10-13T14:21:33","slug":"aprendiendo-del-universo-textil-de-mogna-en-la-casa-de-sarmiento-en-san-juan","status":"publish","type":"post","link":"https:\/\/vocesparalelas.com.ar\/sitio\/aprendiendo-del-universo-textil-de-mogna-en-la-casa-de-sarmiento-en-san-juan\/","title":{"rendered":"Aprendiendo del universo textil de Mogna en la Casa de Sarmiento en San Juan"},"content":{"rendered":"<p>La Casa Natal de Sarmiento invita a los interesados en participar del Taller de tejido en telar de frazadas y bordado de felpilla, gratuito, donde tejedoras de Mogna, del Departamento J\u00e1chal, ense\u00f1an el proceso completo del tejido en telar de una frazada t\u00edpica de con t\u00e9cnicas tradicionales, as\u00ed como tambi\u00e9n la t\u00e9cnica del bordado de felpilla.<\/p>\n<p>El Taller que se desarrolla el 18; el 19 y el 20 de Octubre, de 10 a 18 hs.; en la Casa hist\u00f3rica.<\/p>\n<p>A cargo de artesanas de Mogna, Departamento J\u00e1chal:<\/p>\n<ul>\n<li>Margarita S\u00e1nchez,<\/li>\n<li>Isabel Cabrera y<\/li>\n<li>Silvana Gonz\u00e1lez<\/li>\n<\/ul>\n<p><span style=\"color: #339966;\"><strong>Inscripci\u00f3n<\/strong><\/span><\/p>\n<p><a href=\"https:\/\/forms.gle\/vvF3wZXVnn4Mgz5f6\">https:\/\/forms.gle\/vvF3wZXVnn4Mgz5f6<\/a><\/p>\n<p><strong><span style=\"color: #339966;\">M\u00e1s informaci\u00f3n<\/span><\/strong><\/p>\n<p><a href=\"https:\/\/casanatalsarmiento.cultura.gob.ar\/actividad\/aprendiendo-del-universo-textil-de-mogna\/\">https:\/\/casanatalsarmiento.cultura.gob.ar\/actividad\/aprendiendo-del-universo-textil-de-mogna\/<\/a><\/p>\n<p><img loading=\"lazy\" decoding=\"async\" class=\"alignnone size-full wp-image-64365\" src=\"https:\/\/vocesparalelas.com.ar\/sitio\/wp-content\/uploads\/2023\/10\/CASA-SARMIENTO-TALLER.jpg\" alt=\"\" width=\"800\" height=\"453\" srcset=\"https:\/\/vocesparalelas.com.ar\/sitio\/wp-content\/uploads\/2023\/10\/CASA-SARMIENTO-TALLER.jpg 800w, https:\/\/vocesparalelas.com.ar\/sitio\/wp-content\/uploads\/2023\/10\/CASA-SARMIENTO-TALLER-300x170.jpg 300w, https:\/\/vocesparalelas.com.ar\/sitio\/wp-content\/uploads\/2023\/10\/CASA-SARMIENTO-TALLER-768x435.jpg 768w\" sizes=\"auto, (max-width: 800px) 100vw, 800px\" \/><\/p>\n<p>&nbsp;<\/p>\n<p>&nbsp;<\/p>\n","protected":false},"excerpt":{"rendered":"<p>La Casa Natal de Sarmiento invita a los interesados en participar del Taller de tejido en telar de frazadas y<\/p>\n","protected":false},"author":3,"featured_media":64365,"comment_status":"closed","ping_status":"closed","sticky":false,"template":"","format":"standard","meta":{"_acf_changed":false,"_seopress_robots_primary_cat":"none","_seopress_titles_title":"","_seopress_titles_desc":"","_seopress_robots_index":"","colormag_page_container_layout":"default_layout","colormag_page_sidebar_layout":"default_layout","footnotes":""},"categories":[9],"tags":[],"class_list":["post-64362","post","type-post","status-publish","format-standard","has-post-thumbnail","hentry","category-cursos"],"acf":[],"_links":{"self":[{"href":"https:\/\/vocesparalelas.com.ar\/sitio\/wp-json\/wp\/v2\/posts\/64362","targetHints":{"allow":["GET"]}}],"collection":[{"href":"https:\/\/vocesparalelas.com.ar\/sitio\/wp-json\/wp\/v2\/posts"}],"about":[{"href":"https:\/\/vocesparalelas.com.ar\/sitio\/wp-json\/wp\/v2\/types\/post"}],"author":[{"embeddable":true,"href":"https:\/\/vocesparalelas.com.ar\/sitio\/wp-json\/wp\/v2\/users\/3"}],"replies":[{"embeddable":true,"href":"https:\/\/vocesparalelas.com.ar\/sitio\/wp-json\/wp\/v2\/comments?post=64362"}],"version-history":[{"count":1,"href":"https:\/\/vocesparalelas.com.ar\/sitio\/wp-json\/wp\/v2\/posts\/64362\/revisions"}],"predecessor-version":[{"id":64366,"href":"https:\/\/vocesparalelas.com.ar\/sitio\/wp-json\/wp\/v2\/posts\/64362\/revisions\/64366"}],"wp:featuredmedia":[{"embeddable":true,"href":"https:\/\/vocesparalelas.com.ar\/sitio\/wp-json\/wp\/v2\/media\/64365"}],"wp:attachment":[{"href":"https:\/\/vocesparalelas.com.ar\/sitio\/wp-json\/wp\/v2\/media?parent=64362"}],"wp:term":[{"taxonomy":"category","embeddable":true,"href":"https:\/\/vocesparalelas.com.ar\/sitio\/wp-json\/wp\/v2\/categories?post=64362"},{"taxonomy":"post_tag","embeddable":true,"href":"https:\/\/vocesparalelas.com.ar\/sitio\/wp-json\/wp\/v2\/tags?post=64362"}],"curies":[{"name":"wp","href":"https:\/\/api.w.org\/{rel}","templated":true}]}}