{"id":64358,"date":"2023-10-11T20:24:49","date_gmt":"2023-10-11T23:24:49","guid":{"rendered":"https:\/\/vocesparalelas.com.ar\/sitio\/?p=64358"},"modified":"2023-10-13T11:21:58","modified_gmt":"2023-10-13T14:21:58","slug":"padrones-provisorios-para-eleccion-de-miembros-de-juntas-docentes-de-san-juan","status":"publish","type":"post","link":"https:\/\/vocesparalelas.com.ar\/sitio\/padrones-provisorios-para-eleccion-de-miembros-de-juntas-docentes-de-san-juan\/","title":{"rendered":"Padrones provisorios para elecci\u00f3n de miembros de Juntas Docentes de San Juan"},"content":{"rendered":"<p>La Junta Electoral Docente Ramas de Educaci\u00f3n: Inicial, Primaria, Especial, de Adultos y Diferencial, Media, Superior, T\u00e9cnica, Agropecuaria, Monot\u00e9cnica, de Formaci\u00f3n Profesional y de Capacitaci\u00f3n Laboral del Ministerio de Educaci\u00f3n del Gobierno de San Juan informa que ya se pueden consultar los padrones generales provisorios. Los interesados deben acceder a la pagina oficial del Ministerio de Educaci\u00f3n en el icono Junta Electoral 2023<\/p>\n<p><a href=\"https:\/\/educacion.sanjuan.gob.ar\/estaticas\/JuntaElectoral2023.html\">https:\/\/educacion.sanjuan.gob.ar\/estaticas\/JuntaElectoral2023.html<\/a><\/p>\n<p><strong><span style=\"color: #008000;\">Busque el \u00edcono de la Junta Electoral 2023<\/span><\/strong><\/p>\n<p><img loading=\"lazy\" decoding=\"async\" class=\"alignnone size-full wp-image-64416 aligncenter\" src=\"https:\/\/vocesparalelas.com.ar\/sitio\/wp-content\/uploads\/2023\/10\/JUNTA-ELECTORAL-EDUCACION.jpg\" alt=\"\" width=\"300\" height=\"404\" srcset=\"https:\/\/vocesparalelas.com.ar\/sitio\/wp-content\/uploads\/2023\/10\/JUNTA-ELECTORAL-EDUCACION.jpg 300w, https:\/\/vocesparalelas.com.ar\/sitio\/wp-content\/uploads\/2023\/10\/JUNTA-ELECTORAL-EDUCACION-223x300.jpg 223w\" sizes=\"auto, (max-width: 300px) 100vw, 300px\" \/><\/p>\n<p>El docente que no figure en el padr\u00f3n, con su DNI y recibo de sueldo debe acudir a la oficina de la Junta Electoral Docente , ubicada en 2\u00b0 piso del Centro C\u00edvico , sector N\u00b05, para efectuar el reclamo y correcci\u00f3n.<\/p>\n<p>Se recuerda que la exhibici\u00f3n de Padrones Definitivos es el 17 de Octubre.<\/p>\n<p><img loading=\"lazy\" decoding=\"async\" class=\"alignnone size-full wp-image-28629\" src=\"https:\/\/vocesparalelas.com.ar\/sitio\/wp-content\/uploads\/2020\/05\/MINISTERIO-EDUCACION-SJ.jpg\" alt=\"\" width=\"800\" height=\"533\" srcset=\"https:\/\/vocesparalelas.com.ar\/sitio\/wp-content\/uploads\/2020\/05\/MINISTERIO-EDUCACION-SJ.jpg 800w, https:\/\/vocesparalelas.com.ar\/sitio\/wp-content\/uploads\/2020\/05\/MINISTERIO-EDUCACION-SJ-300x200.jpg 300w, https:\/\/vocesparalelas.com.ar\/sitio\/wp-content\/uploads\/2020\/05\/MINISTERIO-EDUCACION-SJ-768x512.jpg 768w\" sizes=\"auto, (max-width: 800px) 100vw, 800px\" \/><\/p>\n<p>&nbsp;<\/p>\n<p>&nbsp;<\/p>\n","protected":false},"excerpt":{"rendered":"<p>La Junta Electoral Docente Ramas de Educaci\u00f3n: Inicial, Primaria, Especial, de Adultos y Diferencial, Media, Superior, T\u00e9cnica, Agropecuaria, Monot\u00e9cnica, de<\/p>\n","protected":false},"author":3,"featured_media":59069,"comment_status":"closed","ping_status":"closed","sticky":false,"template":"","format":"standard","meta":{"_acf_changed":false,"_seopress_robots_primary_cat":"none","_seopress_titles_title":"","_seopress_titles_desc":"","_seopress_robots_index":"","colormag_page_container_layout":"default_layout","colormag_page_sidebar_layout":"default_layout","footnotes":""},"categories":[2],"tags":[],"class_list":["post-64358","post","type-post","status-publish","format-standard","has-post-thumbnail","hentry","category-convocatorias"],"acf":[],"_links":{"self":[{"href":"https:\/\/vocesparalelas.com.ar\/sitio\/wp-json\/wp\/v2\/posts\/64358","targetHints":{"allow":["GET"]}}],"collection":[{"href":"https:\/\/vocesparalelas.com.ar\/sitio\/wp-json\/wp\/v2\/posts"}],"about":[{"href":"https:\/\/vocesparalelas.com.ar\/sitio\/wp-json\/wp\/v2\/types\/post"}],"author":[{"embeddable":true,"href":"https:\/\/vocesparalelas.com.ar\/sitio\/wp-json\/wp\/v2\/users\/3"}],"replies":[{"embeddable":true,"href":"https:\/\/vocesparalelas.com.ar\/sitio\/wp-json\/wp\/v2\/comments?post=64358"}],"version-history":[{"count":4,"href":"https:\/\/vocesparalelas.com.ar\/sitio\/wp-json\/wp\/v2\/posts\/64358\/revisions"}],"predecessor-version":[{"id":64419,"href":"https:\/\/vocesparalelas.com.ar\/sitio\/wp-json\/wp\/v2\/posts\/64358\/revisions\/64419"}],"wp:featuredmedia":[{"embeddable":true,"href":"https:\/\/vocesparalelas.com.ar\/sitio\/wp-json\/wp\/v2\/media\/59069"}],"wp:attachment":[{"href":"https:\/\/vocesparalelas.com.ar\/sitio\/wp-json\/wp\/v2\/media?parent=64358"}],"wp:term":[{"taxonomy":"category","embeddable":true,"href":"https:\/\/vocesparalelas.com.ar\/sitio\/wp-json\/wp\/v2\/categories?post=64358"},{"taxonomy":"post_tag","embeddable":true,"href":"https:\/\/vocesparalelas.com.ar\/sitio\/wp-json\/wp\/v2\/tags?post=64358"}],"curies":[{"name":"wp","href":"https:\/\/api.w.org\/{rel}","templated":true}]}}