{"id":64350,"date":"2023-10-11T13:56:50","date_gmt":"2023-10-11T16:56:50","guid":{"rendered":"https:\/\/vocesparalelas.com.ar\/sitio\/?p=64350"},"modified":"2023-10-13T11:22:42","modified_gmt":"2023-10-13T14:22:42","slug":"beneficios-con-tarjetas-del-banco-san-juan-para-las-compras-por-el-dia-de-la-madre","status":"publish","type":"post","link":"https:\/\/vocesparalelas.com.ar\/sitio\/beneficios-con-tarjetas-del-banco-san-juan-para-las-compras-por-el-dia-de-la-madre\/","title":{"rendered":"Beneficios con Tarjetas del Banco San Juan para las compras por el D\u00eda de la Madre"},"content":{"rendered":"<p>Los clientes y usuarios de tarjetas de cr\u00e9dito de Banco San Juan pueden aprovechar hasta el Viernes, 13 de Octubre, un 25 % de ahorro y 3 cuotas sin inter\u00e9s en indumentaria, calzado y accesorios, entre otros rubros, y 40 % de descuento los que cuenten con Tarjetas Black, Signature o Platinum.<\/p>\n<p>Adem\u00e1s, pueden aprovechar 10 % de ahorro y 6 cuotas sin inter\u00e9s en hogar, electro, rodados, y 10 % de ahorro y 3 cuotas en indumentaria, perfumer\u00edas, joyer\u00edas y librer\u00edas.<\/p>\n<p>Adicionalmente, estos beneficios pueden potenciarse con hasta 20% de descuento extra abonando con MODO directamente desde la app de Banco San Juan, para compras online y en shoppings, en comercios adheridos.<\/p>\n<p>Las condiciones, topes de reintegro y todos los comercios y locales adheridos, pueden consultarse en<\/p>\n<p><a href=\"https:\/\/www.bancosanjuan.com\/buena-semana\">https:\/\/www.bancosanjuan.com\/buena-semana<\/a><\/p>\n<p><img loading=\"lazy\" decoding=\"async\" class=\"alignnone size-full wp-image-38515\" src=\"https:\/\/vocesparalelas.com.ar\/sitio\/wp-content\/uploads\/2021\/06\/TARJETA-DEL-BANCO-SAN-JUAN.jpg\" alt=\"\" width=\"800\" height=\"449\" srcset=\"https:\/\/vocesparalelas.com.ar\/sitio\/wp-content\/uploads\/2021\/06\/TARJETA-DEL-BANCO-SAN-JUAN.jpg 800w, https:\/\/vocesparalelas.com.ar\/sitio\/wp-content\/uploads\/2021\/06\/TARJETA-DEL-BANCO-SAN-JUAN-300x168.jpg 300w, https:\/\/vocesparalelas.com.ar\/sitio\/wp-content\/uploads\/2021\/06\/TARJETA-DEL-BANCO-SAN-JUAN-768x431.jpg 768w\" sizes=\"auto, (max-width: 800px) 100vw, 800px\" \/><\/p>\n<p>&nbsp;<\/p>\n","protected":false},"excerpt":{"rendered":"<p>Los clientes y usuarios de tarjetas de cr\u00e9dito de Banco San Juan pueden aprovechar hasta el Viernes, 13 de Octubre,<\/p>\n","protected":false},"author":3,"featured_media":64353,"comment_status":"closed","ping_status":"closed","sticky":false,"template":"","format":"standard","meta":{"_acf_changed":false,"_seopress_robots_primary_cat":"none","_seopress_titles_title":"","_seopress_titles_desc":"","_seopress_robots_index":"","colormag_page_container_layout":"default_layout","colormag_page_sidebar_layout":"default_layout","footnotes":""},"categories":[11],"tags":[],"class_list":["post-64350","post","type-post","status-publish","format-standard","has-post-thumbnail","hentry","category-sociales"],"acf":[],"_links":{"self":[{"href":"https:\/\/vocesparalelas.com.ar\/sitio\/wp-json\/wp\/v2\/posts\/64350","targetHints":{"allow":["GET"]}}],"collection":[{"href":"https:\/\/vocesparalelas.com.ar\/sitio\/wp-json\/wp\/v2\/posts"}],"about":[{"href":"https:\/\/vocesparalelas.com.ar\/sitio\/wp-json\/wp\/v2\/types\/post"}],"author":[{"embeddable":true,"href":"https:\/\/vocesparalelas.com.ar\/sitio\/wp-json\/wp\/v2\/users\/3"}],"replies":[{"embeddable":true,"href":"https:\/\/vocesparalelas.com.ar\/sitio\/wp-json\/wp\/v2\/comments?post=64350"}],"version-history":[{"count":4,"href":"https:\/\/vocesparalelas.com.ar\/sitio\/wp-json\/wp\/v2\/posts\/64350\/revisions"}],"predecessor-version":[{"id":64357,"href":"https:\/\/vocesparalelas.com.ar\/sitio\/wp-json\/wp\/v2\/posts\/64350\/revisions\/64357"}],"wp:featuredmedia":[{"embeddable":true,"href":"https:\/\/vocesparalelas.com.ar\/sitio\/wp-json\/wp\/v2\/media\/64353"}],"wp:attachment":[{"href":"https:\/\/vocesparalelas.com.ar\/sitio\/wp-json\/wp\/v2\/media?parent=64350"}],"wp:term":[{"taxonomy":"category","embeddable":true,"href":"https:\/\/vocesparalelas.com.ar\/sitio\/wp-json\/wp\/v2\/categories?post=64350"},{"taxonomy":"post_tag","embeddable":true,"href":"https:\/\/vocesparalelas.com.ar\/sitio\/wp-json\/wp\/v2\/tags?post=64350"}],"curies":[{"name":"wp","href":"https:\/\/api.w.org\/{rel}","templated":true}]}}