{"id":64345,"date":"2023-10-11T13:32:43","date_gmt":"2023-10-11T16:32:43","guid":{"rendered":"https:\/\/vocesparalelas.com.ar\/sitio\/?p=64345"},"modified":"2023-10-13T11:28:38","modified_gmt":"2023-10-13T14:28:38","slug":"responsabilidad-democratica-de-los-candidatos-que-aspiran-a-gobernar-la-cosa-publica-de-argentina","status":"publish","type":"post","link":"https:\/\/vocesparalelas.com.ar\/sitio\/responsabilidad-democratica-de-los-candidatos-que-aspiran-a-gobernar-la-cosa-publica-de-argentina\/","title":{"rendered":"Responsabilidad democr\u00e1tica de los candidatos que aspiran a gobernar la cosa p\u00fablica de Argentina"},"content":{"rendered":"<p>En el marco de los 40 a\u00f1os de Democracia en pocos d\u00edas se celebrar\u00e1n las elecciones presidenciales. Una Democracia fuerte requiere de instituciones s\u00f3lidas y de una dirigencia pol\u00edtica madura y responsable.<\/p>\n<p>Es por ello que los candidatos que aspiran a gobernar la cosa p\u00fablica tienen que mostrar responsabilidad en sus campa\u00f1as y declaraciones p\u00fablicas. En ese sentido los candidatos deben evitar hacer declaraciones infundadas que generen incertidumbre en la gente y volatilidad sobre las variables financieras. Recomendar no renovar los dep\u00f3sitos no hace otra cosa que generar preocupaci\u00f3n en un sector de la poblaci\u00f3n. La carrera a la presidencia debe basarse en las competencias de ideas y capacidad de implementaci\u00f3n de las mismas.<\/p>\n<p>M\u00e1s all\u00e1 de que a esta altura ya nadie discute la fortaleza del sistema financiero con alt\u00edsimos niveles de capital y liquidez y su capacidad para ayudar al resto de los sectores frente a crisis internas o externas, declaraciones como las referidas generan, innecesariamente, incertidumbre y angustia a mucha gente.<\/p>\n<p>Exhortamos a los candidatos recorrer el \u00faltimo tramo de la campa\u00f1a electoral con la responsabilidad, profesionalismo y vocaci\u00f3n de servicio que el puesto al que aspiran requiere. Es la mejor forma de fortalecer la Democracia y lograr el bienestar del pueblo argentino.<\/p>\n","protected":false},"excerpt":{"rendered":"<p>En el marco de los 40 a\u00f1os de Democracia en pocos d\u00edas se celebrar\u00e1n las elecciones presidenciales. Una Democracia fuerte<\/p>\n","protected":false},"author":3,"featured_media":64348,"comment_status":"closed","ping_status":"closed","sticky":false,"template":"","format":"standard","meta":{"_acf_changed":false,"_seopress_robots_primary_cat":"none","_seopress_titles_title":"","_seopress_titles_desc":"","_seopress_robots_index":"","colormag_page_container_layout":"default_layout","colormag_page_sidebar_layout":"default_layout","footnotes":""},"categories":[10],"tags":[],"class_list":["post-64345","post","type-post","status-publish","format-standard","has-post-thumbnail","hentry","category-opiniones"],"acf":[],"_links":{"self":[{"href":"https:\/\/vocesparalelas.com.ar\/sitio\/wp-json\/wp\/v2\/posts\/64345","targetHints":{"allow":["GET"]}}],"collection":[{"href":"https:\/\/vocesparalelas.com.ar\/sitio\/wp-json\/wp\/v2\/posts"}],"about":[{"href":"https:\/\/vocesparalelas.com.ar\/sitio\/wp-json\/wp\/v2\/types\/post"}],"author":[{"embeddable":true,"href":"https:\/\/vocesparalelas.com.ar\/sitio\/wp-json\/wp\/v2\/users\/3"}],"replies":[{"embeddable":true,"href":"https:\/\/vocesparalelas.com.ar\/sitio\/wp-json\/wp\/v2\/comments?post=64345"}],"version-history":[{"count":1,"href":"https:\/\/vocesparalelas.com.ar\/sitio\/wp-json\/wp\/v2\/posts\/64345\/revisions"}],"predecessor-version":[{"id":64349,"href":"https:\/\/vocesparalelas.com.ar\/sitio\/wp-json\/wp\/v2\/posts\/64345\/revisions\/64349"}],"wp:featuredmedia":[{"embeddable":true,"href":"https:\/\/vocesparalelas.com.ar\/sitio\/wp-json\/wp\/v2\/media\/64348"}],"wp:attachment":[{"href":"https:\/\/vocesparalelas.com.ar\/sitio\/wp-json\/wp\/v2\/media?parent=64345"}],"wp:term":[{"taxonomy":"category","embeddable":true,"href":"https:\/\/vocesparalelas.com.ar\/sitio\/wp-json\/wp\/v2\/categories?post=64345"},{"taxonomy":"post_tag","embeddable":true,"href":"https:\/\/vocesparalelas.com.ar\/sitio\/wp-json\/wp\/v2\/tags?post=64345"}],"curies":[{"name":"wp","href":"https:\/\/api.w.org\/{rel}","templated":true}]}}