{"id":64340,"date":"2023-10-11T12:27:56","date_gmt":"2023-10-11T15:27:56","guid":{"rendered":"https:\/\/vocesparalelas.com.ar\/sitio\/?p=64340"},"modified":"2023-10-14T01:00:59","modified_gmt":"2023-10-14T04:00:59","slug":"con-la-musica-a-otra-parte-de-la-fbsj-y-la-opera-el-principito-de-rachel-portman","status":"publish","type":"post","link":"https:\/\/vocesparalelas.com.ar\/sitio\/con-la-musica-a-otra-parte-de-la-fbsj-y-la-opera-el-principito-de-rachel-portman\/","title":{"rendered":"\u201cCon la m\u00fasica a otra parte\u201d de la FBSJ y la \u00f3pera \u00abEl Principito\u00bb de Rachel Portman"},"content":{"rendered":"<p>Fundaci\u00f3n Banco San Juan \u2013 FBSJ &#8211; junto al Ministerio de Turismo y Cultura y el Teatro del Bicentenario \u2013 TB -, presentan la \u00f3pera El Principito de Rachel Portman, dirigida a chicos y chicas de escuelas primarias de la provincia.<\/p>\n<p>La actividad, de car\u00e1cter gratuito, se realiza en el marco del programa \u201cCon la m\u00fasica a otra parte\u201d de Fundaci\u00f3n Banco San Juan y tiene por objetivo acercar a estudiantes de 4to, 5to y 6to grado de escuelas primarias de la provincia, a las artes esc\u00e9nicas.<\/p>\n<p>Las escuelas vivir\u00e1n una experiencia cultural sin precedentes en esta adaptaci\u00f3n del cl\u00e1sico de Saint-Exup\u00e9ry, con producci\u00f3n del Teatro Col\u00f3n y puesta en escena del Teatro del Bicentenario.<\/p>\n<p>La invitaci\u00f3n es para el Ensayo General del Jueves, 2 de Noviembre, a las 15 hs, y la primera funci\u00f3n del Viernes, 3 de Noviembre, a las 15 hs.<\/p>\n<p>Para participar, los docentes deben inscribir a sus cursos en el siguiente link:<\/p>\n<p><a href=\"https:\/\/www.fundacionesgrupopetersen.com.ar\/con-la-musica-a-otra-parte\/\">https:\/\/www.fundacionesgrupopetersen.com.ar\/con-la-musica-a-otra-parte\/<\/a><\/p>\n<p>Inscripciones abiertas hasta completar el cupo de 900 localidades por funci\u00f3n.<\/p>\n<p>La realizaci\u00f3n de \u201cEl Principito\u201d cuenta, adem\u00e1s, con el respaldo de la Fundaci\u00f3n Amigos del Teatro del Bicentenario, con el patrocinio de Se\u00f1or Gonz\u00e1lez, concesionario oficial Toyota en San Juan, Supermercado Salvador Gonz\u00e1lez y Le Pont S.A., concesionario oficial Citr\u00f6en en San Juan quienes colaboran a trav\u00e9s de la Ley de Mecenazgo 2023. Asimismo, el Proyecto Jos\u00e9mar\u00eda colabora con el Teatro en pos de la concreci\u00f3n de objetivos de desarrollo comunitarios en com\u00fan.<\/p>\n<p><img loading=\"lazy\" decoding=\"async\" class=\"alignnone size-full wp-image-62858\" src=\"https:\/\/vocesparalelas.com.ar\/sitio\/wp-content\/uploads\/2023\/08\/FBSJ-LOGO-01.jpg\" alt=\"\" width=\"800\" height=\"219\" srcset=\"https:\/\/vocesparalelas.com.ar\/sitio\/wp-content\/uploads\/2023\/08\/FBSJ-LOGO-01.jpg 800w, https:\/\/vocesparalelas.com.ar\/sitio\/wp-content\/uploads\/2023\/08\/FBSJ-LOGO-01-300x82.jpg 300w, https:\/\/vocesparalelas.com.ar\/sitio\/wp-content\/uploads\/2023\/08\/FBSJ-LOGO-01-768x210.jpg 768w\" sizes=\"auto, (max-width: 800px) 100vw, 800px\" \/><\/p>\n","protected":false},"excerpt":{"rendered":"<p>Fundaci\u00f3n Banco San Juan \u2013 FBSJ &#8211; junto al Ministerio de Turismo y Cultura y el Teatro del Bicentenario \u2013<\/p>\n","protected":false},"author":3,"featured_media":64343,"comment_status":"closed","ping_status":"closed","sticky":false,"template":"","format":"standard","meta":{"_acf_changed":false,"_seopress_robots_primary_cat":"none","_seopress_titles_title":"","_seopress_titles_desc":"","_seopress_robots_index":"","colormag_page_container_layout":"default_layout","colormag_page_sidebar_layout":"default_layout","footnotes":""},"categories":[5],"tags":[],"class_list":["post-64340","post","type-post","status-publish","format-standard","has-post-thumbnail","hentry","category-ofrecimientos"],"acf":[],"_links":{"self":[{"href":"https:\/\/vocesparalelas.com.ar\/sitio\/wp-json\/wp\/v2\/posts\/64340","targetHints":{"allow":["GET"]}}],"collection":[{"href":"https:\/\/vocesparalelas.com.ar\/sitio\/wp-json\/wp\/v2\/posts"}],"about":[{"href":"https:\/\/vocesparalelas.com.ar\/sitio\/wp-json\/wp\/v2\/types\/post"}],"author":[{"embeddable":true,"href":"https:\/\/vocesparalelas.com.ar\/sitio\/wp-json\/wp\/v2\/users\/3"}],"replies":[{"embeddable":true,"href":"https:\/\/vocesparalelas.com.ar\/sitio\/wp-json\/wp\/v2\/comments?post=64340"}],"version-history":[{"count":1,"href":"https:\/\/vocesparalelas.com.ar\/sitio\/wp-json\/wp\/v2\/posts\/64340\/revisions"}],"predecessor-version":[{"id":64344,"href":"https:\/\/vocesparalelas.com.ar\/sitio\/wp-json\/wp\/v2\/posts\/64340\/revisions\/64344"}],"wp:featuredmedia":[{"embeddable":true,"href":"https:\/\/vocesparalelas.com.ar\/sitio\/wp-json\/wp\/v2\/media\/64343"}],"wp:attachment":[{"href":"https:\/\/vocesparalelas.com.ar\/sitio\/wp-json\/wp\/v2\/media?parent=64340"}],"wp:term":[{"taxonomy":"category","embeddable":true,"href":"https:\/\/vocesparalelas.com.ar\/sitio\/wp-json\/wp\/v2\/categories?post=64340"},{"taxonomy":"post_tag","embeddable":true,"href":"https:\/\/vocesparalelas.com.ar\/sitio\/wp-json\/wp\/v2\/tags?post=64340"}],"curies":[{"name":"wp","href":"https:\/\/api.w.org\/{rel}","templated":true}]}}