{"id":64331,"date":"2023-10-10T20:00:12","date_gmt":"2023-10-10T23:00:12","guid":{"rendered":"https:\/\/vocesparalelas.com.ar\/sitio\/?p=64331"},"modified":"2023-10-11T00:00:34","modified_gmt":"2023-10-11T03:00:34","slug":"se-definio-el-temario-de-la-octava-sesion-durante-la-labor-parlamentaria-de-san-juan","status":"publish","type":"post","link":"https:\/\/vocesparalelas.com.ar\/sitio\/se-definio-el-temario-de-la-octava-sesion-durante-la-labor-parlamentaria-de-san-juan\/","title":{"rendered":"Se defini\u00f3 el temario de la Octava Sesi\u00f3n durante la Labor Parlamentaria de San Juan"},"content":{"rendered":"<div class=\"itemFullText jbintrotext\">\n<p>En el marco de la reuni\u00f3n de Labor Parlamentaria, los legisladores titulares de los diferentes bloques que forman parte de la C\u00e1mara de Diputados definieron los asuntos a tratar en el Orden del D\u00eda de la Octava Sesi\u00f3n del per\u00edodo ordinario a realizarse el jueves 12 de octubre de 2023, a partir de la hora 9.<\/p>\n<\/div>\n<div class=\"itemFullText\">\n<p>La reuni\u00f3n estuvo presidida por el vicegobernador CPN Roberto Gattoni con la participaci\u00f3n del secretario Legislativo, Dr. Nicol\u00e1s Alvo; el vicepresidente segundo, legislador Carlos Platero; el vicepresidente alterno, Edgardo Sancassani y los presidentes de los bloques Justicialista, Juan Carlos Abarca; Producci\u00f3n y Trabajo, diputado Sergio Miodowsky; ConFE Somos San Juan, Florencia Pe\u00f1aloza; Del Este, diputado Marcelo Mallea; Frente Grande \u2013 Unidad Ciudadana, diputado Horacio Quiroga; Lealtad Justicialista, legislador Leonardo Gioja; Actuar, legislador Gustavo Us\u00edn; San Juan Primero, Enrique Monta\u00f1o.<\/p>\n<p>Es oportuno consignar que en el transcurso de la Octava Sesi\u00f3n del per\u00edodo ordinario, a llevarse a cabo este pr\u00f3ximo 12 de octubre, ser\u00e1 abordado como segundo punto del Orden del D\u00eda, la Comunicaci\u00f3n Oficial remitida por el Tribunal Electoral de la provincia de San Juan por la que notifica los candidatos a cubrir la vacancia producida en la C\u00e1mara de Diputados por el fallecimiento del legislador Juan Jos\u00e9 Chica que, en este caso concreto, tendr\u00e1 lugar el juramento y posterior asunci\u00f3n de la ciudadana Mariela Del Carmen Limerutti, quien integraba el lugar n\u00famero 13 en el listado de candidatos a diputados proporcionales de las elecciones Primarias Abiertas Simult\u00e1neas y Obligatorias (P.A.S.O.) del 31 de marzo de 2019.<\/p>\n<p><span style=\"color: #800080;\"><strong>Dictado de la Carrera de la Licenciatura en Archiv\u00edstica<\/strong><\/span><\/p>\n<p>Con despacho favorable de las respectivas comisiones, este jueves podr\u00e1 ser considerado un proyecto de Ley remitido por el Poder Ejecutivo, que propone aprobar el Acta Acuerdo celebrada entre el Ministerio de Gobierno de la Provincia de San Juan, representado por Alberto Valent\u00edn Hensel en su car\u00e1cter de \u00a0ministro de Gobierno y la Confederaci\u00f3n General del Trabajo Delegaci\u00f3n San Juan, representada por Eduardo Cabello, en su car\u00e1cter de secretario general y por la Uni\u00f3n Judicial de San Juan, en car\u00e1cter de entidad sindical agremiada a la CGT, representada por su presidente, Julio Sebasti\u00e1n L\u00f3pez, suscripta el 27 de setiembre de 2022.<\/p>\n<p>El presente acuerdo tiene por por objetivo implementar acciones que permitan el desarrollo del dictado de clases de la carrera Licenciatura en Archiv\u00edstica, con t\u00edtulo Intermedio de Tecnicatura Universitaria en Archiv\u00edstica, y de otras carreras que en el futuro se implementen por las partes intervinientes, en la Sede Central de la Confederaci\u00f3n General del Trabajo \u2014 Delegaci\u00f3n San Juan.<\/p>\n<p><span style=\"color: #800080;\"><strong>Convenio de cooperaci\u00f3n educativa<\/strong><\/span><\/p>\n<p>Tambi\u00e9n con el aval de las correspondientes comisiones, los legisladores podr\u00e1n considerar un proyecto de Ley del Poder Ejecutivo que propone ratificar un convenio de Cooperaci\u00f3n Educativa, celebrado el 20 de octubre de 2021,\u00a0 entre el Ministerio de Educaci\u00f3n de la Naci\u00f3n, y el Ministerio de Educaci\u00f3n de la provincia de San Juan, por el cual tomando como eje central de la acci\u00f3n del Gobierno Nacional, el despliegue de pol\u00edticas p\u00fablicas federales, y en ese marco, a partir de la sanci\u00f3n de la Ley Nacional N\u00b0 27.591 del Presupuesto de Gastos y Recursos de la Administraci\u00f3n Nacional, para el Ejercicio Fiscal 2021, se ha consolidado un camino de recuperaci\u00f3n de la inversi\u00f3n educativa, en cumplimiento de la Ley Nacional N\u00b0 26.075.<\/p>\n<p><span style=\"color: #800080;\"><strong>Convenio con Consejo Federal de Polic\u00eda Criminal<\/strong><\/span><\/p>\n<p>Con el despacho favorable de las respectivas comisiones, podr\u00e1 ser analizado un Proyecto de Ley y Mensaje remitido por el Poder Ejecutivo que propone la aprobaci\u00f3n de un convenio de Cooperaci\u00f3n y Asistencia T\u00e9cnica, entre el Consejo Federal de Polic\u00eda Criminal de los Ministerios P\u00fablicos de la Rep\u00fablica Argentina, y el Gobierno de la provincia de San Juan, y el secretario de Estado de Seguridad y Orden P\u00fablico.<\/p>\n<p>Cabe se\u00f1alar que, a partir del referido acuerdo, las partes se comprometen a desarrollar mecanismos y acciones de cooperaci\u00f3n mutua y asistencia t\u00e9cnica, a trav\u00e9s de la promoci\u00f3n de actividades conjuntas, conforme sus respectivas misiones y funciones, lo cual redundar\u00eda en fortalecimiento del sistema de seguridad y administraci\u00f3n de justicia.<\/p>\n<p><span style=\"color: #800080;\"><strong>Imposici\u00f3n de nombres a escuelas<\/strong><\/span><\/p>\n<p>Asimismo, ofreci\u00f3 conformidad con el despacho favorable a los siguientes proyectos de Ley que apuntan a la imposici\u00f3n de nombres en establecimientos escolares, que son los siguientes:<\/p>\n<ul>\n<li>Escuela Secundaria \u00abAngualasto\u00bb a la Escuela Secundaria \u00abAnt\u00e1rtida Argentina\u00bb, ubicada en el departamento Iglesia, dependiente de la Direcci\u00f3n de Educaci\u00f3n Secundaria Orientada y Art\u00edstica del Ministerio de Educaci\u00f3n de la provincia de San Juan.<\/li>\n<li>\u00abEl Jard\u00edn de Mimosaurio\u00bb a la Escuela de Nivel Inicial N\u00b0 13, ubicada en calle Eva Duarte de Per\u00f3n y Larralde sin n\u00famero, del departamento de Rivadavia.<\/li>\n<li>\u201cDr. Antonio Washington Ch\u00e1vez \u00bb a la Escuela de Nivel Inicial N\u00b0 370, ubicada en calle Guillermo Rawson del departamento San Jos\u00e9 de J\u00e1chal.<\/li>\n<li>\u00abHuellitas de Amor\u00bb a la Escuela de Nivel Inicial N\u00b0 81, ubicada en calle Rosario Quiroga y Soldado Argentino, barrio Lago de Ullum, Villa Aurora, departamento Ullum.<\/li>\n<li>\u00abCielo Alto\u00bb a la Escuela de Nivel Inicial N\u00b0 80, ubicada en calle Mat\u00edas S\u00e1nchez sin n\u00famero, en el departamento Zonda.<\/li>\n<\/ul>\n<p><span style=\"color: #800080;\"><strong>Convenio para mejorar la gesti\u00f3n de los recursos h\u00eddricos<\/strong><\/span><\/p>\n<p>Tambi\u00e9n, con el aval de las respectivas comisiones legislativas, los legisladores abordar\u00e1n un proyecto de Ley \u00a0y Mensaje remitido por el Poder Ejecutivo que propone ratificar un convenio celebrado entre las siguientes instituciones: el Ministerio de Ciencia, Tecnolog\u00eda e Innovaci\u00f3n (MINCYT), el Instituto Nacional de Tecnolog\u00eda Agropecuaria (INTA); la Universidad Nacional de San Juan (UNSJ); el Instituto Nacional del Agua (INA);\u00a0 la Comisi\u00f3n Nacional de Actividades Espaciales (CONAE), el Gobierno de la provincia de San Juan y la Fundaci\u00f3n Argeninta para la ejecuci\u00f3n del Proyecto Centro de Investigaci\u00f3n, Desarrollo e Innovaci\u00f3n para la Gesti\u00f3n Integral del Agua en el \u00c1rido (CIGIAA).<\/p>\n<p>El objeto de este Proyecto Centro de Investigaci\u00f3n, Desarrollo e Innovaci\u00f3n para la Gesti\u00f3n Integral del Agua en el \u00c1rido (CIGIAA), tiene como finalidad mejorar la gesti\u00f3n, maximizar la eficiencia y asegurar la sostenibilidad de los recursos h\u00eddricos a nivel de cuenca en el entorno socio-productivo de la provincia de San Juan con proyecci\u00f3n regional y dem\u00e1s objetivos previstos en el Proyecto.<\/p>\n<p><span style=\"color: #800080;\"><strong>Convenio con la Secretar\u00eda de Abordaje Integral<\/strong><\/span><\/p>\n<p>Con conformidad de las comisiones, llegar\u00e1 al recinto el proyecto de Ley que propone aprobar un convenio celebrado entre la Secretaria de Abordaje Integral del Ministerio de Desarrollo Social de la Naci\u00f3n, y la Provincia de San Juan, suscripto el 25 de febrero de 2023.<\/p>\n<p>Cabe se\u00f1alar que el presente acuerdo fue suscripto en el marco de los lineamientos contenidos en el Programa de Integraci\u00f3n y Desarrollo Humano \u00abParticipar en Comunidad\u00bb y sus respectivos lineamientos generales, y lineamientos operativos, cuya autoridad de aplicaci\u00f3n es la Subsecretaria de Desarrollo Humano del Ministerio de Desarrollo Social de la Naci\u00f3n.<\/p>\n<p>En este sentido, las partes acuerdan el otorgamiento de un subsidio institucional por parte del Ministerio de Desarrollo Social de la Naci\u00f3n, para la implementaci\u00f3n del Proyecto: \u00abRefuncionalizaci\u00f3n Nuevo CIC \u2014 Barrio La Bebida en la Provincia de San Juan\u00bb, cuyo monto asciende a la suma de pesos ciento cuarenta y nueve millones ochocientos noventa y dos mil cuatrocientos dieciocho con 77\/100 ($149.892.418,77), el que ser\u00e1 transferido en un \u00fanico desembolso.<\/p>\n<p><span style=\"color: #800080;\"><strong>Bien Integrante del Patrimonio Cultural la Fideer\u00eda Yanz\u00f3n<\/strong><\/span><\/p>\n<p>Tambi\u00e9n con despacho favorable llegar\u00e1 al tratamiento un proyecto de Ley por el cual declara Bien Integrante del Patrimonio Cultural de la Provincia, dentro de los alcances de la Ley N\u00b0 571-F, a los galpones 1, 2 y 3 del edificio de la antigua Fideer\u00eda Yanz\u00f3n, ubicada en calle Mariano Moreno 98 Oeste, esquina Entre R\u00edos, departamento Capital de San Juan, design\u00e1ndolo \u00abSitio Hist\u00f3rico\u00bb encuadrado en el Art\u00edculo 4\u00b0, inciso B), apartado 1).<\/p>\n<p>Cabe se\u00f1alar que esta construcci\u00f3n lleva como nombre el apellido de una familia tradicional de San Juan, que si bien en sus or\u00edgenes ingleses \u2014Jameson- el uso y la tradici\u00f3n lo espa\u00f1olizaron en Yanz\u00f3n.<\/p>\n<p><span style=\"color: #800080;\"><strong>Creaci\u00f3n de un Banco Descentralizado de ayudas t\u00e9cnicas<\/strong><\/span><\/p>\n<p>Con despacho favorable de las respectivas comisiones podr\u00e1n considerar un proyecto de Ley que propone ratificar un convenio firmado entre la Agencia Nacional de Discapacidad y el Ministerio de Desarrollo Humano y Promoci\u00f3n Social de nuestra provincia.<\/p>\n<p>El objeto de este acuerdo consiste en la asignaci\u00f3n de Fondos por parte de la Agencia, derivados del FONADIS a este Ministerio con el fin de financiar la creaci\u00f3n de un Banco Descentralizado de ayudas t\u00e9cnicas en el marco del Programa Banco Descentralizado de Ayudas T\u00e9cnicas.<\/p>\n<p><span style=\"color: #800080;\"><strong>Donaci\u00f3n de una aeronave al Centro de Aviaci\u00f3n Civil San Juan<\/strong><\/span><\/p>\n<p>Tambi\u00e9n con el aval de las comisiones el cuerpo parlamentario considerar\u00e1 un proyecto de Ley presentado por el Poder Ejecutivo que propone donar con cargo, al Centro de Aviaci\u00f3n Civil San Juan, la aeronave, propiedad de la provincia de San Juan, individualizada como avi\u00f3n Piper \u00abSeneca\u00bb.<\/p>\n<p>Cabe se\u00f1alar que el cargo impuesto a la presente donaci\u00f3n, consiste en la obligaci\u00f3n del Centro de Aviaci\u00f3n Civil San Juan, de:<\/p>\n<p>a) destinar la aeronave para ser utilizada en procedimientos de instrucci\u00f3n de vuelo de pilotos actuales y futuros, en el \u00e1mbito de esa instituci\u00f3n; y<\/p>\n<p>b) poner a disposici\u00f3n del Estado Provincial, sin costo, el uso de dicho avi\u00f3n, cuando circunstancias de necesidad y\/o cat\u00e1strofe sanitaria, clim\u00e1tica, agropecuaria, o de otra \u00edndole, que sean producidas por fen\u00f3menos naturales y\/o humanos, as\u00ed lo exijan.<\/p>\n<p><span style=\"color: #800080;\"><strong>Convenio con la Secretar\u00eda de Pol\u00edtica Social<\/strong><\/span><\/p>\n<p>Con el apoyo de las comisiones, ser\u00e1 luego el turno del proyecto de Ley que propone aprobar un Convenio entre la Secretar\u00eda de Pol\u00edtica Social del Ministerio de Desarrollo Social de la Naci\u00f3n y el Ministerio de Desarrollo Humano y Promoci\u00f3n Social de la Provincia de San Juan, el que tiene por objeto el otorgamiento de un subsidio institucional con car\u00e1cter de no reintegrable en el marco de la Resoluci\u00f3n N\u00b0 553\/2020, para la implementaci\u00f3n del proyecto de \u00abSubsidio de Emergencia Habitacional de San Juan\u00bb y cuyo objetivo es brindar asistencia a la poblaci\u00f3n de la Provincia de San Juan, que se encuentre en situaci\u00f3n de emergencia social por su condici\u00f3n de vulnerabilidad, ratificado por Decreto Provincial, el que en copia certificada forma parte integrante de la presente ley.<\/p>\n<p><span style=\"color: #800080;\"><strong>Resoluci\u00f3n para la exploraci\u00f3n \u201cEl Relincho\u201d<\/strong><\/span><\/p>\n<p>Con despacho favorable de las comisiones ser\u00e1 considerado un proyecto de Ley por el cual se ratifica la Resoluci\u00f3n N\u00b0 193-IPEEM-2023 de fecha 27 de julio del 2023,, que acepta la Oferta de Trabajo y Econ\u00f3mica efectuada por la Empresa Golden Mining S.A. para la exploraci\u00f3n con opci\u00f3n a explotaci\u00f3n de la manifestaci\u00f3n de descubrimiento que tramita por expediente N\u00b0 1126-000085-2023, del I.P.E.E.M. denominada \u00abEL RELINCHO\u00bb, ubicada en el departamento Ullum, provincia de San Juan.<\/p>\n<p><span style=\"color: #800080;\"><strong>Adhesi\u00f3n a la Ley Nacional de Guardavidas<\/strong><\/span><\/p>\n<p>Tambi\u00e9n con el aval de las respectivas comisiones, el cuerpo legislativo someter\u00e1 a votaci\u00f3n un proyecto de Ley que tiene por finalidad adherir al r\u00e9gimen de la Ley Nacional N \u00b0 27.155, que regula el ejercicio profesional de Guardavidas y su Decreto Reglamentario N\u00b0 260\/2021, brindando pautas para el ejercicio de la profesi\u00f3n de guardavidas y la prevenci\u00f3n de los siniestros en los ambientes acu\u00e1ticos en el territorio nacional.<\/p>\n<p>Cabe destacar que la Ley Nacional, manifiesta desde el Estado, la intenci\u00f3n de resguardar la vida de los ciudadanos, proporcion\u00e1ndoles, a quienes cumplen la importante tarea de velar por nuestra seguridad en aquellos espacios de esparcimiento, recreaci\u00f3n, deportes o descanso, un marco legal para garantizar el correcto desempe\u00f1o de su tarea.<\/p>\n<p><span style=\"color: #800080;\"><strong>Temas a considerar sobre tablas<\/strong><\/span><\/p>\n<p>Los diputados presentes en la reuni\u00f3n de Labor Parlamentaria, tuvieron a su cargo la definici\u00f3n de algunos de los puntos que ser\u00e1n considerados sobre tablas en el transcurso de la Octava Sesi\u00f3n del per\u00edodo ordinario y que son los siguientes:<\/p>\n<p><span style=\"color: #800080;\"><strong>Traslado de un Juez<\/strong><\/span><\/p>\n<p>La Comunicaci\u00f3n Oficial presentada por el Consejo de la Magistratura por la que da cuenta del acta del 2 de octubre de 2023, por la que propone al Poder Legislativo el traslado del abogado Carlos Adri\u00e1n Cuevas al cargo vacante de Juez de Paz Letrado del departamento Angaco.<\/p>\n<p><span style=\"color: #800080;\"><strong>Renuncia de una Jueza<\/strong><\/span><\/p>\n<p>Por otra parte, tambi\u00e9n a trav\u00e9s de una Comunicaci\u00f3n Oficial del Poder Judicial es informada la renuncia de la abogada Beatriz Rosa Gallo, al cargo de Jueza de Paz Letrada.<\/p>\n<p><span style=\"color: #800080;\"><strong>Modificaci\u00f3n Ley del ejercicio de la Abogac\u00eda<\/strong><\/span><\/p>\n<p>A instancias del bloque Justicialista, ser\u00e1 presentado el proyecto de Ley que propone la modificaci\u00f3n del art\u00edculo 50\u00b0 de la Ley N\u00b0 127-A, Ley Org\u00e1nica del Ejercicio de la Abogac\u00eda.<\/p>\n<p><span style=\"color: #800080;\"><strong>Ley de Emergencia Habitacional<\/strong><\/span><\/p>\n<p>Por iniciativa del Interbloque (conformado por los bloques Actuar, PRO-Juntos por el Cambio y Producci\u00f3n y Trabajo), es presentado el proyecto de Ley por el que sustituye el art\u00edculo 2\u00b0 de la Ley N\u00b0 792-P, que dispone el Estado de Emergencia Habitacional.<\/p>\n<p><span style=\"color: #800080;\"><strong>Pr\u00f3rroga de Emergencia en Servicios de Seguridad<\/strong><\/span><\/p>\n<p>Tambi\u00e9n por parte del Interbloque ser\u00e1 presentado el proyecto de Ley por el que prorroga la Ley N\u00b0 969-P, que declara el estado de Emergencia en los Servicios de Seguridad.<\/p>\n<p><span style=\"color: #800080;\"><strong>Emergencia H\u00eddrica<\/strong><\/span><\/p>\n<p>Asimismo, el Interbloque presentar\u00e1 el proyecto de Ley por el que sustituye el art\u00edculo 1\u00b0 de la Ley 2470-L, que declara el estado de Emergencia H\u00eddrica.<\/p>\n<p><span style=\"color: #800080;\"><strong>Pr\u00f3rroga de suspensi\u00f3n de desocupaci\u00f3n y desalojos<\/strong><\/span><\/p>\n<p>Tambi\u00e9n, a instancias del Interbloque ser\u00e1 presentado un proyecto de Ley que prorroga la Ley N\u00b0 1267-P, por la que son suspendidos los procedimientos judiciales sobre desocupaci\u00f3n, desalojos, restituci\u00f3n de inmuebles de varios barrios de la provincia, como as\u00ed tambi\u00e9n los construidos o financiados por la Cooperativa de Viviendas Gualcamayo Ltda., o SUMA Construcciones S.R.L. o MAPAL Emprendimientos Privados S.R.L.<\/p>\n<p><span style=\"color: #800080;\"><strong>Emergencia en Obras P\u00fablicas<\/strong><\/span><\/p>\n<p>Por otra parte, el Interbloque presentar\u00e1 un proyecto de Ley que propone sustituir el art\u00edculo 2\u00b0 de la Ley N\u00b0 2458-A, que declara la Emergencia en materia de un<\/p>\n<p><span style=\"color: #800080;\"><strong>Pr\u00f3rroga de regularizaci\u00f3n de obras subrepticias<\/strong><\/span><\/p>\n<p>Adem\u00e1s, el Interbloque presentar\u00e1 un proyecto de Ley por el que prorroga la Ley N\u00b0 1254-P, por la que establece, en el \u00e1mbito de la provincia de San Juan, un r\u00e9gimen excepcional y temporario de regularizaci\u00f3n de obras subrepticias en contravenci\u00f3n al C\u00f3digo de Edificaci\u00f3n y dem\u00e1s normativa vigente.<\/p>\n<p><span style=\"color: #800080;\"><strong>Suspensi\u00f3n de ejecuci\u00f3n de hipotecas<\/strong><\/span><\/p>\n<p>El Interbloque integrado por Actuar, PRO- Juntos por el Cambio y Producci\u00f3n y Trabajo, presentar\u00e1 un proyecto de Ley por el que prorroga la Ley N\u00b0 1266-P, por la que son suspendidos, por emergencia social, los t\u00e9rminos procesales de los juicios cuyo objeto sea la ejecuci\u00f3n de una hipoteca, no incluida en el fideicomiso establecido por Ley Nacional N\u00b0 25798.<\/p>\n<p><span style=\"color: #800080;\"><strong>Pr\u00f3rroga de Emergencia P\u00fablica<\/strong><\/span><\/p>\n<p>Asimismo, el Interbloque presentar\u00e1 un proyecto de Ley por el que prorroga los t\u00e9rminos de la Ley N\u00b0 783-P, de Emergencia P\u00fablica.<\/p>\n<figure id=\"attachment_37951\" aria-describedby=\"caption-attachment-37951\" style=\"width: 800px\" class=\"wp-caption alignnone\"><img loading=\"lazy\" decoding=\"async\" class=\"size-full wp-image-37951\" src=\"https:\/\/vocesparalelas.com.ar\/sitio\/wp-content\/uploads\/2021\/05\/CAMARA-EDIFICIO.jpg\" alt=\"\" width=\"800\" height=\"515\" srcset=\"https:\/\/vocesparalelas.com.ar\/sitio\/wp-content\/uploads\/2021\/05\/CAMARA-EDIFICIO.jpg 800w, https:\/\/vocesparalelas.com.ar\/sitio\/wp-content\/uploads\/2021\/05\/CAMARA-EDIFICIO-300x193.jpg 300w, https:\/\/vocesparalelas.com.ar\/sitio\/wp-content\/uploads\/2021\/05\/CAMARA-EDIFICIO-768x494.jpg 768w\" sizes=\"auto, (max-width: 800px) 100vw, 800px\" \/><figcaption id=\"caption-attachment-37951\" class=\"wp-caption-text\">Legislatura Provincial de San Juan<\/figcaption><\/figure>\n<\/div>\n","protected":false},"excerpt":{"rendered":"<p>En el marco de la reuni\u00f3n de Labor Parlamentaria, los legisladores titulares de los diferentes bloques que forman parte de<\/p>\n","protected":false},"author":3,"featured_media":64334,"comment_status":"closed","ping_status":"closed","sticky":false,"template":"","format":"standard","meta":{"_acf_changed":false,"_seopress_robots_primary_cat":"none","_seopress_titles_title":"","_seopress_titles_desc":"","_seopress_robots_index":"","colormag_page_container_layout":"default_layout","colormag_page_sidebar_layout":"default_layout","footnotes":""},"categories":[1],"tags":[],"class_list":["post-64331","post","type-post","status-publish","format-standard","has-post-thumbnail","hentry","category-destacadas"],"acf":[],"_links":{"self":[{"href":"https:\/\/vocesparalelas.com.ar\/sitio\/wp-json\/wp\/v2\/posts\/64331","targetHints":{"allow":["GET"]}}],"collection":[{"href":"https:\/\/vocesparalelas.com.ar\/sitio\/wp-json\/wp\/v2\/posts"}],"about":[{"href":"https:\/\/vocesparalelas.com.ar\/sitio\/wp-json\/wp\/v2\/types\/post"}],"author":[{"embeddable":true,"href":"https:\/\/vocesparalelas.com.ar\/sitio\/wp-json\/wp\/v2\/users\/3"}],"replies":[{"embeddable":true,"href":"https:\/\/vocesparalelas.com.ar\/sitio\/wp-json\/wp\/v2\/comments?post=64331"}],"version-history":[{"count":1,"href":"https:\/\/vocesparalelas.com.ar\/sitio\/wp-json\/wp\/v2\/posts\/64331\/revisions"}],"predecessor-version":[{"id":64335,"href":"https:\/\/vocesparalelas.com.ar\/sitio\/wp-json\/wp\/v2\/posts\/64331\/revisions\/64335"}],"wp:featuredmedia":[{"embeddable":true,"href":"https:\/\/vocesparalelas.com.ar\/sitio\/wp-json\/wp\/v2\/media\/64334"}],"wp:attachment":[{"href":"https:\/\/vocesparalelas.com.ar\/sitio\/wp-json\/wp\/v2\/media?parent=64331"}],"wp:term":[{"taxonomy":"category","embeddable":true,"href":"https:\/\/vocesparalelas.com.ar\/sitio\/wp-json\/wp\/v2\/categories?post=64331"},{"taxonomy":"post_tag","embeddable":true,"href":"https:\/\/vocesparalelas.com.ar\/sitio\/wp-json\/wp\/v2\/tags?post=64331"}],"curies":[{"name":"wp","href":"https:\/\/api.w.org\/{rel}","templated":true}]}}