{"id":64327,"date":"2023-10-08T16:49:05","date_gmt":"2023-10-08T19:49:05","guid":{"rendered":"https:\/\/vocesparalelas.com.ar\/sitio\/?p=64327"},"modified":"2023-10-10T23:53:22","modified_gmt":"2023-10-11T02:53:22","slug":"se-realiza-el-acto-central-del-festejo-del-50-aniversario-de-la-unsj","status":"publish","type":"post","link":"https:\/\/vocesparalelas.com.ar\/sitio\/se-realiza-el-acto-central-del-festejo-del-50-aniversario-de-la-unsj\/","title":{"rendered":"Se realiza el acto central del festejo del 50\u00b0 Aniversario de la UNSJ"},"content":{"rendered":"<p>El 10 de Octubre, a las 19 hs.; en el hall del Rectorado de la UNSJ la comunidad educativa conmemora 50\u00b0 Aniversario de la UNSJ de vida y servicio a la comunidad construyendo.<\/p>\n<p>Asisten las autoridades Universitarias y del Gobierno de San Juan que se transforma en un honor para aquellos que se convirtieron en profesionales gracias al conocimiento construido por el aporte de cada docente, para aquellos que trabajan como nodocentes, como los investigadores, docentes, alumnos, de cada una de las Unidades Acad\u00e9micas<\/p>\n<ul>\n<li>Facultad de Ingenier\u00eda<\/li>\n<li>Facultad de Ciencias Exactas, F\u00edsicas y Naturales<\/li>\n<li>Facultad de Filosof\u00eda, Humanidades y Artes<\/li>\n<li>Facultad de Ciencias Sociales<\/li>\n<li>Facultad de Arquitectura Urbanismo y Dise\u00f1o<\/li>\n<li>Escuela Universitaria de Ciencias de\u00a0la Salud<\/li>\n<\/ul>\n<p><span style=\"color: #0000ff;\"><strong>Institutos Preuniversitarios<\/strong><\/span><\/p>\n<ul>\n<li>Escuela Industrial Domingo Faustino Sarmiento<\/li>\n<li>Escuela de Comercio Lib. Gral. Dan Mart\u00edn<\/li>\n<li>Colegio Central Universitario Dr. Mariano Moreno<\/li>\n<\/ul>\n<p>Gracias a los visionarios que fueron poniendo un fortalecimiento para que la Universidad Nacional llegue al 2023 y festejar sus 50 a\u00f1os de vida que otros m\u00e1s construyan mucho a\u00f1os m\u00e1s de vida.<\/p>\n<p><iframe loading=\"lazy\" title=\"Himno Nacional Argentino - Coro Universitario de San Juan y Orquesta Sinf\u00f3nica de San Juan.\" width=\"800\" height=\"450\" src=\"https:\/\/www.youtube.com\/embed\/G9R1XVQKX3M?feature=oembed\" frameborder=\"0\" allow=\"accelerometer; autoplay; clipboard-write; encrypted-media; gyroscope; picture-in-picture; web-share\" allowfullscreen><\/iframe><\/p>\n<p><img loading=\"lazy\" decoding=\"async\" class=\"alignnone size-full wp-image-54097\" src=\"https:\/\/vocesparalelas.com.ar\/sitio\/wp-content\/uploads\/2022\/11\/UNSJ-EDIFICIO.jpg\" alt=\"\" width=\"800\" height=\"600\" srcset=\"https:\/\/vocesparalelas.com.ar\/sitio\/wp-content\/uploads\/2022\/11\/UNSJ-EDIFICIO.jpg 800w, https:\/\/vocesparalelas.com.ar\/sitio\/wp-content\/uploads\/2022\/11\/UNSJ-EDIFICIO-300x225.jpg 300w, https:\/\/vocesparalelas.com.ar\/sitio\/wp-content\/uploads\/2022\/11\/UNSJ-EDIFICIO-768x576.jpg 768w\" sizes=\"auto, (max-width: 800px) 100vw, 800px\" \/><\/p>\n","protected":false},"excerpt":{"rendered":"<p>El 10 de Octubre, a las 19 hs.; en el hall del Rectorado de la UNSJ la comunidad educativa conmemora<\/p>\n","protected":false},"author":3,"featured_media":53945,"comment_status":"closed","ping_status":"closed","sticky":false,"template":"","format":"standard","meta":{"_acf_changed":false,"_seopress_robots_primary_cat":"none","_seopress_titles_title":"","_seopress_titles_desc":"","_seopress_robots_index":"","colormag_page_container_layout":"default_layout","colormag_page_sidebar_layout":"default_layout","footnotes":""},"categories":[1,7],"tags":[],"class_list":["post-64327","post","type-post","status-publish","format-standard","has-post-thumbnail","hentry","category-destacadas","category-videos"],"acf":[],"_links":{"self":[{"href":"https:\/\/vocesparalelas.com.ar\/sitio\/wp-json\/wp\/v2\/posts\/64327","targetHints":{"allow":["GET"]}}],"collection":[{"href":"https:\/\/vocesparalelas.com.ar\/sitio\/wp-json\/wp\/v2\/posts"}],"about":[{"href":"https:\/\/vocesparalelas.com.ar\/sitio\/wp-json\/wp\/v2\/types\/post"}],"author":[{"embeddable":true,"href":"https:\/\/vocesparalelas.com.ar\/sitio\/wp-json\/wp\/v2\/users\/3"}],"replies":[{"embeddable":true,"href":"https:\/\/vocesparalelas.com.ar\/sitio\/wp-json\/wp\/v2\/comments?post=64327"}],"version-history":[{"count":1,"href":"https:\/\/vocesparalelas.com.ar\/sitio\/wp-json\/wp\/v2\/posts\/64327\/revisions"}],"predecessor-version":[{"id":64330,"href":"https:\/\/vocesparalelas.com.ar\/sitio\/wp-json\/wp\/v2\/posts\/64327\/revisions\/64330"}],"wp:featuredmedia":[{"embeddable":true,"href":"https:\/\/vocesparalelas.com.ar\/sitio\/wp-json\/wp\/v2\/media\/53945"}],"wp:attachment":[{"href":"https:\/\/vocesparalelas.com.ar\/sitio\/wp-json\/wp\/v2\/media?parent=64327"}],"wp:term":[{"taxonomy":"category","embeddable":true,"href":"https:\/\/vocesparalelas.com.ar\/sitio\/wp-json\/wp\/v2\/categories?post=64327"},{"taxonomy":"post_tag","embeddable":true,"href":"https:\/\/vocesparalelas.com.ar\/sitio\/wp-json\/wp\/v2\/tags?post=64327"}],"curies":[{"name":"wp","href":"https:\/\/api.w.org\/{rel}","templated":true}]}}