{"id":64321,"date":"2023-10-10T16:33:04","date_gmt":"2023-10-10T19:33:04","guid":{"rendered":"https:\/\/vocesparalelas.com.ar\/sitio\/?p=64321"},"modified":"2023-10-10T16:33:04","modified_gmt":"2023-10-10T19:33:04","slug":"los-alumnos-de-la-escuela-julia-de-leon-con-el-gobernador-de-san-juan-dr-sergio-unac","status":"publish","type":"post","link":"https:\/\/vocesparalelas.com.ar\/sitio\/los-alumnos-de-la-escuela-julia-de-leon-con-el-gobernador-de-san-juan-dr-sergio-unac\/","title":{"rendered":"Los alumnos de la Escuela Julia de Le\u00f3n con el Gobernador de San Juan, Dr. Sergio U\u00f1ac"},"content":{"rendered":"<p>En Casa de Gobierno, el Gobernador de San Juan, Dr. Sergio U\u00f1ac, acompa\u00f1ado por el secretario de la Unidad Gobernaci\u00f3n, Luis Rueda, recibi\u00f3 a alumnos del \u00faltimo a\u00f1o del nivel secundario de la Escuela Julia de Le\u00f3n, Departamento Rivadavia.<\/p>\n<p><img loading=\"lazy\" decoding=\"async\" class=\"alignnone size-full wp-image-64325\" src=\"https:\/\/vocesparalelas.com.ar\/sitio\/wp-content\/uploads\/2023\/10\/ESCUELA-JULIA-LEON.jpg\" alt=\"\" width=\"800\" height=\"490\" srcset=\"https:\/\/vocesparalelas.com.ar\/sitio\/wp-content\/uploads\/2023\/10\/ESCUELA-JULIA-LEON.jpg 800w, https:\/\/vocesparalelas.com.ar\/sitio\/wp-content\/uploads\/2023\/10\/ESCUELA-JULIA-LEON-300x184.jpg 300w, https:\/\/vocesparalelas.com.ar\/sitio\/wp-content\/uploads\/2023\/10\/ESCUELA-JULIA-LEON-768x470.jpg 768w\" sizes=\"auto, (max-width: 800px) 100vw, 800px\" \/><\/p>\n<p>La visita les permiti\u00f3 a los adolescentes conocer Casa de Gobierno y dialogar con el primer mandatario sobre temas como la educaci\u00f3n, abarcando diferentes aspectos y el trabajo que se hace desde el Estado provincial para encaminar a los j\u00f3venes hacia su desarrollo profesional, comenzando desde el nivel inicial hasta su formaci\u00f3n superior.<\/p>\n<p>&nbsp;<\/p>\n<p><iframe loading=\"lazy\" title=\"El gobernador recibi\u00f3 a alumnos de nivel secundario de una escuela de Rivadavia\" width=\"800\" height=\"450\" src=\"https:\/\/www.youtube.com\/embed\/hTkxl4sd3AY?feature=oembed\" frameborder=\"0\" allow=\"accelerometer; autoplay; clipboard-write; encrypted-media; gyroscope; picture-in-picture; web-share\" allowfullscreen><\/iframe><\/p>\n<p>&nbsp;<\/p>\n<p>\u201cPara nosotros ha sido una gran experiencia hablar con el gobernador, que es una persona muy sabia. Nos ha inspirado su ejemplo de constancia y perseverancia, impuls\u00e1ndonos a salir adelante siendo nosotros mismos\u201d, expres\u00f3 Milagros, en representaci\u00f3n de sus compa\u00f1eros.<\/p>\n<p>Continuando con una conversaci\u00f3n amena y enriquecedora, los adolescentes quisieron consultar al gobernador sobre el camino que recorri\u00f3, siendo un joven del interior provincial, hasta llegar a ocupar el m\u00e1ximo cargo ejecutivo en la provincia.<\/p>\n<p>En ese aspecto el mandatario hizo menci\u00f3n al plano de igualdad de oportunidades que hoy brinda por el Estado provincial a los j\u00f3venes para alcanzar sus metas e hizo un repaso sobre el desarrollo de la educaci\u00f3n, entre avances en infraestructura para los establecimientos educativos, la creaci\u00f3n y refacci\u00f3n de edificios escolares y el boleto estudiantil, entre otros.<\/p>\n<p>Continuando el encuentro, los estudiantes adem\u00e1s pidieron consejos a U\u00f1ac para lograr sus aspiraciones e intercambiaron sus experiencias de vida.<\/p>\n<p>&nbsp;<\/p>\n<p>&nbsp;<\/p>\n<p>&nbsp;<\/p>\n","protected":false},"excerpt":{"rendered":"<p>En Casa de Gobierno, el Gobernador de San Juan, Dr. Sergio U\u00f1ac, acompa\u00f1ado por el secretario de la Unidad Gobernaci\u00f3n,<\/p>\n","protected":false},"author":3,"featured_media":64324,"comment_status":"closed","ping_status":"closed","sticky":false,"template":"","format":"standard","meta":{"_acf_changed":false,"_seopress_robots_primary_cat":"none","_seopress_titles_title":"","_seopress_titles_desc":"","_seopress_robots_index":"","colormag_page_container_layout":"default_layout","colormag_page_sidebar_layout":"default_layout","footnotes":""},"categories":[1],"tags":[],"class_list":["post-64321","post","type-post","status-publish","format-standard","has-post-thumbnail","hentry","category-destacadas"],"acf":[],"_links":{"self":[{"href":"https:\/\/vocesparalelas.com.ar\/sitio\/wp-json\/wp\/v2\/posts\/64321","targetHints":{"allow":["GET"]}}],"collection":[{"href":"https:\/\/vocesparalelas.com.ar\/sitio\/wp-json\/wp\/v2\/posts"}],"about":[{"href":"https:\/\/vocesparalelas.com.ar\/sitio\/wp-json\/wp\/v2\/types\/post"}],"author":[{"embeddable":true,"href":"https:\/\/vocesparalelas.com.ar\/sitio\/wp-json\/wp\/v2\/users\/3"}],"replies":[{"embeddable":true,"href":"https:\/\/vocesparalelas.com.ar\/sitio\/wp-json\/wp\/v2\/comments?post=64321"}],"version-history":[{"count":1,"href":"https:\/\/vocesparalelas.com.ar\/sitio\/wp-json\/wp\/v2\/posts\/64321\/revisions"}],"predecessor-version":[{"id":64326,"href":"https:\/\/vocesparalelas.com.ar\/sitio\/wp-json\/wp\/v2\/posts\/64321\/revisions\/64326"}],"wp:featuredmedia":[{"embeddable":true,"href":"https:\/\/vocesparalelas.com.ar\/sitio\/wp-json\/wp\/v2\/media\/64324"}],"wp:attachment":[{"href":"https:\/\/vocesparalelas.com.ar\/sitio\/wp-json\/wp\/v2\/media?parent=64321"}],"wp:term":[{"taxonomy":"category","embeddable":true,"href":"https:\/\/vocesparalelas.com.ar\/sitio\/wp-json\/wp\/v2\/categories?post=64321"},{"taxonomy":"post_tag","embeddable":true,"href":"https:\/\/vocesparalelas.com.ar\/sitio\/wp-json\/wp\/v2\/tags?post=64321"}],"curies":[{"name":"wp","href":"https:\/\/api.w.org\/{rel}","templated":true}]}}