{"id":64313,"date":"2023-10-10T16:10:44","date_gmt":"2023-10-10T19:10:44","guid":{"rendered":"https:\/\/vocesparalelas.com.ar\/sitio\/?p=64313"},"modified":"2023-10-10T17:22:46","modified_gmt":"2023-10-10T20:22:46","slug":"impulsan-el-desarrollo-economico-y-cultural-de-los-artesanos-en-san-juan","status":"publish","type":"post","link":"https:\/\/vocesparalelas.com.ar\/sitio\/impulsan-el-desarrollo-economico-y-cultural-de-los-artesanos-en-san-juan\/","title":{"rendered":"Impulsan el desarrollo econ\u00f3mico y cultural de los artesanos en San Juan"},"content":{"rendered":"<p>El Mercado Artesanal Tradicional Luisa Escudero, dependiente del Ministerio de Turismo y Cultura del Gobierno de San Juan, ha experimentado un crecimiento y una influencia notables, evidenciados en cifras impactantes que destacan su impacto en la comunidad artesanal de la provincia.<\/p>\n<p>Desde el lanzamiento del Programa de Revalorizaci\u00f3n y Desarrollo, el mercado ha llevado a cabo 58 viajes a diferentes departamentos, visitando los hogares-talleres de 260 artesanos. Este esfuerzo ha alcanzado a 610 artesanos en el territorio, con 350 de ellos capacitados integralmente en turismo y dise\u00f1o. Actualmente, el registro de artesanos activos vinculados al programa es de 160.<\/p>\n<p>La Certificaci\u00f3n de Identidad Artesana ha sido un sello de calidad y origen para 168 artesanos, con 6 distinciones a la trayectoria y 32 distinciones a la excelencia artesanal y al aporte a la identidad sanjuanina.<\/p>\n<p>Por otro lado, el mercado ha llevado a cabo 86 capacitaciones en oficios tradicionales, alcanzando a 1290 artesanos y emprendedores. Asimismo, 15 de ellos han llevado adelante talleres en sus comunidades, contribuyendo as\u00ed a la difusi\u00f3n de saberes.<\/p>\n<p>En t\u00e9rminos de infraestructura, el mercado ha experimentado una refuncionalizaci\u00f3n de sus espacios, con la reparaci\u00f3n de da\u00f1os sufridos por el tiempo y terremotos. En la Tienda del Mercado, la colecci\u00f3n permanente, conformada por 46 piezas, ha atra\u00eddo a 3000 turistas desde enero a julio de 2023.<\/p>\n<p>Adem\u00e1s, la participaci\u00f3n en ferias y eventos nacionales e internacionales ha sido un foco importante. Con 45 artesanos participando en la Feria de Artesan\u00edas en los jardines del mercado en 24 ocasiones, se ha proyectado la artesan\u00eda sanjuanina en diferentes puntos del pa\u00eds.<\/p>\n<p>Estas cifras reflejan el compromiso continuo del Mercado Artesanal Tradicional Luisa Escudero en impulsar el desarrollo econ\u00f3mico y cultural de los artesanos en San Juan, preservando la identidad y proyectando su trabajo a nivel nacional e internacional.<\/p>\n<p><img loading=\"lazy\" decoding=\"async\" class=\"alignnone size-large wp-image-4250\" src=\"https:\/\/vocesparalelas.com.ar\/sitio\/wp-content\/uploads\/2017\/08\/TEJIDO-ARTESANAL-01-800x533.jpg\" alt=\"\" width=\"800\" height=\"533\" srcset=\"https:\/\/vocesparalelas.com.ar\/sitio\/wp-content\/uploads\/2017\/08\/TEJIDO-ARTESANAL-01-800x533.jpg 800w, https:\/\/vocesparalelas.com.ar\/sitio\/wp-content\/uploads\/2017\/08\/TEJIDO-ARTESANAL-01-300x200.jpg 300w, https:\/\/vocesparalelas.com.ar\/sitio\/wp-content\/uploads\/2017\/08\/TEJIDO-ARTESANAL-01-768x512.jpg 768w, https:\/\/vocesparalelas.com.ar\/sitio\/wp-content\/uploads\/2017\/08\/TEJIDO-ARTESANAL-01.jpg 1024w\" sizes=\"auto, (max-width: 800px) 100vw, 800px\" \/><\/p>\n","protected":false},"excerpt":{"rendered":"<p>El Mercado Artesanal Tradicional Luisa Escudero, dependiente del Ministerio de Turismo y Cultura del Gobierno de San Juan, ha experimentado<\/p>\n","protected":false},"author":3,"featured_media":10610,"comment_status":"closed","ping_status":"closed","sticky":false,"template":"","format":"standard","meta":{"_acf_changed":false,"_seopress_robots_primary_cat":"none","_seopress_titles_title":"","_seopress_titles_desc":"","_seopress_robots_index":"","colormag_page_container_layout":"default_layout","colormag_page_sidebar_layout":"default_layout","footnotes":""},"categories":[6],"tags":[],"class_list":["post-64313","post","type-post","status-publish","format-standard","has-post-thumbnail","hentry","category-eventos"],"acf":[],"_links":{"self":[{"href":"https:\/\/vocesparalelas.com.ar\/sitio\/wp-json\/wp\/v2\/posts\/64313","targetHints":{"allow":["GET"]}}],"collection":[{"href":"https:\/\/vocesparalelas.com.ar\/sitio\/wp-json\/wp\/v2\/posts"}],"about":[{"href":"https:\/\/vocesparalelas.com.ar\/sitio\/wp-json\/wp\/v2\/types\/post"}],"author":[{"embeddable":true,"href":"https:\/\/vocesparalelas.com.ar\/sitio\/wp-json\/wp\/v2\/users\/3"}],"replies":[{"embeddable":true,"href":"https:\/\/vocesparalelas.com.ar\/sitio\/wp-json\/wp\/v2\/comments?post=64313"}],"version-history":[{"count":1,"href":"https:\/\/vocesparalelas.com.ar\/sitio\/wp-json\/wp\/v2\/posts\/64313\/revisions"}],"predecessor-version":[{"id":64316,"href":"https:\/\/vocesparalelas.com.ar\/sitio\/wp-json\/wp\/v2\/posts\/64313\/revisions\/64316"}],"wp:featuredmedia":[{"embeddable":true,"href":"https:\/\/vocesparalelas.com.ar\/sitio\/wp-json\/wp\/v2\/media\/10610"}],"wp:attachment":[{"href":"https:\/\/vocesparalelas.com.ar\/sitio\/wp-json\/wp\/v2\/media?parent=64313"}],"wp:term":[{"taxonomy":"category","embeddable":true,"href":"https:\/\/vocesparalelas.com.ar\/sitio\/wp-json\/wp\/v2\/categories?post=64313"},{"taxonomy":"post_tag","embeddable":true,"href":"https:\/\/vocesparalelas.com.ar\/sitio\/wp-json\/wp\/v2\/tags?post=64313"}],"curies":[{"name":"wp","href":"https:\/\/api.w.org\/{rel}","templated":true}]}}