{"id":64309,"date":"2023-10-11T16:05:17","date_gmt":"2023-10-11T19:05:17","guid":{"rendered":"https:\/\/vocesparalelas.com.ar\/sitio\/?p=64309"},"modified":"2023-10-12T02:23:36","modified_gmt":"2023-10-12T05:23:36","slug":"feria-la-tienda-del-chalet-por-el-dia-de-la-madre-en-san-juan","status":"publish","type":"post","link":"https:\/\/vocesparalelas.com.ar\/sitio\/feria-la-tienda-del-chalet-por-el-dia-de-la-madre-en-san-juan\/","title":{"rendered":"Feria \u00abLa Tienda del Chalet\u00bb por el D\u00eda de la Madre en San Juan"},"content":{"rendered":"<p>El 13 y 14 de Octubre, de 17 a 23 hs, se realiza \u201cla Tienda del Chalet\u00bb especial d\u00eda de la madre\u201d en el Chalet Cantoni, Departamento Rivadavia, dependiente del Ministerio de Turismo y Cultura del Gobierno de San Juan. El evento tiene entrada libre y gratuita, es pet friendly y tendr\u00e1 m\u00fasica, un sector para chicos y un importante patio gastron\u00f3mico.<\/p>\n<p>Esta primera edici\u00f3n est\u00e1 dedicada al D\u00eda de la Madre con m\u00e1s de 40 emprendimientos. Y cabe destacar que ya est\u00e1n programadas dos ferias m\u00e1s antes de que culmine el a\u00f1o: el 4 de noviembre y el 9 y 10 de diciembre.<\/p>\n<p>El evento est\u00e1 organizada por emprendedores y dise\u00f1adores que pertenecen a la Tienda que funciona en el Chalet los Jueves y Viernes de 17 a 20 hs y los S\u00e1bados, de 10 a 13 hs y 17 a 20hs.<\/p>\n<p>&nbsp;<\/p>\n","protected":false},"excerpt":{"rendered":"<p>El 13 y 14 de Octubre, de 17 a 23 hs, se realiza \u201cla Tienda del Chalet\u00bb especial d\u00eda de<\/p>\n","protected":false},"author":3,"featured_media":46297,"comment_status":"closed","ping_status":"closed","sticky":false,"template":"","format":"standard","meta":{"_acf_changed":false,"_seopress_robots_primary_cat":"none","_seopress_titles_title":"","_seopress_titles_desc":"","_seopress_robots_index":"","colormag_page_container_layout":"default_layout","colormag_page_sidebar_layout":"default_layout","footnotes":""},"categories":[20],"tags":[],"class_list":["post-64309","post","type-post","status-publish","format-standard","has-post-thumbnail","hentry","category-cartelera"],"acf":[],"_links":{"self":[{"href":"https:\/\/vocesparalelas.com.ar\/sitio\/wp-json\/wp\/v2\/posts\/64309","targetHints":{"allow":["GET"]}}],"collection":[{"href":"https:\/\/vocesparalelas.com.ar\/sitio\/wp-json\/wp\/v2\/posts"}],"about":[{"href":"https:\/\/vocesparalelas.com.ar\/sitio\/wp-json\/wp\/v2\/types\/post"}],"author":[{"embeddable":true,"href":"https:\/\/vocesparalelas.com.ar\/sitio\/wp-json\/wp\/v2\/users\/3"}],"replies":[{"embeddable":true,"href":"https:\/\/vocesparalelas.com.ar\/sitio\/wp-json\/wp\/v2\/comments?post=64309"}],"version-history":[{"count":2,"href":"https:\/\/vocesparalelas.com.ar\/sitio\/wp-json\/wp\/v2\/posts\/64309\/revisions"}],"predecessor-version":[{"id":64371,"href":"https:\/\/vocesparalelas.com.ar\/sitio\/wp-json\/wp\/v2\/posts\/64309\/revisions\/64371"}],"wp:featuredmedia":[{"embeddable":true,"href":"https:\/\/vocesparalelas.com.ar\/sitio\/wp-json\/wp\/v2\/media\/46297"}],"wp:attachment":[{"href":"https:\/\/vocesparalelas.com.ar\/sitio\/wp-json\/wp\/v2\/media?parent=64309"}],"wp:term":[{"taxonomy":"category","embeddable":true,"href":"https:\/\/vocesparalelas.com.ar\/sitio\/wp-json\/wp\/v2\/categories?post=64309"},{"taxonomy":"post_tag","embeddable":true,"href":"https:\/\/vocesparalelas.com.ar\/sitio\/wp-json\/wp\/v2\/tags?post=64309"}],"curies":[{"name":"wp","href":"https:\/\/api.w.org\/{rel}","templated":true}]}}