{"id":64304,"date":"2023-10-10T15:57:02","date_gmt":"2023-10-10T18:57:02","guid":{"rendered":"https:\/\/vocesparalelas.com.ar\/sitio\/?p=64304"},"modified":"2023-10-14T01:02:06","modified_gmt":"2023-10-14T04:02:06","slug":"comprendan-y-sientan-el-orgullo-de-ser-argentinos-y-de-portar-la-bandera-argentina-en-la-unsj","status":"publish","type":"post","link":"https:\/\/vocesparalelas.com.ar\/sitio\/comprendan-y-sientan-el-orgullo-de-ser-argentinos-y-de-portar-la-bandera-argentina-en-la-unsj\/","title":{"rendered":"\u201cComprendan y sientan el orgullo de ser argentinos y de portar la Bandera Argentina en la UNSJ\u201d"},"content":{"rendered":"<p>En el Hall del Edificio Central de la UNSJ un nuevo acto de cambio de cuerpos de banderas de las cinco Facultades y de la Escuela Universitaria de Ciencias de la Salud.<\/p>\n<p>El acto cont\u00f3 con la presencia de las primeras autoridades universitarias, rector Ing. Tadeo Alberto Berenguer y vicerrectora Dra. Anal\u00eda Virginia Ponce, acompa\u00f1ados por el decano de la Facultad de Ingenier\u00eda, Ing. Oscar Mario Fern\u00e1ndez; la vicedecana a cargo del decanato de la Facultad de Ciencias Exactas F\u00edsicas y Naturales, Dra. Natalia Edith N\u00fa\u00f1ez; la decana de la Facultad de Filosof\u00eda, Humanidades y Artes, Mag. Myriam Mabel Arrabal; la vicedecana a cargo de la Facultad de Ciencias Sociales, CPN Mar\u00eda del Carmen Zorrilla; el decano de la Facultad de Arquitectura, Urbanismo y Dise\u00f1o, Arq. Guillermo Velasco; el vicedirector de la Escuela Universitaria de Ciencias de la Salud de la UNSJ Lic. Oscar Quintero y dem\u00e1s autoridades universitarias de Rectorado, Facultades e Institutos Pre-universitarios.<\/p>\n<p>Los estudiantes que integraron los cuerpos de bandera entrantes y salientes de cada unidad acad\u00e9mica, estuvieron acompa\u00f1ados por sus familias, quienes fueron a presenciar como sus hijos e hijas reciben la m\u00e1xima distinci\u00f3n honor\u00edficas que les puede corresponder a un estudiante universitario.<\/p>\n<p>El evento inici\u00f3 con el ingreso de las banderas de ceremonias de todas las Facultades, de la EUCS y de los Institutos Pre-universitarios, correspondientes al per\u00edodo 2022-2023.<\/p>\n<p>Luego de la entonaci\u00f3n del Himno Nacional Argentino, se procedi\u00f3 a la entrega de los s\u00edmbolos patrios a los y las nuevos abanderados de las unidades acad\u00e9micas.<\/p>\n<p>Para ello, se invit\u00f3 al rector, a la vicerrectora y a cada decano, vicedecana a cargo de sus facultades y subdirector de la EUCS, a recibir la ense\u00f1a patria de su actual abanderado para entregarla a los nuevos integrantes del cuerpo de bandera.<\/p>\n<p><strong><span style=\"color: #0000ff;\">Cuerpos de bandera de ceremonias per\u00edodo 2023-2024 de las Unidades Acad\u00e9micas de la UNSJ<\/span><\/strong><\/p>\n<p><span style=\"color: #0000ff;\"><b>Facultad de Ingenier\u00eda<\/b><\/span><\/p>\n<p>Abanderado:\u00a0\u00a0Sebasti\u00e1n, Juan Ignacio<\/p>\n<p>1er. Escolta: Zizzi Cabanay, Juan Rafael<\/p>\n<p>2do. Escolta: Castro, Santiago Nicol\u00e1s<\/p>\n<p>1er. Escolta Suplente: Morales Maldonado, Mar\u00eda Valentina<\/p>\n<p>2do. Escolta Suplente: Flores, Nicol\u00e1s Agust\u00edn<\/p>\n<p>3er. Escolta Suplente: Puebla Valdez, Nicol\u00e1s Alberto<\/p>\n<p>4to. Escolta Suplente: Guerra, Jorge David<\/p>\n<p><span style=\"color: #0000ff;\"><b>Facultad de Ciencias Exactas, F\u00edsicas y Naturales<\/b><\/span><\/p>\n<p>Abanderado: Cogo, Angela Agustina<\/p>\n<p>1er. Escolta: Russo Rojos, Florencia Agostina<\/p>\n<p>2do. Escolta: Vida Varela, Tom\u00e1s Agust\u00edn<\/p>\n<p>1er. Escolta Suplente: Atencio Pedros, Hern\u00e1n Francisco<\/p>\n<p>2do. Escolta Suplente: P\u00e9rez Tellez, Jos\u00e9 Mar\u00eda<\/p>\n<p>3er. Escolta Suplente: Herrero Vida\u00f1a, Luis Mat\u00edas<\/p>\n<p>4to. Escolta Suplente: Villalobos, Melina Victoria<\/p>\n<p><span style=\"color: #0000ff;\"><b>Facultad de Filosof\u00eda, Humanidades y Artes<\/b><\/span><\/p>\n<p>Abanderada: Carmona Paredes, Roc\u00edo Del Valle<\/p>\n<p>1er. Escolta: G\u00f3mez Genovese, Johanna Leslie<\/p>\n<p>2do. Escolta: Carrizo Mondre, Sol Mariela<\/p>\n<p>1er. Escolta Suplente: Bianchi Benavidez, Mar\u00eda Paula<\/p>\n<p>2do. Escolta Suplente: Mu\u00f1oz Ontiveros, Anal\u00eda Ver\u00f3nica<\/p>\n<p>3er. Escolta Suplente: Ruiz Mu\u00f1oz, Gabriela Soledad<\/p>\n<p>4ta. Escolta Suplente: Terranova, Gimena Ana Laura<\/p>\n<p><span style=\"color: #0000ff;\"><b>Facultad de Ciencias Sociales<\/b><\/span><\/p>\n<p>Abanderada: Silva Illanes, Ail\u00e9n Beatriz<\/p>\n<p>1er. Escolta: Cortez Barros, Ariana Marisa<\/p>\n<p>2da. Escolta: Chaparro Garay, Malena Roc\u00edo Abril<\/p>\n<p>1er. Escolta Suplente: Salinas, Macarena Judith<\/p>\n<p>2da. Escolta Suplente: Garc\u00eda Herrera, Guadalupe<\/p>\n<p>3er. Escolta Suplente: Ocampo Hern\u00e1ndez, Camila Ayel\u00e9n<\/p>\n<p>4ta. Escolta Suplente: Ib\u00e1\u00f1ez Ponce, Dar\u00edo Alejandro<\/p>\n<p><span style=\"color: #0000ff;\"><b>Facultad de Arquitectura Urbanismo y Dise\u00f1o<\/b><\/span><\/p>\n<p>Abanderada: Tejada Riolfo, Jimena Del Mar<\/p>\n<p>1er. Escolta: Acosta Martin, Dayana Gisel<\/p>\n<p>2da. Escolta: Dorgan Pedrozo, Martina<\/p>\n<p>1er. Escolta Suplente: Sessa Morales, Carla Antonella<\/p>\n<p>2da. Escolta Suplente: Sosa Trigo, Magali Celeste<\/p>\n<p>3er. Escolta Suplente: Silva Pastor, Agustina Victoria<\/p>\n<p>4ta. Escolta Suplente: Gallerano Roldan, Ana Valentina<\/p>\n<p><span style=\"color: #0000ff;\"><b>Escuela Universitaria de Ciencias de\u00a0la Salud<\/b><\/span><\/p>\n<p>Abanderada: Vedia, Nad\u00edn Tamara<\/p>\n<p>1er. Escolta: Montenegro Martin, Yesica Agustina<\/p>\n<p>2da. Escolta: Nori, Giovana<\/p>\n<p>1er. Escolta Suplente: Mura, Ver\u00f3nica Alejandra<\/p>\n<p>2da. Escolta Suplente: Tello, Rub\u00e9n Jos\u00e9<\/p>\n<p>3er. Escolta Suplente: Recio, Emilio Manuel<\/p>\n<p>4ta. Escolta Suplente: Flores, Fabiana Abigail<\/p>\n<p>Al culminar la renovaci\u00f3n de los cuerpos de bandera el rector se dirigi\u00f3 a las personas presentes resaltando fundamentalmente el significado de la bandera: \u201cNuestra bandera representa a los argentinos en todo el mundo. Es s\u00edmbolo de los habitantes pasados, presentes y futuros de nuestra naci\u00f3n.\u00a0La bandera argentina fue desde un principio signo de la lucha para alcanzar la libertad del pueblo argentino.\u00a0En ella est\u00e1n inscriptas las luchas por la independencia, la libertad y la defensa de nuestra soberan\u00eda.\u00a0Los nombres de todos aquellos h\u00e9roes an\u00f3nimos que murieron por ella\u201d.<\/p>\n<p>Luego hizo referencia a la importancia de obtener esta distinci\u00f3n \u00abel honor de ser abanderado de una instituci\u00f3n educativa representa la m\u00e1s alta distinci\u00f3n a los m\u00e9ritos acad\u00e9micos, pero tambi\u00e9n implica un alto compromiso y responsabilidad que debe reflejarse diariamente en el respeto hacia los principios que regulan nuestro pa\u00eds y que est\u00e1n manifiestos en nuestra Constituci\u00f3n Nacional. Ustedes, j\u00f3venes abanderados y escoltas, portar\u00e1n y escoltar\u00e1n la bandera representando sus respectivas unidades acad\u00e9micas y a la Universidad Nacional de San Juan. A trav\u00e9s de sus banderas representan la ciencia, el conocimiento y la vocaci\u00f3n elegida, pero sobre todo llevar\u00e1n los principios y valores inculcados por sus padres y sus respectivas familias. La solidaridad, el compa\u00f1erismo, la humildad, La generosidad, el respeto por la diversidad, son valores que no s\u00f3lo se aprenden en las aulas, se aprenden en el hogar y se desarrollan y se refuerzan con el apoyo y la gu\u00eda de los docentes, los tutores, los equipos de gesti\u00f3n y de apoyo\u201d.<\/p>\n<p>Por \u00faltimo, el rector los llam\u00f3 a que \u201ccomprendan y sientan el orgullo de ser argentinos y de portar la bandera argentina en la Universidad Nacional de San Juan\u201d.<\/p>\n<p><img loading=\"lazy\" decoding=\"async\" class=\"alignnone size-full wp-image-53945\" src=\"https:\/\/vocesparalelas.com.ar\/sitio\/wp-content\/uploads\/2022\/10\/UNSJ-LOGO-50-FINAL.jpg\" alt=\"\" width=\"800\" height=\"476\" srcset=\"https:\/\/vocesparalelas.com.ar\/sitio\/wp-content\/uploads\/2022\/10\/UNSJ-LOGO-50-FINAL.jpg 800w, https:\/\/vocesparalelas.com.ar\/sitio\/wp-content\/uploads\/2022\/10\/UNSJ-LOGO-50-FINAL-300x179.jpg 300w, https:\/\/vocesparalelas.com.ar\/sitio\/wp-content\/uploads\/2022\/10\/UNSJ-LOGO-50-FINAL-768x457.jpg 768w\" sizes=\"auto, (max-width: 800px) 100vw, 800px\" \/> <img loading=\"lazy\" decoding=\"async\" class=\"alignnone size-full wp-image-54035\" src=\"https:\/\/vocesparalelas.com.ar\/sitio\/wp-content\/uploads\/2022\/11\/UNSJ-LOGO-10.jpg\" alt=\"\" width=\"800\" height=\"533\" srcset=\"https:\/\/vocesparalelas.com.ar\/sitio\/wp-content\/uploads\/2022\/11\/UNSJ-LOGO-10.jpg 800w, https:\/\/vocesparalelas.com.ar\/sitio\/wp-content\/uploads\/2022\/11\/UNSJ-LOGO-10-300x200.jpg 300w, https:\/\/vocesparalelas.com.ar\/sitio\/wp-content\/uploads\/2022\/11\/UNSJ-LOGO-10-768x512.jpg 768w\" sizes=\"auto, (max-width: 800px) 100vw, 800px\" \/><\/p>\n","protected":false},"excerpt":{"rendered":"<p>En el Hall del Edificio Central de la UNSJ un nuevo acto de cambio de cuerpos de banderas de las<\/p>\n","protected":false},"author":3,"featured_media":64307,"comment_status":"closed","ping_status":"closed","sticky":false,"template":"","format":"standard","meta":{"_acf_changed":false,"_seopress_robots_primary_cat":"none","_seopress_titles_title":"","_seopress_titles_desc":"","_seopress_robots_index":"","colormag_page_container_layout":"default_layout","colormag_page_sidebar_layout":"default_layout","footnotes":""},"categories":[10],"tags":[],"class_list":["post-64304","post","type-post","status-publish","format-standard","has-post-thumbnail","hentry","category-opiniones"],"acf":[],"_links":{"self":[{"href":"https:\/\/vocesparalelas.com.ar\/sitio\/wp-json\/wp\/v2\/posts\/64304","targetHints":{"allow":["GET"]}}],"collection":[{"href":"https:\/\/vocesparalelas.com.ar\/sitio\/wp-json\/wp\/v2\/posts"}],"about":[{"href":"https:\/\/vocesparalelas.com.ar\/sitio\/wp-json\/wp\/v2\/types\/post"}],"author":[{"embeddable":true,"href":"https:\/\/vocesparalelas.com.ar\/sitio\/wp-json\/wp\/v2\/users\/3"}],"replies":[{"embeddable":true,"href":"https:\/\/vocesparalelas.com.ar\/sitio\/wp-json\/wp\/v2\/comments?post=64304"}],"version-history":[{"count":1,"href":"https:\/\/vocesparalelas.com.ar\/sitio\/wp-json\/wp\/v2\/posts\/64304\/revisions"}],"predecessor-version":[{"id":64308,"href":"https:\/\/vocesparalelas.com.ar\/sitio\/wp-json\/wp\/v2\/posts\/64304\/revisions\/64308"}],"wp:featuredmedia":[{"embeddable":true,"href":"https:\/\/vocesparalelas.com.ar\/sitio\/wp-json\/wp\/v2\/media\/64307"}],"wp:attachment":[{"href":"https:\/\/vocesparalelas.com.ar\/sitio\/wp-json\/wp\/v2\/media?parent=64304"}],"wp:term":[{"taxonomy":"category","embeddable":true,"href":"https:\/\/vocesparalelas.com.ar\/sitio\/wp-json\/wp\/v2\/categories?post=64304"},{"taxonomy":"post_tag","embeddable":true,"href":"https:\/\/vocesparalelas.com.ar\/sitio\/wp-json\/wp\/v2\/tags?post=64304"}],"curies":[{"name":"wp","href":"https:\/\/api.w.org\/{rel}","templated":true}]}}