{"id":64290,"date":"2023-10-10T15:24:08","date_gmt":"2023-10-10T18:24:08","guid":{"rendered":"https:\/\/vocesparalelas.com.ar\/sitio\/?p=64290"},"modified":"2023-10-10T16:24:04","modified_gmt":"2023-10-10T19:24:04","slug":"charla-melodias-en-el-siglo-xxi-en-el-1-festival-internacional-de-musica-de-camara-2023","status":"publish","type":"post","link":"https:\/\/vocesparalelas.com.ar\/sitio\/charla-melodias-en-el-siglo-xxi-en-el-1-festival-internacional-de-musica-de-camara-2023\/","title":{"rendered":"Charla \u00abMelod\u00edas en el Siglo XXI\u00bb en el 1\u00b0 Festival Internacional de M\u00fasica de C\u00e1mara 2023"},"content":{"rendered":"<p>El Martes, 10 de Octubre, a las 18 hs.; en el Aula 9 del Primer piso del Auditorio Ing. Juan Victoria, el Prof. Marcelo Gonz\u00e1lez brinda la chala \u00abMelod\u00edas en el Siglo XXI\u00bb, previa al concierto de c\u00e1mara Sincronismo, un concierto de clarinete en el marco del 1\u00b0 Festival Internacional de M\u00fasica de C\u00e1mara 2023 y\u00a0a 50 a\u00f1os de la Universidad Nacional de San Juan.<\/p>\n<p>Por ello, Voces Paralelas desarroll\u00f3 una entrevista period\u00edstica al especialista en clarinete,\u00a0 Prof. Marcelo Gonz\u00e1lez, quien destac\u00f3 el gusto de aprender, ejecutar y transmitir las fortalezas del clarinete en el mundo de la m\u00fasica.<\/p>\n<p><iframe loading=\"lazy\" title=\"FFHA UNSJ PROF MARCELO GONZ\u00c1LEZ\" width=\"800\" height=\"450\" src=\"https:\/\/www.youtube.com\/embed\/G2IacENylQ4?feature=oembed\" frameborder=\"0\" allow=\"accelerometer; autoplay; clipboard-write; encrypted-media; gyroscope; picture-in-picture; web-share\" allowfullscreen><\/iframe><\/p>\n<p>&nbsp;<\/p>\n<p>&nbsp;<\/p>\n<figure id=\"attachment_64293\" aria-describedby=\"caption-attachment-64293\" style=\"width: 498px\" class=\"wp-caption aligncenter\"><img loading=\"lazy\" decoding=\"async\" class=\"size-full wp-image-64293\" src=\"https:\/\/vocesparalelas.com.ar\/sitio\/wp-content\/uploads\/2023\/10\/FFHA-PROF-MARCELO-GONZALEZ-01.jpg\" alt=\"\" width=\"498\" height=\"498\" srcset=\"https:\/\/vocesparalelas.com.ar\/sitio\/wp-content\/uploads\/2023\/10\/FFHA-PROF-MARCELO-GONZALEZ-01.jpg 498w, https:\/\/vocesparalelas.com.ar\/sitio\/wp-content\/uploads\/2023\/10\/FFHA-PROF-MARCELO-GONZALEZ-01-300x300.jpg 300w, https:\/\/vocesparalelas.com.ar\/sitio\/wp-content\/uploads\/2023\/10\/FFHA-PROF-MARCELO-GONZALEZ-01-150x150.jpg 150w\" sizes=\"auto, (max-width: 498px) 100vw, 498px\" \/><figcaption id=\"caption-attachment-64293\" class=\"wp-caption-text\">Especialista en clarinete,\u00a0 Prof. Marcelo Gonz\u00e1lez<\/figcaption><\/figure>\n<p>&nbsp;<\/p>\n<p><iframe loading=\"lazy\" title=\"FFHA UNSJ CLARINETE PROF MARCELO GONZ\u00c1LEZ\" width=\"800\" height=\"450\" src=\"https:\/\/www.youtube.com\/embed\/Zdnl3DLxaZU?feature=oembed\" frameborder=\"0\" allow=\"accelerometer; autoplay; clipboard-write; encrypted-media; gyroscope; picture-in-picture; web-share\" allowfullscreen><\/iframe><\/p>\n<p>&nbsp;<\/p>\n<blockquote class=\"wp-embedded-content\" data-secret=\"b60yKxW8O5\"><p><a href=\"https:\/\/vocesparalelas.com.ar\/sitio\/sincronismo-concierto-de-clarinete-con-marcelo-gonzalez-en-el-auditorio-ing-juan-victoria-de-san-juan\/\">\u00abSincronismo\u00bb concierto de clarinete con Marcelo Gonz\u00e1lez en el Auditorio Ing. Juan Victoria de San Juan<\/a><\/p><\/blockquote>\n<p><iframe loading=\"lazy\" class=\"wp-embedded-content\" sandbox=\"allow-scripts\" security=\"restricted\" style=\"position: absolute; clip: rect(1px, 1px, 1px, 1px);\" title=\"\u00ab\u00abSincronismo\u00bb concierto de clarinete con Marcelo Gonz\u00e1lez en el Auditorio Ing. Juan Victoria de San Juan\u00bb \u2014 Voces Paralelas\" src=\"https:\/\/vocesparalelas.com.ar\/sitio\/sincronismo-concierto-de-clarinete-con-marcelo-gonzalez-en-el-auditorio-ing-juan-victoria-de-san-juan\/embed\/#?secret=esMO0ox7p2#?secret=b60yKxW8O5\" data-secret=\"b60yKxW8O5\" width=\"600\" height=\"338\" frameborder=\"0\" marginwidth=\"0\" marginheight=\"0\" scrolling=\"no\"><\/iframe><\/p>\n<p><img loading=\"lazy\" decoding=\"async\" class=\"alignnone size-full wp-image-61468\" src=\"https:\/\/vocesparalelas.com.ar\/sitio\/wp-content\/uploads\/2023\/07\/AUDITORIO-EDIFICIO.jpg\" alt=\"\" width=\"800\" height=\"533\" srcset=\"https:\/\/vocesparalelas.com.ar\/sitio\/wp-content\/uploads\/2023\/07\/AUDITORIO-EDIFICIO.jpg 800w, https:\/\/vocesparalelas.com.ar\/sitio\/wp-content\/uploads\/2023\/07\/AUDITORIO-EDIFICIO-300x200.jpg 300w, https:\/\/vocesparalelas.com.ar\/sitio\/wp-content\/uploads\/2023\/07\/AUDITORIO-EDIFICIO-768x512.jpg 768w\" sizes=\"auto, (max-width: 800px) 100vw, 800px\" \/><\/p>\n<p>&nbsp;<\/p>\n<p><img loading=\"lazy\" decoding=\"async\" class=\"alignnone size-full wp-image-53945\" src=\"https:\/\/vocesparalelas.com.ar\/sitio\/wp-content\/uploads\/2022\/10\/UNSJ-LOGO-50-FINAL.jpg\" alt=\"\" width=\"800\" height=\"476\" srcset=\"https:\/\/vocesparalelas.com.ar\/sitio\/wp-content\/uploads\/2022\/10\/UNSJ-LOGO-50-FINAL.jpg 800w, https:\/\/vocesparalelas.com.ar\/sitio\/wp-content\/uploads\/2022\/10\/UNSJ-LOGO-50-FINAL-300x179.jpg 300w, https:\/\/vocesparalelas.com.ar\/sitio\/wp-content\/uploads\/2022\/10\/UNSJ-LOGO-50-FINAL-768x457.jpg 768w\" sizes=\"auto, (max-width: 800px) 100vw, 800px\" \/> <img loading=\"lazy\" decoding=\"async\" class=\"alignnone size-full wp-image-54035\" src=\"https:\/\/vocesparalelas.com.ar\/sitio\/wp-content\/uploads\/2022\/11\/UNSJ-LOGO-10.jpg\" alt=\"\" width=\"800\" height=\"533\" srcset=\"https:\/\/vocesparalelas.com.ar\/sitio\/wp-content\/uploads\/2022\/11\/UNSJ-LOGO-10.jpg 800w, https:\/\/vocesparalelas.com.ar\/sitio\/wp-content\/uploads\/2022\/11\/UNSJ-LOGO-10-300x200.jpg 300w, https:\/\/vocesparalelas.com.ar\/sitio\/wp-content\/uploads\/2022\/11\/UNSJ-LOGO-10-768x512.jpg 768w\" sizes=\"auto, (max-width: 800px) 100vw, 800px\" \/><\/p>\n<p>&nbsp;<\/p>\n","protected":false},"excerpt":{"rendered":"<p>El Martes, 10 de Octubre, a las 18 hs.; en el Aula 9 del Primer piso del Auditorio Ing. Juan<\/p>\n","protected":false},"author":3,"featured_media":64294,"comment_status":"closed","ping_status":"closed","sticky":false,"template":"","format":"standard","meta":{"_acf_changed":false,"_seopress_robots_primary_cat":"none","_seopress_titles_title":"","_seopress_titles_desc":"","_seopress_robots_index":"","colormag_page_container_layout":"default_layout","colormag_page_sidebar_layout":"default_layout","footnotes":""},"categories":[1,7],"tags":[],"class_list":["post-64290","post","type-post","status-publish","format-standard","has-post-thumbnail","hentry","category-destacadas","category-videos"],"acf":[],"_links":{"self":[{"href":"https:\/\/vocesparalelas.com.ar\/sitio\/wp-json\/wp\/v2\/posts\/64290","targetHints":{"allow":["GET"]}}],"collection":[{"href":"https:\/\/vocesparalelas.com.ar\/sitio\/wp-json\/wp\/v2\/posts"}],"about":[{"href":"https:\/\/vocesparalelas.com.ar\/sitio\/wp-json\/wp\/v2\/types\/post"}],"author":[{"embeddable":true,"href":"https:\/\/vocesparalelas.com.ar\/sitio\/wp-json\/wp\/v2\/users\/3"}],"replies":[{"embeddable":true,"href":"https:\/\/vocesparalelas.com.ar\/sitio\/wp-json\/wp\/v2\/comments?post=64290"}],"version-history":[{"count":2,"href":"https:\/\/vocesparalelas.com.ar\/sitio\/wp-json\/wp\/v2\/posts\/64290\/revisions"}],"predecessor-version":[{"id":64320,"href":"https:\/\/vocesparalelas.com.ar\/sitio\/wp-json\/wp\/v2\/posts\/64290\/revisions\/64320"}],"wp:featuredmedia":[{"embeddable":true,"href":"https:\/\/vocesparalelas.com.ar\/sitio\/wp-json\/wp\/v2\/media\/64294"}],"wp:attachment":[{"href":"https:\/\/vocesparalelas.com.ar\/sitio\/wp-json\/wp\/v2\/media?parent=64290"}],"wp:term":[{"taxonomy":"category","embeddable":true,"href":"https:\/\/vocesparalelas.com.ar\/sitio\/wp-json\/wp\/v2\/categories?post=64290"},{"taxonomy":"post_tag","embeddable":true,"href":"https:\/\/vocesparalelas.com.ar\/sitio\/wp-json\/wp\/v2\/tags?post=64290"}],"curies":[{"name":"wp","href":"https:\/\/api.w.org\/{rel}","templated":true}]}}