{"id":64282,"date":"2023-10-10T10:34:28","date_gmt":"2023-10-10T13:34:28","guid":{"rendered":"https:\/\/vocesparalelas.com.ar\/sitio\/?p=64282"},"modified":"2023-10-10T10:36:15","modified_gmt":"2023-10-10T13:36:15","slug":"se-entregaron-los-certificados-de-la-diplomatura-en-gestion-ambiental-2023-de-la-fi-de-la-unsj","status":"publish","type":"post","link":"https:\/\/vocesparalelas.com.ar\/sitio\/se-entregaron-los-certificados-de-la-diplomatura-en-gestion-ambiental-2023-de-la-fi-de-la-unsj\/","title":{"rendered":"Se entregaron los certificados de la Diplomatura en Gesti\u00f3n Ambiental 2023 de la FI de la UNSJ"},"content":{"rendered":"<p>La Facultad de Ingenier\u00eda de la Universidad Nacional de San Juan desarroll\u00f3 y entreg\u00f3 los certificados a los alumnos participantes de la Diplomatura en Gesti\u00f3n Ambiental 2023, en la sala de Posgrado.<\/p>\n<p>La diplomatura estuvo orientada a capacitar al profesional para abordar las complejidades que implica la gesti\u00f3n ambiental para conocer los da\u00f1os causados por las pr\u00e1cticas humanas sobre la salud, sociedad y el ambiente, y en gran medida mejorar las bases para la toma de decisiones tendientes a alcanzar los objetivos del desarrollo sustentable.<\/p>\n<p>Constituir esta oferta de posgrado permiti\u00f3 integrar la extensa experiencia de la FI de la UNSJ como la Universidad Nacional de San Juan, el Departamento de Ingenier\u00eda Qu\u00edmica y el Departamento de Estudios de Posgrado siendo un gran fortalecimiento de capacitar profesionales con herramientas de valor para proyectar la Gesti\u00f3n Ambiental en diferentes lugares de la provincia de San Juan y de la Rep\u00fablica Argentina.<\/p>\n<p>Por ello, Voces Paralelas, desarroll\u00f3 una entrevista Period\u00edstica al Decano de la FI de la UNSJ, Ing. Mario Fern\u00e1ndez, quien describi\u00f3 lo que significa el desaf\u00edo de fortalecer los lazos con la sociedad para capacitar sobre el tema tan preocupante.<\/p>\n<p><iframe loading=\"lazy\" title=\"FI UNSJ DECANO ING MARIO FERN\u00c1NDEZ\" width=\"800\" height=\"450\" src=\"https:\/\/www.youtube.com\/embed\/akOJHo1Wx7A?feature=oembed\" frameborder=\"0\" allow=\"accelerometer; autoplay; clipboard-write; encrypted-media; gyroscope; picture-in-picture; web-share\" allowfullscreen><\/iframe><\/p>\n<p>&nbsp;<\/p>\n<p>Durante el acto la Responsable de la Diplomatura de Gesti\u00f3n Ambiental de la FI de la UNSJ, Dra. Ing. Rosa Rodr\u00edguez, quien resalt\u00f3 la posibilidad que brinda a los estudiantes m\u00e1s conocimiento sobre el ambiente que se debe cuidar.<\/p>\n<p><iframe loading=\"lazy\" title=\"FI UNSJ DRA\" width=\"800\" height=\"450\" src=\"https:\/\/www.youtube.com\/embed\/sdtdDHcMIc0?feature=oembed\" frameborder=\"0\" allow=\"accelerometer; autoplay; clipboard-write; encrypted-media; gyroscope; picture-in-picture; web-share\" allowfullscreen><\/iframe><\/p>\n<p>&nbsp;<\/p>\n<p><span style=\"color: #0000ff;\"><strong>Profesores responsables del Programa de la Diplomatura<\/strong><\/span><\/p>\n<ul>\n<li>Dra. Ing. Rosa Rodriguez<\/li>\n<li>Mag. Ing. Mar\u00eda Luc\u00eda Mart\u00edn<\/li>\n<li>Dra Mar\u00eda Paula Fabani<\/li>\n<\/ul>\n<p><span style=\"color: #0000ff;\"><strong>Alumnos<\/strong><\/span><\/p>\n<ul>\n<li>Mar\u00eda Celeste Ahumada<\/li>\n<li>\u00a0Romina Beatriz C\u00e1ceres Pic\u00f3n<\/li>\n<li>Flavia Ver\u00f3nica Carrizo Moreira<\/li>\n<li>Daniela Noel Garay<\/li>\n<li>Marcelo Daniel Gonz\u00e1les<\/li>\n<li>Noemi Esther Marinatto<\/li>\n<li>Jorge Yenko Mena Mu\u00f1oz<\/li>\n<li>Mar\u00eda Victoria Molinelli<\/li>\n<li>Mar\u00eda Julia Napoli<\/li>\n<li>Danisa Iris P\u00e1ez Oruste<\/li>\n<li>Luis Cesar Roque<\/li>\n<li>Francisco Antonio S\u00e1nchez M\u00e1rquez<\/li>\n<li>Fernando Javier Vel\u00e1zquez<\/li>\n<li>\u00a0Ana Lorena Zavatarelli Francile<\/li>\n<\/ul>\n<p><img loading=\"lazy\" decoding=\"async\" class=\"alignnone size-full wp-image-60280\" src=\"https:\/\/vocesparalelas.com.ar\/sitio\/wp-content\/uploads\/2023\/06\/FI-UNSJ-FRENTE.jpg\" alt=\"\" width=\"800\" height=\"600\" srcset=\"https:\/\/vocesparalelas.com.ar\/sitio\/wp-content\/uploads\/2023\/06\/FI-UNSJ-FRENTE.jpg 800w, https:\/\/vocesparalelas.com.ar\/sitio\/wp-content\/uploads\/2023\/06\/FI-UNSJ-FRENTE-300x225.jpg 300w, https:\/\/vocesparalelas.com.ar\/sitio\/wp-content\/uploads\/2023\/06\/FI-UNSJ-FRENTE-768x576.jpg 768w\" sizes=\"auto, (max-width: 800px) 100vw, 800px\" \/><\/p>\n","protected":false},"excerpt":{"rendered":"<p>La Facultad de Ingenier\u00eda de la Universidad Nacional de San Juan desarroll\u00f3 y entreg\u00f3 los certificados a los alumnos participantes<\/p>\n","protected":false},"author":3,"featured_media":64286,"comment_status":"closed","ping_status":"closed","sticky":false,"template":"","format":"standard","meta":{"_acf_changed":false,"_seopress_robots_primary_cat":"none","_seopress_titles_title":"","_seopress_titles_desc":"","_seopress_robots_index":"","colormag_page_container_layout":"default_layout","colormag_page_sidebar_layout":"default_layout","footnotes":""},"categories":[1,7],"tags":[],"class_list":["post-64282","post","type-post","status-publish","format-standard","has-post-thumbnail","hentry","category-destacadas","category-videos"],"acf":[],"_links":{"self":[{"href":"https:\/\/vocesparalelas.com.ar\/sitio\/wp-json\/wp\/v2\/posts\/64282","targetHints":{"allow":["GET"]}}],"collection":[{"href":"https:\/\/vocesparalelas.com.ar\/sitio\/wp-json\/wp\/v2\/posts"}],"about":[{"href":"https:\/\/vocesparalelas.com.ar\/sitio\/wp-json\/wp\/v2\/types\/post"}],"author":[{"embeddable":true,"href":"https:\/\/vocesparalelas.com.ar\/sitio\/wp-json\/wp\/v2\/users\/3"}],"replies":[{"embeddable":true,"href":"https:\/\/vocesparalelas.com.ar\/sitio\/wp-json\/wp\/v2\/comments?post=64282"}],"version-history":[{"count":3,"href":"https:\/\/vocesparalelas.com.ar\/sitio\/wp-json\/wp\/v2\/posts\/64282\/revisions"}],"predecessor-version":[{"id":64289,"href":"https:\/\/vocesparalelas.com.ar\/sitio\/wp-json\/wp\/v2\/posts\/64282\/revisions\/64289"}],"wp:featuredmedia":[{"embeddable":true,"href":"https:\/\/vocesparalelas.com.ar\/sitio\/wp-json\/wp\/v2\/media\/64286"}],"wp:attachment":[{"href":"https:\/\/vocesparalelas.com.ar\/sitio\/wp-json\/wp\/v2\/media?parent=64282"}],"wp:term":[{"taxonomy":"category","embeddable":true,"href":"https:\/\/vocesparalelas.com.ar\/sitio\/wp-json\/wp\/v2\/categories?post=64282"},{"taxonomy":"post_tag","embeddable":true,"href":"https:\/\/vocesparalelas.com.ar\/sitio\/wp-json\/wp\/v2\/tags?post=64282"}],"curies":[{"name":"wp","href":"https:\/\/api.w.org\/{rel}","templated":true}]}}