{"id":64277,"date":"2023-10-09T20:47:57","date_gmt":"2023-10-09T23:47:57","guid":{"rendered":"https:\/\/vocesparalelas.com.ar\/sitio\/?p=64277"},"modified":"2023-10-11T14:06:42","modified_gmt":"2023-10-11T17:06:42","slug":"8-encuentro-nacional-de-musica-y-educacion-del-momusi-en-san-juan","status":"publish","type":"post","link":"https:\/\/vocesparalelas.com.ar\/sitio\/8-encuentro-nacional-de-musica-y-educacion-del-momusi-en-san-juan\/","title":{"rendered":"8\u00b0 Encuentro Nacional de M\u00fasica y Educaci\u00f3n del MOMUSI en San Juan"},"content":{"rendered":"<p>El 19 y el 20 de Octubre de 2023, se desarrolla en San Juan, 8\u00b0 Encuentro Nacional de M\u00fasica y Educaci\u00f3n del MOMUSI y 1\u00ba Jornadas Provinciales de Educaci\u00f3n Art\u00edstica \u201cEscenario y escenas de la educaci\u00f3n art\u00edstica del presente\u201d.<\/p>\n<p><span style=\"color: #339966;\"><strong>Organiza <\/strong><\/span><\/p>\n<ul>\n<li>Departamento de M\u00fasica de la FFHA UNSJ<\/li>\n<li>Jefatura DPD del ISFD de la Escuela Normal Superior \u00abGral. San Mart\u00edn\u00bb<\/li>\n<li>Ministerio de Educaci\u00f3n<\/li>\n<li>MOMUSI Sede San Juan Regi\u00f3n Cuyo<\/li>\n<\/ul>\n<p><span style=\"color: #339966;\"><strong>Actividades<\/strong><\/span><\/p>\n<ul>\n<li>Talleres de artes visuales, danza, expresi\u00f3n corporal, literatura y m\u00fasica, Propuesta interdisciplinaria, Charla, Panel, Mesa editorial, Intervenciones art\u00edsticas, Concierto.<\/li>\n<\/ul>\n<p>Acredita 30 hs. reloj con evaluaci\u00f3n final.<\/p>\n<p>Disposici\u00f3n N\u00b0 40- _DES_- 2023<\/p>\n<p>Resoluci\u00f3n FFHA y avales en tr\u00e1mite.<\/p>\n<p><span style=\"color: #339966;\"><strong>Destinatarios<\/strong><\/span><\/p>\n<ul>\n<li>docentes de todos los niveles y modalidades,<\/li>\n<li>estudiantes avanzados y<\/li>\n<li>p\u00fablico en general<\/li>\n<\/ul>\n<p><strong><span style=\"color: #339966;\">Arancel<\/span><\/strong><\/p>\n<p>Sin cargo para socios del MOMUSI y estudiantes avanzados del ISFD Escuela Normal Superior \u00abGral. San Mart\u00edn\u00bb y del Departamento de M\u00fasica FFHA<\/p>\n<p>Arancel de $3000 para docentes y p\u00fablico en general mediante transferencia bancaria, debe adjuntar el comprobante en el presente formulario para garantizar su lugar, el pago habilita la asociaci\u00f3n al Movimiento de M\u00fasica para Ni\u00f1os y Ni\u00f1as (MOMUSI) para quien lo abone.\u00a0Se apela a la contribuci\u00f3n dado que es una actividad que se autofinancia.<\/p>\n<p><strong><span style=\"color: #339966;\">Pago de arancel por transferencia bancaria a la cuenta<\/span><\/strong><\/p>\n<p>Banco de la Provincia de Buenos Aires<br \/>\nTitular: ASOCIACI\u00d3N MOMUSI MOVIMIENTO DE M\u00daSICA PARA NI\u00d1OS<br \/>\nN\u00famero de Cuenta: 4011-50553\/4<br \/>\nCUIL\/CUIT: 30-70799038-0<br \/>\nCBU: 0140011301401105055341<br \/>\nCBU Alias: MOMUSI.PROVINCIA<\/p>\n<p><span style=\"color: #339966;\"><strong>Formulario de Inscripci\u00f3n<\/strong><\/span><\/p>\n<ul>\n<li>Docentes y p\u00fablico en gral: <a href=\"https:\/\/forms.gle\/4YB3WuozcYRv49RV9\">https:\/\/forms.gle\/4YB3WuozcYRv49RV9<\/a><\/li>\n<li>Estudiantes con cupo y adjuntando certificado de alumno regular <a href=\"https:\/\/forms.gle\/paaUKpPhYxVsrmuv6\">https:\/\/forms.gle\/paaUKpPhYxVsrmuv6<\/a><\/li>\n<\/ul>\n<p><span style=\"color: #339966;\"><strong>Informes<\/strong><\/span><\/p>\n<p><a href=\"mailto:jornadaeducacionartisticasj@gmail.com\">jornadaeducacionartisticasj@gmail.com<\/a><\/p>\n<p><strong><span style=\"color: #339966;\">Avala<\/span><\/strong><\/p>\n<ul>\n<li>Asociaci\u00f3n Amigos de la M\u00fasica<\/li>\n<li>Asociaci\u00f3n M\u00fasicas San Juan<\/li>\n<\/ul>\n<p><strong><span style=\"color: #339966;\">Programa<\/span><\/strong><\/p>\n<p><strong><span style=\"color: #339966;\">Jueves 19 de Octubre <\/span><\/strong><\/p>\n<ul>\n<li>8 hs. a 13 hs. Acreditaci\u00f3n e Intervenciones art\u00edsticas, charla a cargo de Eduardo Pe\u00f1afort, Panel arte y educaci\u00f3n: \u00abEscenario y escenas de la educaci\u00f3n art\u00edstica del presente: aportes desde diversas miradas y perspectivas\u201d, Talleres simult\u00e1neos<\/li>\n<li>Almuerzo<\/li>\n<li>15,30 a 20,30 hs. Talleres simult\u00e1neos, Ronda de mate y presentaci\u00f3n art\u00edstica de cierre.<\/li>\n<\/ul>\n<p><strong><span style=\"color: #339966;\">Viernes 20 de Octubre<\/span><\/strong><\/p>\n<ul>\n<li>8 hs. a 13 hs. Talleres , Mesa editorial y recursos did\u00e1cticos, intervenciones art\u00edsticas.<\/li>\n<li>Almuerzo<\/li>\n<li>15,30 hs. a 20,30 hs. Talleres simult\u00e1neos *<\/li>\n<li>21,30 hs. Concierto sinf\u00f3nico a cargo del Centro de Creaci\u00f3n Art\u00edstica Orquestal de la FFHA &#8211; UNSJ que se\u00a0 realiza en el Auditorio \u201cJuan Victoria\u201d<\/li>\n<\/ul>\n<p><strong><span style=\"color: #339966;\">Aclaraci\u00f3n<\/span><\/strong><\/p>\n<p>En la instancia de Talleres simult\u00e1neos se ofrecen 2 o 3 propuestas en paralelo relacionadas a la literatura, la expresi\u00f3n corporal, la m\u00fasica, la danza, las artes visuales y las experiencias interdisciplinarias.<\/p>\n<p><strong><span style=\"color: #339966;\">Sedes<\/span><\/strong><\/p>\n<ul>\n<li>Auditorio \u201cEloy Camus\u201d &#8211; Centro C\u00edvico. Av. Espa\u00f1a 230 -Sur- Capital, San Juan.<\/li>\n<li>Escuela Normal Superior \u00abGral. San Mart\u00edn\u00bb. Aula Magna y SUM. Estados Unidos 602 -Sur- Capital, San Juan.<\/li>\n<li>Auditorio \u201cJuan Victoria\u201d &#8211; Subsuelo. 25 de Mayo 1215 -Oeste- Capital, San Juan.<\/li>\n<li>Rectorado UNSJ &#8211; Hall Central. Mitre y Jujuy Capital, San Juan.<\/li>\n<li>FFHA UNSJ Departamento de M\u00fasica. Felix Aguilar 387 -Norte- Capital, San Juan.<\/li>\n<\/ul>\n<p><span style=\"color: #339966;\"><strong>Comisi\u00f3n organizadora<\/strong><\/span><\/p>\n<ul>\n<li>Prof. Jorge Pastran &#8211; Especialidad Artes Visuales<\/li>\n<li>Mg. Stella Mas &#8211; Especialidad Educaci\u00f3n Musical \/ MOMUSI, Sede San Juan Regi\u00f3n Cuyo<\/li>\n<li>Prof. Victoria Cortez &#8211; Especialidad Expresi\u00f3n Corporal<\/li>\n<li>Prof. Vanesa Diaz &#8211; Especialidad Literatura<\/li>\n<li>Prof. Ana Alicia Cabrera &#8211; Investigaci\u00f3n Educativa<\/li>\n<li>Mar\u00eda Jos\u00e9 Ortiz &#8211; MOMUSI (Sede San Juan Regi\u00f3n Cuyo<\/li>\n<\/ul>\n<p>&nbsp;<\/p>\n","protected":false},"excerpt":{"rendered":"<p>El 19 y el 20 de Octubre de 2023, se desarrolla en San Juan, 8\u00b0 Encuentro Nacional de M\u00fasica y<\/p>\n","protected":false},"author":3,"featured_media":64280,"comment_status":"closed","ping_status":"closed","sticky":false,"template":"","format":"standard","meta":{"_acf_changed":false,"_seopress_robots_primary_cat":"none","_seopress_titles_title":"","_seopress_titles_desc":"","_seopress_robots_index":"","colormag_page_container_layout":"default_layout","colormag_page_sidebar_layout":"default_layout","footnotes":""},"categories":[2],"tags":[],"class_list":["post-64277","post","type-post","status-publish","format-standard","has-post-thumbnail","hentry","category-convocatorias"],"acf":[],"_links":{"self":[{"href":"https:\/\/vocesparalelas.com.ar\/sitio\/wp-json\/wp\/v2\/posts\/64277","targetHints":{"allow":["GET"]}}],"collection":[{"href":"https:\/\/vocesparalelas.com.ar\/sitio\/wp-json\/wp\/v2\/posts"}],"about":[{"href":"https:\/\/vocesparalelas.com.ar\/sitio\/wp-json\/wp\/v2\/types\/post"}],"author":[{"embeddable":true,"href":"https:\/\/vocesparalelas.com.ar\/sitio\/wp-json\/wp\/v2\/users\/3"}],"replies":[{"embeddable":true,"href":"https:\/\/vocesparalelas.com.ar\/sitio\/wp-json\/wp\/v2\/comments?post=64277"}],"version-history":[{"count":1,"href":"https:\/\/vocesparalelas.com.ar\/sitio\/wp-json\/wp\/v2\/posts\/64277\/revisions"}],"predecessor-version":[{"id":64281,"href":"https:\/\/vocesparalelas.com.ar\/sitio\/wp-json\/wp\/v2\/posts\/64277\/revisions\/64281"}],"wp:featuredmedia":[{"embeddable":true,"href":"https:\/\/vocesparalelas.com.ar\/sitio\/wp-json\/wp\/v2\/media\/64280"}],"wp:attachment":[{"href":"https:\/\/vocesparalelas.com.ar\/sitio\/wp-json\/wp\/v2\/media?parent=64277"}],"wp:term":[{"taxonomy":"category","embeddable":true,"href":"https:\/\/vocesparalelas.com.ar\/sitio\/wp-json\/wp\/v2\/categories?post=64277"},{"taxonomy":"post_tag","embeddable":true,"href":"https:\/\/vocesparalelas.com.ar\/sitio\/wp-json\/wp\/v2\/tags?post=64277"}],"curies":[{"name":"wp","href":"https:\/\/api.w.org\/{rel}","templated":true}]}}