{"id":64274,"date":"2023-10-10T15:26:09","date_gmt":"2023-10-10T18:26:09","guid":{"rendered":"https:\/\/vocesparalelas.com.ar\/sitio\/?p=64274"},"modified":"2023-10-10T17:23:41","modified_gmt":"2023-10-10T20:23:41","slug":"compre-sin-iva-con-billetera-san-juan","status":"publish","type":"post","link":"https:\/\/vocesparalelas.com.ar\/sitio\/compre-sin-iva-con-billetera-san-juan\/","title":{"rendered":"Compre sin IVA con Billetera San Juan"},"content":{"rendered":"<p>El Compre sin IVA es un r\u00e9gimen de reintegros por compras realizadas en comercios con tarjeta de d\u00e9bito impulsado por el Gobierno Nacional que ahora se suma a Billetera San Juan.<\/p>\n<p>De esta manera, los beneficiarios de Compre Sin IVA que realicen compras con tarjeta de d\u00e9bito mediante la aplicaci\u00f3n Billetera San Juan en locales adheridos a ambos programas obtendr\u00e1n dos tipos de reintegros. Por un lado, el 30 % de Billetera San Juan (que se acredita en la billetera virtual, con un tope de $4.000 pesos mensuales por usuario) y por el otro el 21 % de Compre Sin IVA (que se acredita en el CBU asociado a la tarjeta de d\u00e9bito, con un tope de $18.800 pesos por mes por beneficiario).<\/p>\n<p><span style=\"color: #339966;\"><strong>\u00bfC\u00f3mo funciona el reintegro?<\/strong><\/span><\/p>\n<p>El dinero ser\u00e1 acreditado en forma autom\u00e1tica en tu caja de ahorro a las 48 horas posteriores al pago por el banco que haya emitido la tarjeta que utilizaste en la compra.<\/p>\n<p><span style=\"color: #339966;\"><strong>\u00bfQui\u00e9nes participan?<\/strong><\/span><\/p>\n<p>Jubilados, pensionados, monotributistas y trabajadores en relaci\u00f3n de dependencia con ingresos de hasta 6 salarios m\u00ednimos<\/p>\n<p>La devoluci\u00f3n del IVA dispuesto por el Ministerio de Econom\u00eda se est\u00e1 realizando con todos los poseedores de la Billetera San Juan que est\u00e9 relacionada con una cuenta d\u00e9bito. En esa cuenta se realiza la devoluci\u00f3n a las 48 horas.<\/p>\n<p><span style=\"color: #339966;\"><strong>Billetera San Juan<\/strong><\/span><\/p>\n<p>Desde su puesta en marcha, en diciembre de 2022, al mes de octubre de2023, Billetera San Juan ha logrado crecer mes a mes y a la fecha suma 32.335 beneficiarios y 796 comercios adheridos, otorgando beneficios tanto al comprador, con el reintegro de hasta $4.000 mensuales; y al vendedor, con m\u00e1s ventas y una forma de cobrar simple, r\u00e1pida y segura.<\/p>\n<p><span style=\"color: #339966;\"><strong>\u00bfC\u00f3mo funciona?<\/strong><\/span><\/p>\n<p>Transformar el celular en una billetera, sin costo adicional, es muy sencillo.<\/p>\n<p>1-Entrar a Play Store desde tu tel\u00e9fono.<\/p>\n<p>2-Buscar y descargar la Billetera San Juan.<\/p>\n<p>3-Completar los datos.<\/p>\n<p>4- Cargar saldo.<\/p>\n<p>5-Ya se puede acceder a los beneficios en los comercios adheridos.<\/p>\n<p>Cualquier persona mayor de 18 a\u00f1os, bancarizada o no, puede acceder a los beneficios con el reintegro de Saldo Pluspagos en su app.<\/p>\n<p>Esta es una iniciativa del Gobierno de San Juan a trav\u00e9s del Ministerio de Producci\u00f3n y Desarrollo Econ\u00f3mico y el Ministerio de Hacienda y Finanzas en conjunto con Banco San Juan y Pluspagos.<\/p>\n<p>&nbsp;<\/p>\n<p>&nbsp;<\/p>\n","protected":false},"excerpt":{"rendered":"<p>El Compre sin IVA es un r\u00e9gimen de reintegros por compras realizadas en comercios con tarjeta de d\u00e9bito impulsado por<\/p>\n","protected":false},"author":3,"featured_media":64297,"comment_status":"closed","ping_status":"closed","sticky":false,"template":"","format":"standard","meta":{"_acf_changed":false,"_seopress_robots_primary_cat":"none","_seopress_titles_title":"","_seopress_titles_desc":"","_seopress_robots_index":"","colormag_page_container_layout":"default_layout","colormag_page_sidebar_layout":"default_layout","footnotes":""},"categories":[11],"tags":[],"class_list":["post-64274","post","type-post","status-publish","format-standard","has-post-thumbnail","hentry","category-sociales"],"acf":[],"_links":{"self":[{"href":"https:\/\/vocesparalelas.com.ar\/sitio\/wp-json\/wp\/v2\/posts\/64274","targetHints":{"allow":["GET"]}}],"collection":[{"href":"https:\/\/vocesparalelas.com.ar\/sitio\/wp-json\/wp\/v2\/posts"}],"about":[{"href":"https:\/\/vocesparalelas.com.ar\/sitio\/wp-json\/wp\/v2\/types\/post"}],"author":[{"embeddable":true,"href":"https:\/\/vocesparalelas.com.ar\/sitio\/wp-json\/wp\/v2\/users\/3"}],"replies":[{"embeddable":true,"href":"https:\/\/vocesparalelas.com.ar\/sitio\/wp-json\/wp\/v2\/comments?post=64274"}],"version-history":[{"count":1,"href":"https:\/\/vocesparalelas.com.ar\/sitio\/wp-json\/wp\/v2\/posts\/64274\/revisions"}],"predecessor-version":[{"id":64296,"href":"https:\/\/vocesparalelas.com.ar\/sitio\/wp-json\/wp\/v2\/posts\/64274\/revisions\/64296"}],"wp:featuredmedia":[{"embeddable":true,"href":"https:\/\/vocesparalelas.com.ar\/sitio\/wp-json\/wp\/v2\/media\/64297"}],"wp:attachment":[{"href":"https:\/\/vocesparalelas.com.ar\/sitio\/wp-json\/wp\/v2\/media?parent=64274"}],"wp:term":[{"taxonomy":"category","embeddable":true,"href":"https:\/\/vocesparalelas.com.ar\/sitio\/wp-json\/wp\/v2\/categories?post=64274"},{"taxonomy":"post_tag","embeddable":true,"href":"https:\/\/vocesparalelas.com.ar\/sitio\/wp-json\/wp\/v2\/tags?post=64274"}],"curies":[{"name":"wp","href":"https:\/\/api.w.org\/{rel}","templated":true}]}}