{"id":64269,"date":"2023-10-09T19:53:36","date_gmt":"2023-10-09T22:53:36","guid":{"rendered":"https:\/\/vocesparalelas.com.ar\/sitio\/?p=64269"},"modified":"2023-10-10T16:21:12","modified_gmt":"2023-10-10T19:21:12","slug":"creacion-de-registro-de-ciudadanos-argentinos-en-israel-y-en-palestina","status":"publish","type":"post","link":"https:\/\/vocesparalelas.com.ar\/sitio\/creacion-de-registro-de-ciudadanos-argentinos-en-israel-y-en-palestina\/","title":{"rendered":"Creaci\u00f3n de registro de ciudadanos argentinos en Israel y en Palestina"},"content":{"rendered":"<p>Tras los hechos sucedidos recientemente en el marco del conflicto israel\u00ed-palestino, los argentinos residentes en las zonas de los estados de Israel y Palestina pueden comunicarse con los consulados argentinos ante eventuales evacuaciones, dispuestos por la Canciller\u00eda Argentina.<\/p>\n<p>Canciller\u00eda Argentina anunci\u00f3 que el Consulado Argentino en Tel Aviv se encuentra elaborando un registro de las personas de nacionalidad argentina en territorio israel\u00ed y requieran de evacuaci\u00f3n, quienes podr\u00e1n anotarse enviando sus datos<\/p>\n<ul>\n<li>nombre y apellido,<\/li>\n<li>DNI,<\/li>\n<li>tel\u00e9fono,<\/li>\n<li>lugar donde se encuentra,<\/li>\n<li>contacto de familiar y<\/li>\n<li>condici\u00f3n m\u00e9dica de existir<\/li>\n<\/ul>\n<p>Deben comunicarse v\u00eda mail a trav\u00e9s de <span id=\"cloak2ae6d0fd0515e0198cf80b3e82bf29c6\"><a href=\"mailto:consultasargentinosisrael@mrecic.gov.ar\">consultasargentinosisrael@mrecic.gov.ar<\/a><\/span>.<\/p>\n<p>El organismo tambi\u00e9n avisa que quienes posean pasajes a\u00e9reos o puedan comprarlos, deben abordar a la brevedad los vuelos comerciales disponibles en el Aeropuerto Ben-Gurion.<\/p>\n<p>Para los ciudadanos argentinos que se encuentren en Palestina, deben comunicarse con la Oficina de Representaci\u00f3n en el Estado de Palestina a los n\u00fameros 00 970 2 241 2848 y 00 970 2 241 2849, de Domingo a Jueves, de 9 a 17 horas, o acercarse presencialmente a la Oficina situada en AL-Kawthar St., Edificio VP, cuarto piso, Al-Bireh en la ciudad de Ramallah.<\/p>\n<p>&nbsp;<\/p>\n<p>&nbsp;<\/p>\n","protected":false},"excerpt":{"rendered":"<p>Tras los hechos sucedidos recientemente en el marco del conflicto israel\u00ed-palestino, los argentinos residentes en las zonas de los estados<\/p>\n","protected":false},"author":3,"featured_media":64272,"comment_status":"closed","ping_status":"closed","sticky":false,"template":"","format":"standard","meta":{"_acf_changed":false,"_seopress_robots_primary_cat":"none","_seopress_titles_title":"","_seopress_titles_desc":"","_seopress_robots_index":"","colormag_page_container_layout":"default_layout","colormag_page_sidebar_layout":"default_layout","footnotes":""},"categories":[2],"tags":[],"class_list":["post-64269","post","type-post","status-publish","format-standard","has-post-thumbnail","hentry","category-convocatorias"],"acf":[],"_links":{"self":[{"href":"https:\/\/vocesparalelas.com.ar\/sitio\/wp-json\/wp\/v2\/posts\/64269","targetHints":{"allow":["GET"]}}],"collection":[{"href":"https:\/\/vocesparalelas.com.ar\/sitio\/wp-json\/wp\/v2\/posts"}],"about":[{"href":"https:\/\/vocesparalelas.com.ar\/sitio\/wp-json\/wp\/v2\/types\/post"}],"author":[{"embeddable":true,"href":"https:\/\/vocesparalelas.com.ar\/sitio\/wp-json\/wp\/v2\/users\/3"}],"replies":[{"embeddable":true,"href":"https:\/\/vocesparalelas.com.ar\/sitio\/wp-json\/wp\/v2\/comments?post=64269"}],"version-history":[{"count":1,"href":"https:\/\/vocesparalelas.com.ar\/sitio\/wp-json\/wp\/v2\/posts\/64269\/revisions"}],"predecessor-version":[{"id":64273,"href":"https:\/\/vocesparalelas.com.ar\/sitio\/wp-json\/wp\/v2\/posts\/64269\/revisions\/64273"}],"wp:featuredmedia":[{"embeddable":true,"href":"https:\/\/vocesparalelas.com.ar\/sitio\/wp-json\/wp\/v2\/media\/64272"}],"wp:attachment":[{"href":"https:\/\/vocesparalelas.com.ar\/sitio\/wp-json\/wp\/v2\/media?parent=64269"}],"wp:term":[{"taxonomy":"category","embeddable":true,"href":"https:\/\/vocesparalelas.com.ar\/sitio\/wp-json\/wp\/v2\/categories?post=64269"},{"taxonomy":"post_tag","embeddable":true,"href":"https:\/\/vocesparalelas.com.ar\/sitio\/wp-json\/wp\/v2\/tags?post=64269"}],"curies":[{"name":"wp","href":"https:\/\/api.w.org\/{rel}","templated":true}]}}