{"id":64261,"date":"2023-10-06T20:50:37","date_gmt":"2023-10-06T23:50:37","guid":{"rendered":"https:\/\/vocesparalelas.com.ar\/sitio\/?p=64261"},"modified":"2023-10-09T23:25:06","modified_gmt":"2023-10-10T02:25:06","slug":"entrega-de-certificados-diplomatura-en-gestion-ambiental-en-la-fi-de-la-unsj","status":"publish","type":"post","link":"https:\/\/vocesparalelas.com.ar\/sitio\/entrega-de-certificados-diplomatura-en-gestion-ambiental-en-la-fi-de-la-unsj\/","title":{"rendered":"Entrega de certificados \u00abDiplomatura en Gesti\u00f3n Ambiental\u00bb en la FI de la UNSJ"},"content":{"rendered":"<div dir=\"auto\">El Lunes, 9 de Octubre, a las 11 hs.; en el Aula de Estudios de Posgrado de la Facultad de Ingenier\u00eda de la Universidad Nacional de San Juan, se desarrolla el acto de entrega de certificados de la Diplomatura en Gesti\u00f3n Ambiental.<\/div>\n<div dir=\"auto\"><\/div>\n<div dir=\"auto\">La Diplomatura se orienta a formar profesionales para afrontar complejidades que implica la gesti\u00f3n ambiental para conocer los da\u00f1os causados por las pr\u00e1cticas humanas sobre la salud, sociedad y el ambiente, y mejorar las bases para la toma de decisiones tendientes a alcanzar los objetivos del desarrollo sustentable.<\/div>\n<div dir=\"auto\"><\/div>\n<div dir=\"auto\">Constituir esta oferta de posgrado permiti\u00f3 integrar la extensa experiencia del Departamento de Ingenier\u00eda Qu\u00edmica de la FI de la UNSJ y el Departamento de Estudios de Posgrado de la FI de la UNSJ, producto de un trabajo conjunto y coordinado para capacitar profesionales con herramientas de valor para proyectar la Gesti\u00f3n Ambiental en diferentes lugares de nuestra provincia y del pa\u00eds.<\/div>\n<div dir=\"auto\"><img loading=\"lazy\" decoding=\"async\" class=\"alignnone size-full wp-image-61631\" src=\"https:\/\/vocesparalelas.com.ar\/sitio\/wp-content\/uploads\/2023\/07\/FI-DEPARTAMENTO-QUIMICA.jpg\" alt=\"\" width=\"800\" height=\"533\" srcset=\"https:\/\/vocesparalelas.com.ar\/sitio\/wp-content\/uploads\/2023\/07\/FI-DEPARTAMENTO-QUIMICA.jpg 800w, https:\/\/vocesparalelas.com.ar\/sitio\/wp-content\/uploads\/2023\/07\/FI-DEPARTAMENTO-QUIMICA-300x200.jpg 300w, https:\/\/vocesparalelas.com.ar\/sitio\/wp-content\/uploads\/2023\/07\/FI-DEPARTAMENTO-QUIMICA-768x512.jpg 768w\" sizes=\"auto, (max-width: 800px) 100vw, 800px\" \/><\/div>\n<div dir=\"auto\"><\/div>\n<div dir=\"auto\"><\/div>\n","protected":false},"excerpt":{"rendered":"<p>El Lunes, 9 de Octubre, a las 11 hs.; en el Aula de Estudios de Posgrado de la Facultad de<\/p>\n","protected":false},"author":3,"featured_media":60280,"comment_status":"closed","ping_status":"closed","sticky":false,"template":"","format":"standard","meta":{"_acf_changed":false,"_seopress_robots_primary_cat":"none","_seopress_titles_title":"","_seopress_titles_desc":"","_seopress_robots_index":"","colormag_page_container_layout":"default_layout","colormag_page_sidebar_layout":"default_layout","footnotes":""},"categories":[1],"tags":[],"class_list":["post-64261","post","type-post","status-publish","format-standard","has-post-thumbnail","hentry","category-destacadas"],"acf":[],"_links":{"self":[{"href":"https:\/\/vocesparalelas.com.ar\/sitio\/wp-json\/wp\/v2\/posts\/64261","targetHints":{"allow":["GET"]}}],"collection":[{"href":"https:\/\/vocesparalelas.com.ar\/sitio\/wp-json\/wp\/v2\/posts"}],"about":[{"href":"https:\/\/vocesparalelas.com.ar\/sitio\/wp-json\/wp\/v2\/types\/post"}],"author":[{"embeddable":true,"href":"https:\/\/vocesparalelas.com.ar\/sitio\/wp-json\/wp\/v2\/users\/3"}],"replies":[{"embeddable":true,"href":"https:\/\/vocesparalelas.com.ar\/sitio\/wp-json\/wp\/v2\/comments?post=64261"}],"version-history":[{"count":3,"href":"https:\/\/vocesparalelas.com.ar\/sitio\/wp-json\/wp\/v2\/posts\/64261\/revisions"}],"predecessor-version":[{"id":64266,"href":"https:\/\/vocesparalelas.com.ar\/sitio\/wp-json\/wp\/v2\/posts\/64261\/revisions\/64266"}],"wp:featuredmedia":[{"embeddable":true,"href":"https:\/\/vocesparalelas.com.ar\/sitio\/wp-json\/wp\/v2\/media\/60280"}],"wp:attachment":[{"href":"https:\/\/vocesparalelas.com.ar\/sitio\/wp-json\/wp\/v2\/media?parent=64261"}],"wp:term":[{"taxonomy":"category","embeddable":true,"href":"https:\/\/vocesparalelas.com.ar\/sitio\/wp-json\/wp\/v2\/categories?post=64261"},{"taxonomy":"post_tag","embeddable":true,"href":"https:\/\/vocesparalelas.com.ar\/sitio\/wp-json\/wp\/v2\/tags?post=64261"}],"curies":[{"name":"wp","href":"https:\/\/api.w.org\/{rel}","templated":true}]}}