{"id":64253,"date":"2023-10-08T18:03:13","date_gmt":"2023-10-08T21:03:13","guid":{"rendered":"https:\/\/vocesparalelas.com.ar\/sitio\/?p=64253"},"modified":"2023-10-08T18:42:05","modified_gmt":"2023-10-08T21:42:05","slug":"conversatorio-todo-lo-solido-se-desvanece-en-el-aire-el-museo-en-el-siglo-xxi-en-san-juan","status":"publish","type":"post","link":"https:\/\/vocesparalelas.com.ar\/sitio\/conversatorio-todo-lo-solido-se-desvanece-en-el-aire-el-museo-en-el-siglo-xxi-en-san-juan\/","title":{"rendered":"Conversatorio \u00abTodo lo s\u00f3lido se desvanece en el aire. El Museo en el Siglo XXI\u00bb en San Juan"},"content":{"rendered":"<p>El Lunes, 9 de Octubre, a las 19 hs.; en el Auditorio del Museo Provincia de Bellas Artes Franklin Rawson, se desarrolla el Conversatorio \u00abTodo lo s\u00f3lido se desvanece en el aire. El Museo en el Siglo XXI\u00bb, con el invitado especial Ferr\u00e1n Barenblit en di\u00e1logo con Virginia Agote, Daniel Gil y Alberto S\u00e1nchez Maratta.<\/p>\n<p><span style=\"color: #666699;\"><strong>Ferr\u00e1n Barenblit<\/strong><\/span><\/p>\n<ul>\n<li>Naci\u00f3 en Buenos Aires, Rep\u00fablica Argentina en 1968.<\/li>\n<li>Es curador y director de museos reconocido internacionalmente.<\/li>\n<li>Ha liderado ininterrumpidamente tres museos en los \u00faltimos veinte a\u00f1os: MACBA Museo de Arte Contempor\u00e1neo de Barcelona 2015-2021; CA2M Centro de Arte Dos de Mayo de la Comunidad de Madrid 2008-2015 y CASM Centre d&#8217;Art Santa M\u00f2nica 2002-2008.<\/li>\n<li>Es experto en el conocimiento de los movimientos art\u00edsticos actuales, as\u00ed como de las complejidades pol\u00edticas y sociales de los museos y la necesidad de considerarlos como un catalizador esencial para una ciudadan\u00eda comprometida.<\/li>\n<\/ul>\n<figure id=\"attachment_39924\" aria-describedby=\"caption-attachment-39924\" style=\"width: 800px\" class=\"wp-caption alignnone\"><img loading=\"lazy\" decoding=\"async\" class=\"size-full wp-image-39924\" src=\"https:\/\/vocesparalelas.com.ar\/sitio\/wp-content\/uploads\/2021\/07\/MPBAFR-OBRA-02.jpg\" alt=\"\" width=\"800\" height=\"533\" srcset=\"https:\/\/vocesparalelas.com.ar\/sitio\/wp-content\/uploads\/2021\/07\/MPBAFR-OBRA-02.jpg 800w, https:\/\/vocesparalelas.com.ar\/sitio\/wp-content\/uploads\/2021\/07\/MPBAFR-OBRA-02-300x200.jpg 300w, https:\/\/vocesparalelas.com.ar\/sitio\/wp-content\/uploads\/2021\/07\/MPBAFR-OBRA-02-768x512.jpg 768w\" sizes=\"auto, (max-width: 800px) 100vw, 800px\" \/><figcaption id=\"caption-attachment-39924\" class=\"wp-caption-text\">Museo Provincial de Bellas Artes Franklin Rawson, Provincia San Juan, Rep\u00fablica Argentina<\/figcaption><\/figure>\n<p>&nbsp;<\/p>\n<p>&nbsp;<\/p>\n<p>&nbsp;<\/p>\n","protected":false},"excerpt":{"rendered":"<p>El Lunes, 9 de Octubre, a las 19 hs.; en el Auditorio del Museo Provincia de Bellas Artes Franklin Rawson,<\/p>\n","protected":false},"author":3,"featured_media":64256,"comment_status":"closed","ping_status":"closed","sticky":false,"template":"","format":"standard","meta":{"_acf_changed":false,"_seopress_robots_primary_cat":"none","_seopress_titles_title":"","_seopress_titles_desc":"","_seopress_robots_index":"","colormag_page_container_layout":"default_layout","colormag_page_sidebar_layout":"default_layout","footnotes":""},"categories":[1],"tags":[],"class_list":["post-64253","post","type-post","status-publish","format-standard","has-post-thumbnail","hentry","category-destacadas"],"acf":[],"_links":{"self":[{"href":"https:\/\/vocesparalelas.com.ar\/sitio\/wp-json\/wp\/v2\/posts\/64253","targetHints":{"allow":["GET"]}}],"collection":[{"href":"https:\/\/vocesparalelas.com.ar\/sitio\/wp-json\/wp\/v2\/posts"}],"about":[{"href":"https:\/\/vocesparalelas.com.ar\/sitio\/wp-json\/wp\/v2\/types\/post"}],"author":[{"embeddable":true,"href":"https:\/\/vocesparalelas.com.ar\/sitio\/wp-json\/wp\/v2\/users\/3"}],"replies":[{"embeddable":true,"href":"https:\/\/vocesparalelas.com.ar\/sitio\/wp-json\/wp\/v2\/comments?post=64253"}],"version-history":[{"count":3,"href":"https:\/\/vocesparalelas.com.ar\/sitio\/wp-json\/wp\/v2\/posts\/64253\/revisions"}],"predecessor-version":[{"id":64259,"href":"https:\/\/vocesparalelas.com.ar\/sitio\/wp-json\/wp\/v2\/posts\/64253\/revisions\/64259"}],"wp:featuredmedia":[{"embeddable":true,"href":"https:\/\/vocesparalelas.com.ar\/sitio\/wp-json\/wp\/v2\/media\/64256"}],"wp:attachment":[{"href":"https:\/\/vocesparalelas.com.ar\/sitio\/wp-json\/wp\/v2\/media?parent=64253"}],"wp:term":[{"taxonomy":"category","embeddable":true,"href":"https:\/\/vocesparalelas.com.ar\/sitio\/wp-json\/wp\/v2\/categories?post=64253"},{"taxonomy":"post_tag","embeddable":true,"href":"https:\/\/vocesparalelas.com.ar\/sitio\/wp-json\/wp\/v2\/tags?post=64253"}],"curies":[{"name":"wp","href":"https:\/\/api.w.org\/{rel}","templated":true}]}}