{"id":64233,"date":"2023-10-11T22:53:17","date_gmt":"2023-10-12T01:53:17","guid":{"rendered":"https:\/\/vocesparalelas.com.ar\/sitio\/?p=64233"},"modified":"2023-10-12T01:10:49","modified_gmt":"2023-10-12T04:10:49","slug":"sincronismo-concierto-de-clarinete-con-marcelo-gonzalez-en-el-auditorio-ing-juan-victoria-de-san-juan","status":"publish","type":"post","link":"https:\/\/vocesparalelas.com.ar\/sitio\/sincronismo-concierto-de-clarinete-con-marcelo-gonzalez-en-el-auditorio-ing-juan-victoria-de-san-juan\/","title":{"rendered":"\u00abSincronismo\u00bb concierto de clarinete con Marcelo Gonz\u00e1lez en el Auditorio Ing. Juan Victoria de San Juan"},"content":{"rendered":"<p>El Jueves, 12 de Octubre, a las 21 hs.; en el Auditorio Ing. Juan Victoria se desarrolla otras presentaci\u00f3n en el marco del 1\u00b0 Festival Internacional de M\u00fasica de C\u00e1mara 2023, con \u00abSincronismo\u00bb, un concierto de clarinete con Marcelo Gonz\u00e1lez, con entrada libre y gratuita.<\/p>\n<p>En la previa al concierto de c\u00e1mara Sincronismo el Prof. Marcelo Gonz\u00e1lez brinda una chala \u00abMelod\u00edas en el Siglo XXI\u00bb, el Martes, 10 de Octubre, a las 18 hs.; en el Aula 9 del Primer piso del Auditorio Ing. Juan Victoria, a 50 a\u00f1os de la Universidad Nacional de San Juan.<\/p>\n<figure id=\"attachment_64239\" aria-describedby=\"caption-attachment-64239\" style=\"width: 800px\" class=\"wp-caption alignnone\"><img loading=\"lazy\" decoding=\"async\" class=\"size-full wp-image-64239\" src=\"https:\/\/vocesparalelas.com.ar\/sitio\/wp-content\/uploads\/2023\/10\/FFHA-SANCHEZ-CLARINETE-02.jpg\" alt=\"\" width=\"800\" height=\"456\" srcset=\"https:\/\/vocesparalelas.com.ar\/sitio\/wp-content\/uploads\/2023\/10\/FFHA-SANCHEZ-CLARINETE-02.jpg 800w, https:\/\/vocesparalelas.com.ar\/sitio\/wp-content\/uploads\/2023\/10\/FFHA-SANCHEZ-CLARINETE-02-300x171.jpg 300w, https:\/\/vocesparalelas.com.ar\/sitio\/wp-content\/uploads\/2023\/10\/FFHA-SANCHEZ-CLARINETE-02-768x438.jpg 768w\" sizes=\"auto, (max-width: 800px) 100vw, 800px\" \/><figcaption id=\"caption-attachment-64239\" class=\"wp-caption-text\">Prof. Marcelo Gonz\u00e1lez con su clarinete<\/figcaption><\/figure>\n<p>&nbsp;<\/p>\n<p><iframe loading=\"lazy\" title=\"FFHA UNSJ CLARINETE PROF MARCELO GONZ\u00c1LEZ\" width=\"800\" height=\"450\" src=\"https:\/\/www.youtube.com\/embed\/Zdnl3DLxaZU?feature=oembed\" frameborder=\"0\" allow=\"accelerometer; autoplay; clipboard-write; encrypted-media; gyroscope; picture-in-picture; web-share\" allowfullscreen><\/iframe><\/p>\n<p>Por ello, Voces Paralelas desarroll\u00f3 una entrevista period\u00edstica al integrante del Centro de Creaci\u00f3n Art\u00edstica Orquestal de la FFHA de la UNSJ, Prof. Pablo Blanco, quien describi\u00f3 el nuevo desaf\u00edo musical para disfrutar con \u00abSincronismo\u00bb con el gran especialista en clarinete Marcelo Gonz\u00e1lez.<\/p>\n<p><iframe loading=\"lazy\" title=\"FFHA UNSJ PROF. PABLO BLANCO\" width=\"800\" height=\"450\" src=\"https:\/\/www.youtube.com\/embed\/tGzvw8LCNgU?feature=oembed\" frameborder=\"0\" allow=\"accelerometer; autoplay; clipboard-write; encrypted-media; gyroscope; picture-in-picture; web-share\" allowfullscreen><\/iframe><\/p>\n<p>&nbsp;<\/p>\n<p><strong><span style=\"color: #339966;\">Organizan<\/span><\/strong><\/p>\n<ul>\n<li>Universidad Nacional de San Juan<\/li>\n<li>Facultad de Filosof\u00eda, Humanidades y Artes<\/li>\n<li>Centro de Creaci\u00f3n Art\u00edstica Orquestal<\/li>\n<li>Secretaria de Extensi\u00f3n Universitaria de la FFHA de la UNSJ<\/li>\n<\/ul>\n<p>&nbsp;<\/p>\n<p><img loading=\"lazy\" decoding=\"async\" class=\"alignnone size-full wp-image-61468\" src=\"https:\/\/vocesparalelas.com.ar\/sitio\/wp-content\/uploads\/2023\/07\/AUDITORIO-EDIFICIO.jpg\" alt=\"\" width=\"800\" height=\"533\" srcset=\"https:\/\/vocesparalelas.com.ar\/sitio\/wp-content\/uploads\/2023\/07\/AUDITORIO-EDIFICIO.jpg 800w, https:\/\/vocesparalelas.com.ar\/sitio\/wp-content\/uploads\/2023\/07\/AUDITORIO-EDIFICIO-300x200.jpg 300w, https:\/\/vocesparalelas.com.ar\/sitio\/wp-content\/uploads\/2023\/07\/AUDITORIO-EDIFICIO-768x512.jpg 768w\" sizes=\"auto, (max-width: 800px) 100vw, 800px\" \/><\/p>\n<p>&nbsp;<\/p>\n<p><img loading=\"lazy\" decoding=\"async\" class=\"alignnone size-full wp-image-53945\" src=\"https:\/\/vocesparalelas.com.ar\/sitio\/wp-content\/uploads\/2022\/10\/UNSJ-LOGO-50-FINAL.jpg\" alt=\"\" width=\"800\" height=\"476\" srcset=\"https:\/\/vocesparalelas.com.ar\/sitio\/wp-content\/uploads\/2022\/10\/UNSJ-LOGO-50-FINAL.jpg 800w, https:\/\/vocesparalelas.com.ar\/sitio\/wp-content\/uploads\/2022\/10\/UNSJ-LOGO-50-FINAL-300x179.jpg 300w, https:\/\/vocesparalelas.com.ar\/sitio\/wp-content\/uploads\/2022\/10\/UNSJ-LOGO-50-FINAL-768x457.jpg 768w\" sizes=\"auto, (max-width: 800px) 100vw, 800px\" \/><\/p>\n<p><img loading=\"lazy\" decoding=\"async\" class=\"alignnone size-full wp-image-54035\" src=\"https:\/\/vocesparalelas.com.ar\/sitio\/wp-content\/uploads\/2022\/11\/UNSJ-LOGO-10.jpg\" alt=\"\" width=\"800\" height=\"533\" srcset=\"https:\/\/vocesparalelas.com.ar\/sitio\/wp-content\/uploads\/2022\/11\/UNSJ-LOGO-10.jpg 800w, https:\/\/vocesparalelas.com.ar\/sitio\/wp-content\/uploads\/2022\/11\/UNSJ-LOGO-10-300x200.jpg 300w, https:\/\/vocesparalelas.com.ar\/sitio\/wp-content\/uploads\/2022\/11\/UNSJ-LOGO-10-768x512.jpg 768w\" sizes=\"auto, (max-width: 800px) 100vw, 800px\" \/><\/p>\n","protected":false},"excerpt":{"rendered":"<p>El Jueves, 12 de Octubre, a las 21 hs.; en el Auditorio Ing. Juan Victoria se desarrolla otras presentaci\u00f3n en<\/p>\n","protected":false},"author":3,"featured_media":64236,"comment_status":"closed","ping_status":"closed","sticky":false,"template":"","format":"standard","meta":{"_acf_changed":false,"_seopress_robots_primary_cat":"none","_seopress_titles_title":"","_seopress_titles_desc":"","_seopress_robots_index":"","colormag_page_container_layout":"default_layout","colormag_page_sidebar_layout":"default_layout","footnotes":""},"categories":[1,7],"tags":[],"class_list":["post-64233","post","type-post","status-publish","format-standard","has-post-thumbnail","hentry","category-destacadas","category-videos"],"acf":[],"_links":{"self":[{"href":"https:\/\/vocesparalelas.com.ar\/sitio\/wp-json\/wp\/v2\/posts\/64233","targetHints":{"allow":["GET"]}}],"collection":[{"href":"https:\/\/vocesparalelas.com.ar\/sitio\/wp-json\/wp\/v2\/posts"}],"about":[{"href":"https:\/\/vocesparalelas.com.ar\/sitio\/wp-json\/wp\/v2\/types\/post"}],"author":[{"embeddable":true,"href":"https:\/\/vocesparalelas.com.ar\/sitio\/wp-json\/wp\/v2\/users\/3"}],"replies":[{"embeddable":true,"href":"https:\/\/vocesparalelas.com.ar\/sitio\/wp-json\/wp\/v2\/comments?post=64233"}],"version-history":[{"count":2,"href":"https:\/\/vocesparalelas.com.ar\/sitio\/wp-json\/wp\/v2\/posts\/64233\/revisions"}],"predecessor-version":[{"id":64378,"href":"https:\/\/vocesparalelas.com.ar\/sitio\/wp-json\/wp\/v2\/posts\/64233\/revisions\/64378"}],"wp:featuredmedia":[{"embeddable":true,"href":"https:\/\/vocesparalelas.com.ar\/sitio\/wp-json\/wp\/v2\/media\/64236"}],"wp:attachment":[{"href":"https:\/\/vocesparalelas.com.ar\/sitio\/wp-json\/wp\/v2\/media?parent=64233"}],"wp:term":[{"taxonomy":"category","embeddable":true,"href":"https:\/\/vocesparalelas.com.ar\/sitio\/wp-json\/wp\/v2\/categories?post=64233"},{"taxonomy":"post_tag","embeddable":true,"href":"https:\/\/vocesparalelas.com.ar\/sitio\/wp-json\/wp\/v2\/tags?post=64233"}],"curies":[{"name":"wp","href":"https:\/\/api.w.org\/{rel}","templated":true}]}}